{"id":72472,"date":"2021-01-11T01:14:28","date_gmt":"2021-01-11T04:14:28","guid":{"rendered":"http:\/\/infoecos.com.ar\/?p=72472"},"modified":"2021-01-11T01:14:30","modified_gmt":"2021-01-11T04:14:30","slug":"156-casos-activos-de-covid-19-se-reportaron-el-domingo-en-trenque-lauquen","status":"publish","type":"post","link":"https:\/\/infoecos.com.ar\/index.php\/156-casos-activos-de-covid-19-se-reportaron-el-domingo-en-trenque-lauquen\/","title":{"rendered":"156 casos activos de COVID-19 se reportaron el domingo en Trenque Lauquen"},"content":{"rendered":"\n<p class=\"wp-block-paragraph\">La subsecretar\u00eda de Salud municipal de Trenque Lauquen report\u00f3 este domingo 156 casos activos de Covid-19, luego de confirmar en las \u00faltimas 24 horas otros 21 casos -15 por hisopado y seis (6) por criterio o nexo epidemiol\u00f3gico seg\u00fan protocolo actualizado vigente- y la recuperaci\u00f3n de 15 personas m\u00e1s, adem\u00e1s de haberse descartado 22 casos.<\/p>\n\n\n\n<div class=\"wp-block-image\"><figure class=\"aligncenter size-medium\"><img loading=\"lazy\" decoding=\"async\" width=\"460\" height=\"460\" src=\"http:\/\/infoecos.com.ar\/wp-content\/uploads\/2021\/01\/REPORTEDOMINGO-460x460.jpg\" alt=\"\" class=\"wp-image-72473\" srcset=\"https:\/\/infoecos.com.ar\/wp-content\/uploads\/2021\/01\/REPORTEDOMINGO-460x460.jpg 460w, https:\/\/infoecos.com.ar\/wp-content\/uploads\/2021\/01\/REPORTEDOMINGO-920x920.jpg 920w, https:\/\/infoecos.com.ar\/wp-content\/uploads\/2021\/01\/REPORTEDOMINGO-150x150.jpg 150w, https:\/\/infoecos.com.ar\/wp-content\/uploads\/2021\/01\/REPORTEDOMINGO-768x769.jpg 768w, https:\/\/infoecos.com.ar\/wp-content\/uploads\/2021\/01\/REPORTEDOMINGO-1024x1025.jpg 1024w, https:\/\/infoecos.com.ar\/wp-content\/uploads\/2021\/01\/REPORTEDOMINGO.jpg 1279w\" sizes=\"auto, (max-width: 460px) 100vw, 460px\" \/><\/figure><\/div>\n\n\n\n<p class=\"wp-block-paragraph\">Diecisiete de los nuevos casos confirmados corresponden a Trenque Lauquen, uno de ellos a un personal de salud, y cuatro (4) a Treinta de Agosto \u2013todos por testeo-.<\/p>\n\n\n\n<p class=\"wp-block-paragraph\">De los 156 casos activos -142 de Trenque Lauquen y 14 de Treinta de Agosto-, ocho (8) se encuentran en el Hospital Municipal, siete (7) en el Centro Extrahospitalario que funciona en el ex Hotel Pailla Hu\u00e9 y 141 en sus domicilios particulares.<\/p>\n\n\n\n<p class=\"wp-block-paragraph\">Con las 15 personas recuperadas hoy, que son de Trenque Lauquen, ascienden a 1.303 las que recibieron el alta desde el comienzo de la pandemia, en marzo pasado, en tanto que en ese mismo per\u00edodo, los casos descartados, incluidos los 22 de la fecha -20 de la ciudad cabecera y dos (2) de Treinta de Agosto- suman 2.986.<\/p>\n\n\n\n<p class=\"wp-block-paragraph\">Hay 99 casos sospechosos -85 de Trenque Lauquen y 14 de Treinta de Agosto- y 336 personas en aislamiento, -253 de la ciudad cabecera y 83 de Treinta de Agosto-.<\/p>\n","protected":false},"excerpt":{"rendered":"<p>Diecisiete de los nuevos casos confirmados corresponden a Trenque Lauquen, uno de ellos a un personal de salud, y cuatro (4) a Treinta de Agosto \u2013todos por testeo-<\/p>\n","protected":false},"author":2,"featured_media":60374,"comment_status":"closed","ping_status":"open","sticky":false,"template":"","format":"standard","meta":{"footnotes":""},"categories":[45],"tags":[1785],"class_list":["post-72472","post","type-post","status-publish","format-standard","has-post-thumbnail","hentry","category-c1nota2","tag-coronavirus"],"featured_image_urls":{"full":["https:\/\/infoecos.com.ar\/wp-content\/uploads\/tl45guardiahospital-2.jpg",912,608,false],"thumbnail":["https:\/\/infoecos.com.ar\/wp-content\/uploads\/tl45guardiahospital-2-150x150.jpg",150,150,true],"medium":["https:\/\/infoecos.com.ar\/wp-content\/uploads\/tl45guardiahospital-2-460x307.jpg",460,307,true],"medium_large":["https:\/\/infoecos.com.ar\/wp-content\/uploads\/tl45guardiahospital-2-768x512.jpg",640,427,true],"large":["https:\/\/infoecos.com.ar\/wp-content\/uploads\/tl45guardiahospital-2.jpg",640,427,false],"1536x1536":["https:\/\/infoecos.com.ar\/wp-content\/uploads\/tl45guardiahospital-2.jpg",912,608,false],"2048x2048":["https:\/\/infoecos.com.ar\/wp-content\/uploads\/tl45guardiahospital-2.jpg",912,608,false],"covernews-slider-full":["https:\/\/infoecos.com.ar\/wp-content\/uploads\/tl45guardiahospital-2.jpg",912,608,false],"covernews-slider-center":["https:\/\/infoecos.com.ar\/wp-content\/uploads\/tl45guardiahospital-2.jpg",750,500,false],"covernews-featured":["https:\/\/infoecos.com.ar\/wp-content\/uploads\/tl45guardiahospital-2.jpg",912,608,false],"covernews-medium":["https:\/\/infoecos.com.ar\/wp-content\/uploads\/tl45guardiahospital-2-720x380.jpg",540,285,true],"covernews-medium-square":["https:\/\/infoecos.com.ar\/wp-content\/uploads\/tl45guardiahospital-2-675x450.jpg",375,250,true]},"author_info":{"info":["Jorge Matheus"]},"category_info":"<a href=\"https:\/\/infoecos.com.ar\/index.php\/category\/c1nota2\/\" rel=\"category tag\">C1 N2<\/a>","tag_info":"C1 N2","comment_count":"0","_links":{"self":[{"href":"https:\/\/infoecos.com.ar\/index.php\/wp-json\/wp\/v2\/posts\/72472","targetHints":{"allow":["GET"]}}],"collection":[{"href":"https:\/\/infoecos.com.ar\/index.php\/wp-json\/wp\/v2\/posts"}],"about":[{"href":"https:\/\/infoecos.com.ar\/index.php\/wp-json\/wp\/v2\/types\/post"}],"author":[{"embeddable":true,"href":"https:\/\/infoecos.com.ar\/index.php\/wp-json\/wp\/v2\/users\/2"}],"replies":[{"embeddable":true,"href":"https:\/\/infoecos.com.ar\/index.php\/wp-json\/wp\/v2\/comments?post=72472"}],"version-history":[{"count":1,"href":"https:\/\/infoecos.com.ar\/index.php\/wp-json\/wp\/v2\/posts\/72472\/revisions"}],"predecessor-version":[{"id":72474,"href":"https:\/\/infoecos.com.ar\/index.php\/wp-json\/wp\/v2\/posts\/72472\/revisions\/72474"}],"wp:featuredmedia":[{"embeddable":true,"href":"https:\/\/infoecos.com.ar\/index.php\/wp-json\/wp\/v2\/media\/60374"}],"wp:attachment":[{"href":"https:\/\/infoecos.com.ar\/index.php\/wp-json\/wp\/v2\/media?parent=72472"}],"wp:term":[{"taxonomy":"category","embeddable":true,"href":"https:\/\/infoecos.com.ar\/index.php\/wp-json\/wp\/v2\/categories?post=72472"},{"taxonomy":"post_tag","embeddable":true,"href":"https:\/\/infoecos.com.ar\/index.php\/wp-json\/wp\/v2\/tags?post=72472"}],"curies":[{"name":"wp","href":"https:\/\/api.w.org\/{rel}","templated":true}]}}