{"id":72481,"date":"2021-01-11T01:34:27","date_gmt":"2021-01-11T04:34:27","guid":{"rendered":"http:\/\/infoecos.com.ar\/?p=72481"},"modified":"2021-01-11T01:36:07","modified_gmt":"2021-01-11T04:36:07","slug":"los-118-municipios-donde-se-aplicara-la-restriccion-sanitaria-en-la-provincia-de-buenos-aires","status":"publish","type":"post","link":"https:\/\/infoecos.com.ar\/index.php\/los-118-municipios-donde-se-aplicara-la-restriccion-sanitaria-en-la-provincia-de-buenos-aires\/","title":{"rendered":"Los 118 municipios donde se aplicar\u00e1 la restricci\u00f3n sanitaria en la provincia de Buenos Aires"},"content":{"rendered":"\n<p class=\"wp-block-paragraph\">Las medidas sobre restricciones sanitarias en la provincia de Buenos Aires se aplicar\u00e1n en 118 de los 135 municipios.<\/p>\n\n\n\n<div class=\"wp-block-image\"><figure class=\"aligncenter size-medium\"><img loading=\"lazy\" decoding=\"async\" width=\"460\" height=\"460\" src=\"http:\/\/infoecos.com.ar\/wp-content\/uploads\/2020\/09\/regionsanitaria-460x460.jpg\" alt=\"\" class=\"wp-image-68238\" srcset=\"https:\/\/infoecos.com.ar\/wp-content\/uploads\/2020\/09\/regionsanitaria-460x460.jpg 460w, https:\/\/infoecos.com.ar\/wp-content\/uploads\/2020\/09\/regionsanitaria-150x150.jpg 150w, https:\/\/infoecos.com.ar\/wp-content\/uploads\/2020\/09\/regionsanitaria.jpg 720w\" sizes=\"auto, (max-width: 460px) 100vw, 460px\" \/><\/figure><\/div>\n\n\n\n<p class=\"wp-block-paragraph\">Estos son: <\/p>\n\n\n\n<h3 class=\"wp-block-heading\">Fase 3<\/h3>\n\n\n\n<p class=\"wp-block-paragraph\">Arrecifes, Balcarce, Bolivar, Lincoln, Lober\u00eda, Pu\u00e1n, Rauch, Salliquel\u00f3 y Suipacha.<\/p>\n\n\n\n<h3 class=\"wp-block-heading\">Fase 4<\/h3>\n\n\n\n<p class=\"wp-block-paragraph\">25 de Mayo, 9 de Julio, Adolfo Alsina, Alberti, Almirante Brown, Avellaneda, Ayacucho, Azul, Bah\u00eda Blanca, Baradero, Benito Ju\u00e1rez, Berazategui, Berisso, Bragado, Brandsen, Campana, Ca\u00f1uelas, Capit\u00e1n Sarmiento, Carlos Casares, Carmen de Areco, Chacabuco, Chascom\u00fas, Chivilcoy, Col\u00f3n, Coronel Rosales, Coronel Dorrego, Coronel Su\u00e1rez, Daireaux, Dolores, Ensenada, Escobar, Esteban Echeverr\u00eda, Exaltaci\u00f3n de la Cruz, Ezeiza, Florencio Varela, Florentino Ameghino, General Alvarado, General Alvear, General Arenales, General Juan Madariaga, General La Madrid, General Las Heras, General Pinto, General Pueyrred\u00f3n, General Rodr\u00edguez, General San Mart\u00edn, General Viamonte, General Villegas, Hip\u00f3lito Yrigoyen, Hurlingham, Ituzaing\u00f3, Jos\u00e9 C. Paz, Jun\u00edn, La Costa, La Matanza, La Plata, Lan\u00fas, Laprida, Las Flores, Lobos, Lomas de Zamora, Luj\u00e1n, Magdalena, Maip\u00fa, Malvinas Argentinas, Mar Chiquita, Marcos Paz, Mercedes, Merlo, Monte, Monte Hermoso, Moreno, Mor\u00f3n, Navarro, Necochea, Olavarr\u00eda, Patagones, Pehuaj\u00f3, Pellegrini, Pergamino, Pilar, Pinamar, Presidente Per\u00f3n, Quilmes, Ramallo, Rivadavia, Rojas, Roque P\u00e9rez, Saavedra, Saladillo, Salto, San Andr\u00e9s de Giles, San Antonio de Areco, San Fernando, San Isidro, San Miguel, San Nicol\u00e1s, San Pedro, San Vicente, Tandil, Tigre, Tornquist, Trenque Lauquen, Tres Arroyos, Tres de Febrero, Tres Lomas, Vicente L\u00f3pez, Villa Gesell y Z\u00e1rate.<\/p>\n\n\n\n<p class=\"wp-block-paragraph\"><\/p>\n","protected":false},"excerpt":{"rendered":"<p>Son los que se encuentran en Fase 3 y 4. Figuran varios de esta regi\u00f3n de la provincia de Buenos Aires<\/p>\n","protected":false},"author":2,"featured_media":68238,"comment_status":"closed","ping_status":"open","sticky":false,"template":"","format":"standard","meta":{"footnotes":""},"categories":[48],"tags":[1785],"class_list":["post-72481","post","type-post","status-publish","format-standard","has-post-thumbnail","hentry","category-c2nota3","tag-coronavirus"],"featured_image_urls":{"full":["https:\/\/infoecos.com.ar\/wp-content\/uploads\/2020\/09\/regionsanitaria.jpg",720,720,false],"thumbnail":["https:\/\/infoecos.com.ar\/wp-content\/uploads\/2020\/09\/regionsanitaria-150x150.jpg",150,150,true],"medium":["https:\/\/infoecos.com.ar\/wp-content\/uploads\/2020\/09\/regionsanitaria-460x460.jpg",460,460,true],"medium_large":["https:\/\/infoecos.com.ar\/wp-content\/uploads\/2020\/09\/regionsanitaria.jpg",640,640,false],"large":["https:\/\/infoecos.com.ar\/wp-content\/uploads\/2020\/09\/regionsanitaria.jpg",640,640,false],"1536x1536":["https:\/\/infoecos.com.ar\/wp-content\/uploads\/2020\/09\/regionsanitaria.jpg",720,720,false],"2048x2048":["https:\/\/infoecos.com.ar\/wp-content\/uploads\/2020\/09\/regionsanitaria.jpg",720,720,false],"covernews-slider-full":["https:\/\/infoecos.com.ar\/wp-content\/uploads\/2020\/09\/regionsanitaria.jpg",715,715,false],"covernews-slider-center":["https:\/\/infoecos.com.ar\/wp-content\/uploads\/2020\/09\/regionsanitaria.jpg",500,500,false],"covernews-featured":["https:\/\/infoecos.com.ar\/wp-content\/uploads\/2020\/09\/regionsanitaria.jpg",720,720,false],"covernews-medium":["https:\/\/infoecos.com.ar\/wp-content\/uploads\/2020\/09\/regionsanitaria-720x380.jpg",540,285,true],"covernews-medium-square":["https:\/\/infoecos.com.ar\/wp-content\/uploads\/2020\/09\/regionsanitaria-675x450.jpg",375,250,true]},"author_info":{"info":["Jorge Matheus"]},"category_info":"<a href=\"https:\/\/infoecos.com.ar\/index.php\/category\/c2nota3\/\" rel=\"category tag\">C2 N3<\/a>","tag_info":"C2 N3","comment_count":"0","_links":{"self":[{"href":"https:\/\/infoecos.com.ar\/index.php\/wp-json\/wp\/v2\/posts\/72481","targetHints":{"allow":["GET"]}}],"collection":[{"href":"https:\/\/infoecos.com.ar\/index.php\/wp-json\/wp\/v2\/posts"}],"about":[{"href":"https:\/\/infoecos.com.ar\/index.php\/wp-json\/wp\/v2\/types\/post"}],"author":[{"embeddable":true,"href":"https:\/\/infoecos.com.ar\/index.php\/wp-json\/wp\/v2\/users\/2"}],"replies":[{"embeddable":true,"href":"https:\/\/infoecos.com.ar\/index.php\/wp-json\/wp\/v2\/comments?post=72481"}],"version-history":[{"count":2,"href":"https:\/\/infoecos.com.ar\/index.php\/wp-json\/wp\/v2\/posts\/72481\/revisions"}],"predecessor-version":[{"id":72484,"href":"https:\/\/infoecos.com.ar\/index.php\/wp-json\/wp\/v2\/posts\/72481\/revisions\/72484"}],"wp:featuredmedia":[{"embeddable":true,"href":"https:\/\/infoecos.com.ar\/index.php\/wp-json\/wp\/v2\/media\/68238"}],"wp:attachment":[{"href":"https:\/\/infoecos.com.ar\/index.php\/wp-json\/wp\/v2\/media?parent=72481"}],"wp:term":[{"taxonomy":"category","embeddable":true,"href":"https:\/\/infoecos.com.ar\/index.php\/wp-json\/wp\/v2\/categories?post=72481"},{"taxonomy":"post_tag","embeddable":true,"href":"https:\/\/infoecos.com.ar\/index.php\/wp-json\/wp\/v2\/tags?post=72481"}],"curies":[{"name":"wp","href":"https:\/\/api.w.org\/{rel}","templated":true}]}}