{"id":72488,"date":"2021-01-11T01:44:54","date_gmt":"2021-01-11T04:44:54","guid":{"rendered":"http:\/\/infoecos.com.ar\/?p=72488"},"modified":"2021-01-11T01:44:57","modified_gmt":"2021-01-11T04:44:57","slug":"sigue-siendo-alto-el-numero-de-casos-activos-en-salliquelo-este-domingo-303","status":"publish","type":"post","link":"https:\/\/infoecos.com.ar\/index.php\/sigue-siendo-alto-el-numero-de-casos-activos-en-salliquelo-este-domingo-303\/","title":{"rendered":"Sigue siendo alto el n\u00famero de casos activos en Salliquel\u00f3: este domingo 303"},"content":{"rendered":"\n<div class=\"wp-block-image\"><figure class=\"aligncenter size-medium\"><img loading=\"lazy\" decoding=\"async\" width=\"460\" height=\"386\" src=\"http:\/\/infoecos.com.ar\/wp-content\/uploads\/2021\/01\/reportesalliquelo-1-460x386.png\" alt=\"\" class=\"wp-image-72489\" srcset=\"https:\/\/infoecos.com.ar\/wp-content\/uploads\/2021\/01\/reportesalliquelo-1-460x386.png 460w, https:\/\/infoecos.com.ar\/wp-content\/uploads\/2021\/01\/reportesalliquelo-1-920x771.png 920w, https:\/\/infoecos.com.ar\/wp-content\/uploads\/2021\/01\/reportesalliquelo-1-768x644.png 768w, https:\/\/infoecos.com.ar\/wp-content\/uploads\/2021\/01\/reportesalliquelo-1-936x788.png 936w, https:\/\/infoecos.com.ar\/wp-content\/uploads\/2021\/01\/reportesalliquelo-1.png 940w\" sizes=\"auto, (max-width: 460px) 100vw, 460px\" \/><\/figure><\/div>\n","protected":false},"excerpt":{"rendered":"<p>196 por criterio cl\u00ednico epidemiol\u00f3gico, 107 por laboratorio. Hay 9 personas en internaci\u00f3n<\/p>\n","protected":false},"author":2,"featured_media":49047,"comment_status":"closed","ping_status":"open","sticky":false,"template":"","format":"standard","meta":{"footnotes":""},"categories":[50],"tags":[1785],"class_list":["post-72488","post","type-post","status-publish","format-standard","has-post-thumbnail","hentry","category-c1nota4","tag-coronavirus"],"featured_image_urls":{"full":"","thumbnail":"","medium":"","medium_large":"","large":"","1536x1536":"","2048x2048":"","covernews-slider-full":"","covernews-slider-center":"","covernews-featured":"","covernews-medium":"","covernews-medium-square":""},"author_info":{"info":["Jorge Matheus"]},"category_info":"<a href=\"https:\/\/infoecos.com.ar\/index.php\/category\/c1nota4\/\" rel=\"category tag\">C1 N4<\/a>","tag_info":"C1 N4","comment_count":"0","_links":{"self":[{"href":"https:\/\/infoecos.com.ar\/index.php\/wp-json\/wp\/v2\/posts\/72488","targetHints":{"allow":["GET"]}}],"collection":[{"href":"https:\/\/infoecos.com.ar\/index.php\/wp-json\/wp\/v2\/posts"}],"about":[{"href":"https:\/\/infoecos.com.ar\/index.php\/wp-json\/wp\/v2\/types\/post"}],"author":[{"embeddable":true,"href":"https:\/\/infoecos.com.ar\/index.php\/wp-json\/wp\/v2\/users\/2"}],"replies":[{"embeddable":true,"href":"https:\/\/infoecos.com.ar\/index.php\/wp-json\/wp\/v2\/comments?post=72488"}],"version-history":[{"count":1,"href":"https:\/\/infoecos.com.ar\/index.php\/wp-json\/wp\/v2\/posts\/72488\/revisions"}],"predecessor-version":[{"id":72490,"href":"https:\/\/infoecos.com.ar\/index.php\/wp-json\/wp\/v2\/posts\/72488\/revisions\/72490"}],"wp:attachment":[{"href":"https:\/\/infoecos.com.ar\/index.php\/wp-json\/wp\/v2\/media?parent=72488"}],"wp:term":[{"taxonomy":"category","embeddable":true,"href":"https:\/\/infoecos.com.ar\/index.php\/wp-json\/wp\/v2\/categories?post=72488"},{"taxonomy":"post_tag","embeddable":true,"href":"https:\/\/infoecos.com.ar\/index.php\/wp-json\/wp\/v2\/tags?post=72488"}],"curies":[{"name":"wp","href":"https:\/\/api.w.org\/{rel}","templated":true}]}}