{"id":72508,"date":"2021-01-11T15:27:27","date_gmt":"2021-01-11T18:27:27","guid":{"rendered":"http:\/\/infoecos.com.ar\/?p=72508"},"modified":"2021-01-11T15:27:30","modified_gmt":"2021-01-11T18:27:30","slug":"vecina-de-30-de-agosto-murio-por-coronavirus-y-hay-158-casos-activos","status":"publish","type":"post","link":"https:\/\/infoecos.com.ar\/index.php\/vecina-de-30-de-agosto-murio-por-coronavirus-y-hay-158-casos-activos\/","title":{"rendered":"Vecina de 30 de Agosto muri\u00f3 por coronavirus y hay 158 casos activos"},"content":{"rendered":"\n<p class=\"wp-block-paragraph\">Una persona fallecida, 18 nuevos casos de Covid-19 confirmados \u201315 por testeo y tres (3) por criterio o nexo epidemiol\u00f3gico seg\u00fan protocolo actualizado vigente-, 15 personas recuperadas m\u00e1s y otros 30 casos descartados fueron reportados este lunes por la subsecretar\u00eda de Salud municipal de Trenque Lauquen, precisando, adem\u00e1s, que con estos datos el n\u00famero de activos en el distrito experiment\u00f3 una suba de 156 a 158.<\/p>\n\n\n\n<div class=\"wp-block-image\"><figure class=\"aligncenter size-medium\"><img loading=\"lazy\" decoding=\"async\" width=\"460\" height=\"460\" src=\"http:\/\/infoecos.com.ar\/wp-content\/uploads\/2021\/01\/reportetllunes-460x460.jpg\" alt=\"\" class=\"wp-image-72509\" srcset=\"https:\/\/infoecos.com.ar\/wp-content\/uploads\/2021\/01\/reportetllunes-460x460.jpg 460w, https:\/\/infoecos.com.ar\/wp-content\/uploads\/2021\/01\/reportetllunes-920x920.jpg 920w, https:\/\/infoecos.com.ar\/wp-content\/uploads\/2021\/01\/reportetllunes-150x150.jpg 150w, https:\/\/infoecos.com.ar\/wp-content\/uploads\/2021\/01\/reportetllunes-768x768.jpg 768w, https:\/\/infoecos.com.ar\/wp-content\/uploads\/2021\/01\/reportetllunes-1024x1024.jpg 1024w, https:\/\/infoecos.com.ar\/wp-content\/uploads\/2021\/01\/reportetllunes.jpg 1280w\" sizes=\"auto, (max-width: 460px) 100vw, 460px\" \/><\/figure><\/div>\n\n\n\n<p class=\"wp-block-paragraph\">El deceso corresponde a una mujer de 64 a\u00f1os, de Treinta de Agosto, que se desempe\u00f1aba como personal de salud. Es la 26\u00aa defunci\u00f3n en el distrito desde el inicio de la pandemia, en marzo pasado.<\/p>\n\n\n\n<p class=\"wp-block-paragraph\">Doce (12) de los nuevos casos confirmados corresponden a Trenque Lauquen \u2013nueve (9) fueron detectados por hisopado y tres (3) por criterio o nexo epidemiol\u00f3gico- y seis (6) a Treinta de Agosto -todos por testeo-.<\/p>\n\n\n\n<p class=\"wp-block-paragraph\">Los 158 casos activos se distribuyen del siguiente modo: 143 de Trenque Lauquen y 15 de Treinta de Agosto. Del total nueve (9) se encuentran en el Hospital Municipal, nueve (9) en el Centro Extrahospitalario que funciona en el ex Hotel Pailla Hu\u00e9 y 140 en sus domicilios particulares.<\/p>\n\n\n\n<p class=\"wp-block-paragraph\">Con las 15 personas recuperadas este lunes, 11 de Trenque Lauquen y cuatro (4) de Treinta de Agosto, ascienden a 1.318 las que recibieron el alta desde el comienzo de la pandemia, en tanto que en ese mismo per\u00edodo, los casos descartados, incluidos los 30 de la fecha -24 de la ciudad cabecera y seis (6) de Treinta de Agosto- suman 3.016.<\/p>\n\n\n\n<p class=\"wp-block-paragraph\">Hay 141 casos sospechosos -139 de Trenque Lauquen y dos (2) de Treinta de Agosto- y 284 personas en aislamiento, -219 de la ciudad cabecera y 65 de Treinta de Agosto-.<\/p>\n","protected":false},"excerpt":{"rendered":"<p>Los 158 casos activos se distribuyen del siguiente modo: 143 de Trenque Lauquen y 15 de Treinta de Agosto. Del total nueve (9) se encuentran en el Hospital Municipal, nueve (9) en el Centro Extrahospitalario que funciona en el ex Hotel Pailla Hu\u00e9 y 140 en sus domicilios particulares<\/p>\n","protected":false},"author":2,"featured_media":49440,"comment_status":"closed","ping_status":"open","sticky":false,"template":"","format":"standard","meta":{"footnotes":""},"categories":[1613],"tags":[2569],"class_list":["post-72508","post","type-post","status-publish","format-standard","has-post-thumbnail","hentry","category-noticia-secundaria","tag-se-desempenaba-en-el-area-de-salud"],"featured_image_urls":{"full":"","thumbnail":"","medium":"","medium_large":"","large":"","1536x1536":"","2048x2048":"","covernews-slider-full":"","covernews-slider-center":"","covernews-featured":"","covernews-medium":"","covernews-medium-square":""},"author_info":{"info":["Jorge Matheus"]},"category_info":"<a href=\"https:\/\/infoecos.com.ar\/index.php\/category\/noticia-secundaria\/\" rel=\"category tag\">Noticia Secundaria<\/a>","tag_info":"Noticia Secundaria","comment_count":"0","_links":{"self":[{"href":"https:\/\/infoecos.com.ar\/index.php\/wp-json\/wp\/v2\/posts\/72508","targetHints":{"allow":["GET"]}}],"collection":[{"href":"https:\/\/infoecos.com.ar\/index.php\/wp-json\/wp\/v2\/posts"}],"about":[{"href":"https:\/\/infoecos.com.ar\/index.php\/wp-json\/wp\/v2\/types\/post"}],"author":[{"embeddable":true,"href":"https:\/\/infoecos.com.ar\/index.php\/wp-json\/wp\/v2\/users\/2"}],"replies":[{"embeddable":true,"href":"https:\/\/infoecos.com.ar\/index.php\/wp-json\/wp\/v2\/comments?post=72508"}],"version-history":[{"count":1,"href":"https:\/\/infoecos.com.ar\/index.php\/wp-json\/wp\/v2\/posts\/72508\/revisions"}],"predecessor-version":[{"id":72510,"href":"https:\/\/infoecos.com.ar\/index.php\/wp-json\/wp\/v2\/posts\/72508\/revisions\/72510"}],"wp:attachment":[{"href":"https:\/\/infoecos.com.ar\/index.php\/wp-json\/wp\/v2\/media?parent=72508"}],"wp:term":[{"taxonomy":"category","embeddable":true,"href":"https:\/\/infoecos.com.ar\/index.php\/wp-json\/wp\/v2\/categories?post=72508"},{"taxonomy":"post_tag","embeddable":true,"href":"https:\/\/infoecos.com.ar\/index.php\/wp-json\/wp\/v2\/tags?post=72508"}],"curies":[{"name":"wp","href":"https:\/\/api.w.org\/{rel}","templated":true}]}}