{"id":72515,"date":"2021-01-11T16:00:50","date_gmt":"2021-01-11T19:00:50","guid":{"rendered":"http:\/\/infoecos.com.ar\/?p=72515"},"modified":"2021-01-11T16:00:53","modified_gmt":"2021-01-11T19:00:53","slug":"intenso-trabajo-en-tres-lomas-tras-los-problemas-que-ocasiono-el-temporal-del-domingo","status":"publish","type":"post","link":"https:\/\/infoecos.com.ar\/index.php\/intenso-trabajo-en-tres-lomas-tras-los-problemas-que-ocasiono-el-temporal-del-domingo\/","title":{"rendered":"Intenso trabajo en Tres Lomas tras los problemas que ocasion\u00f3 el temporal del domingo"},"content":{"rendered":"\n<p class=\"wp-block-paragraph\">Se trabaj\u00f3 y trabaja intensamente en Tres Lomas para asistir a los sectores m\u00e1s damnificados por el temporal que se desat\u00f3 este domingo.<\/p>\n\n\n\n<div class=\"wp-block-image\"><figure class=\"aligncenter size-medium\"><img loading=\"lazy\" decoding=\"async\" width=\"460\" height=\"460\" src=\"http:\/\/infoecos.com.ar\/wp-content\/uploads\/2021\/01\/Tormenta-1-460x460.jpg\" alt=\"\" class=\"wp-image-72516\" srcset=\"https:\/\/infoecos.com.ar\/wp-content\/uploads\/2021\/01\/Tormenta-1-460x460.jpg 460w, https:\/\/infoecos.com.ar\/wp-content\/uploads\/2021\/01\/Tormenta-1-920x920.jpg 920w, https:\/\/infoecos.com.ar\/wp-content\/uploads\/2021\/01\/Tormenta-1-150x150.jpg 150w, https:\/\/infoecos.com.ar\/wp-content\/uploads\/2021\/01\/Tormenta-1-768x768.jpg 768w, https:\/\/infoecos.com.ar\/wp-content\/uploads\/2021\/01\/Tormenta-1.jpg 960w\" sizes=\"auto, (max-width: 460px) 100vw, 460px\" \/><\/figure><\/div>\n\n\n\n<p class=\"wp-block-paragraph\">Las autoridades comunales informaron que la tarea es llevada a cabo por personal municipal, Polic\u00eda local, Bomberos Voluntarios y Defensa Civil. <\/p>\n\n\n\n<p class=\"wp-block-paragraph\">Camiones, tractores y retroexcavadoras, algunas de las herramientas utilizadas para asistir a las zonas m\u00e1s afectadas. Se registr\u00f3 la ca\u00edda de \u00e1rboles, columnas de electricidad y voladuras parciales de techos en viviendas.<\/p>\n\n\n\n<div class=\"wp-block-image\"><figure class=\"aligncenter size-medium\"><img loading=\"lazy\" decoding=\"async\" width=\"460\" height=\"438\" src=\"http:\/\/infoecos.com.ar\/wp-content\/uploads\/2021\/01\/Junto-a-EDEN-460x438.jpeg\" alt=\"\" class=\"wp-image-72517\" srcset=\"https:\/\/infoecos.com.ar\/wp-content\/uploads\/2021\/01\/Junto-a-EDEN-460x438.jpeg 460w, https:\/\/infoecos.com.ar\/wp-content\/uploads\/2021\/01\/Junto-a-EDEN.jpeg 719w\" sizes=\"auto, (max-width: 460px) 100vw, 460px\" \/><\/figure><\/div>\n\n\n\n<p class=\"wp-block-paragraph\">Desde el municipio, se inform\u00f3 que contaron con el acompa\u00f1amiento de vecinos en las ayudas brindadas. <\/p>\n\n\n\n<p class=\"wp-block-paragraph\">En el transcurso de la ma\u00f1ana de este martes, personal de la Municipalidad de Tres Lomas colabor\u00f3 con los operarios de la Empresa EDEN para ayudar a solucionar el inconveniente de algunos vecinos que tuvieron por largas horas interrumpido el servicio de energ\u00eda el\u00e9ctrica. <br><br><\/p>\n","protected":false},"excerpt":{"rendered":"<p>Las autoridades comunales informaron que la tarea es llevada a cabo por personal municipal, Polic\u00eda local, Bomberos Voluntarios y Defensa Civil<\/p>\n","protected":false},"author":2,"featured_media":72518,"comment_status":"closed","ping_status":"open","sticky":false,"template":"","format":"standard","meta":{"footnotes":""},"categories":[29],"tags":[316],"class_list":["post-72515","post","type-post","status-publish","format-standard","has-post-thumbnail","hentry","category-c2nota1","tag-clima"],"featured_image_urls":{"full":["https:\/\/infoecos.com.ar\/wp-content\/uploads\/2021\/01\/Tormenta-2.jpg",891,891,false],"thumbnail":["https:\/\/infoecos.com.ar\/wp-content\/uploads\/2021\/01\/Tormenta-2-150x150.jpg",150,150,true],"medium":["https:\/\/infoecos.com.ar\/wp-content\/uploads\/2021\/01\/Tormenta-2-460x460.jpg",460,460,true],"medium_large":["https:\/\/infoecos.com.ar\/wp-content\/uploads\/2021\/01\/Tormenta-2-768x768.jpg",640,640,true],"large":["https:\/\/infoecos.com.ar\/wp-content\/uploads\/2021\/01\/Tormenta-2.jpg",640,640,false],"1536x1536":["https:\/\/infoecos.com.ar\/wp-content\/uploads\/2021\/01\/Tormenta-2.jpg",891,891,false],"2048x2048":["https:\/\/infoecos.com.ar\/wp-content\/uploads\/2021\/01\/Tormenta-2.jpg",891,891,false],"covernews-slider-full":["https:\/\/infoecos.com.ar\/wp-content\/uploads\/2021\/01\/Tormenta-2.jpg",715,715,false],"covernews-slider-center":["https:\/\/infoecos.com.ar\/wp-content\/uploads\/2021\/01\/Tormenta-2.jpg",500,500,false],"covernews-featured":["https:\/\/infoecos.com.ar\/wp-content\/uploads\/2021\/01\/Tormenta-2.jpg",891,891,false],"covernews-medium":["https:\/\/infoecos.com.ar\/wp-content\/uploads\/2021\/01\/Tormenta-2-720x380.jpg",540,285,true],"covernews-medium-square":["https:\/\/infoecos.com.ar\/wp-content\/uploads\/2021\/01\/Tormenta-2-675x450.jpg",375,250,true]},"author_info":{"info":["Jorge Matheus"]},"category_info":"<a href=\"https:\/\/infoecos.com.ar\/index.php\/category\/c2nota1\/\" rel=\"category tag\">C2 nota 1<\/a>","tag_info":"C2 nota 1","comment_count":"0","_links":{"self":[{"href":"https:\/\/infoecos.com.ar\/index.php\/wp-json\/wp\/v2\/posts\/72515","targetHints":{"allow":["GET"]}}],"collection":[{"href":"https:\/\/infoecos.com.ar\/index.php\/wp-json\/wp\/v2\/posts"}],"about":[{"href":"https:\/\/infoecos.com.ar\/index.php\/wp-json\/wp\/v2\/types\/post"}],"author":[{"embeddable":true,"href":"https:\/\/infoecos.com.ar\/index.php\/wp-json\/wp\/v2\/users\/2"}],"replies":[{"embeddable":true,"href":"https:\/\/infoecos.com.ar\/index.php\/wp-json\/wp\/v2\/comments?post=72515"}],"version-history":[{"count":1,"href":"https:\/\/infoecos.com.ar\/index.php\/wp-json\/wp\/v2\/posts\/72515\/revisions"}],"predecessor-version":[{"id":72519,"href":"https:\/\/infoecos.com.ar\/index.php\/wp-json\/wp\/v2\/posts\/72515\/revisions\/72519"}],"wp:featuredmedia":[{"embeddable":true,"href":"https:\/\/infoecos.com.ar\/index.php\/wp-json\/wp\/v2\/media\/72518"}],"wp:attachment":[{"href":"https:\/\/infoecos.com.ar\/index.php\/wp-json\/wp\/v2\/media?parent=72515"}],"wp:term":[{"taxonomy":"category","embeddable":true,"href":"https:\/\/infoecos.com.ar\/index.php\/wp-json\/wp\/v2\/categories?post=72515"},{"taxonomy":"post_tag","embeddable":true,"href":"https:\/\/infoecos.com.ar\/index.php\/wp-json\/wp\/v2\/tags?post=72515"}],"curies":[{"name":"wp","href":"https:\/\/api.w.org\/{rel}","templated":true}]}}