{"id":72520,"date":"2021-01-11T16:18:45","date_gmt":"2021-01-11T19:18:45","guid":{"rendered":"http:\/\/infoecos.com.ar\/?p=72520"},"modified":"2021-01-11T16:18:51","modified_gmt":"2021-01-11T19:18:51","slug":"un-vecino-de-fortin-deheza-hospitalizado-y-el-ex-club-del-paraje-destruido","status":"publish","type":"post","link":"https:\/\/infoecos.com.ar\/index.php\/un-vecino-de-fortin-deheza-hospitalizado-y-el-ex-club-del-paraje-destruido\/","title":{"rendered":"Un vecino de Fort\u00edn Deheza hospitalizado y el ex club del paraje destruido"},"content":{"rendered":"\n<p>Qued\u00f3 seriamente da\u00f1ada la estructura del ex club Fort\u00edn Deheza por el fuerte temporal de este domingo. Y, lo m\u00e1s serio, un vecino result\u00f3 herido, debi\u00f3 ser hospitalizado y se lo trasladar\u00e1 a un centro de atenci\u00f3n hospitalario m\u00e1s complejo, en el distrito de Merlo.<\/p>\n\n\n\n<div class=\"wp-block-image\"><figure class=\"aligncenter size-medium\"><img loading=\"lazy\" decoding=\"async\" width=\"345\" height=\"460\" src=\"http:\/\/infoecos.com.ar\/wp-content\/uploads\/2021\/01\/fdeheza2-345x460.jpg\" alt=\"\" class=\"wp-image-72521\" srcset=\"https:\/\/infoecos.com.ar\/wp-content\/uploads\/2021\/01\/fdeheza2-345x460.jpg 345w, https:\/\/infoecos.com.ar\/wp-content\/uploads\/2021\/01\/fdeheza2-690x920.jpg 690w, https:\/\/infoecos.com.ar\/wp-content\/uploads\/2021\/01\/fdeheza2-768x1024.jpg 768w, https:\/\/infoecos.com.ar\/wp-content\/uploads\/2021\/01\/fdeheza2.jpg 960w\" sizes=\"(max-width: 345px) 100vw, 345px\" \/><\/figure><\/div>\n\n\n\n<p>El coordinador de Defensa Civil Municipal de Trenque Lauquen, Nicol\u00e1s De Paulo, inform\u00f3 que no hubo mayores problemas en Beruti y 30 de Agosto. <\/p>\n\n\n\n<p>De Paulo asegur\u00f3 que \u201cen lo que es Trenque Lauquen ciudad no tuvimos ning\u00fan inconveniente grave. Lo \u00fanico que tuvimos que lamentar en el distrito fue lo ocurrido en el paraje de Fort\u00edn Deheza, donde el club sufri\u00f3 la voladura del techo y la ca\u00edda de alguna de las paredes; en ese lugar hay un matrimonio que se dedica a la cr\u00eda de animales y el hombre sufri\u00f3 el aplastamiento por una de las paredes, por eso tuvo que acudir Bomberos de Garr\u00e9 a rescatarlo y fueron acompa\u00f1ados por el delegado de Garr\u00e9, que corresponde a Trenque Lauquen, que nos inform\u00f3 sobre la situaci\u00f3n\u201d. <\/p>\n\n\n\n<div class=\"wp-block-image\"><figure class=\"aligncenter size-medium\"><img loading=\"lazy\" decoding=\"async\" width=\"345\" height=\"460\" src=\"http:\/\/infoecos.com.ar\/wp-content\/uploads\/2021\/01\/fdeheza4-345x460.jpg\" alt=\"\" class=\"wp-image-72522\" srcset=\"https:\/\/infoecos.com.ar\/wp-content\/uploads\/2021\/01\/fdeheza4-345x460.jpg 345w, https:\/\/infoecos.com.ar\/wp-content\/uploads\/2021\/01\/fdeheza4-690x920.jpg 690w, https:\/\/infoecos.com.ar\/wp-content\/uploads\/2021\/01\/fdeheza4-768x1024.jpg 768w, https:\/\/infoecos.com.ar\/wp-content\/uploads\/2021\/01\/fdeheza4.jpg 960w\" sizes=\"(max-width: 345px) 100vw, 345px\" \/><\/figure><\/div>\n\n\n\n<p>Respecto del funcionamiento de Defensa Civil, el funcionario explic\u00f3 que \u201cnosotros desde Provincia siempre vamos teniendo informaci\u00f3n y cada uno de los coordinadores de los diferentes distritos nos vamos pasando la informaci\u00f3n de lo que va sucediendo y tenemos un grupo con gente de La Pampa que nos avisa porque la mayor\u00eda de las tormentas que ingresan al distrito ingresan desde La Pampa y tenemos la posibilidad de estar atentos a lo que pueda venir\u201d.<\/p>\n\n\n\n<figure class=\"wp-block-gallery columns-3 is-cropped wp-block-gallery-1 is-layout-flex wp-block-gallery-is-layout-flex\"><ul class=\"blocks-gallery-grid\"><li class=\"blocks-gallery-item\"><figure><img loading=\"lazy\" decoding=\"async\" width=\"690\" height=\"920\" src=\"http:\/\/infoecos.com.ar\/wp-content\/uploads\/2021\/01\/fdeheza-690x920.jpg\" alt=\"\" data-id=\"72523\" data-full-url=\"http:\/\/infoecos.com.ar\/wp-content\/uploads\/2021\/01\/fdeheza.jpg\" data-link=\"http:\/\/infoecos.com.ar\/?attachment_id=72523\" class=\"wp-image-72523\" srcset=\"https:\/\/infoecos.com.ar\/wp-content\/uploads\/2021\/01\/fdeheza-690x920.jpg 690w, https:\/\/infoecos.com.ar\/wp-content\/uploads\/2021\/01\/fdeheza-345x460.jpg 345w, https:\/\/infoecos.com.ar\/wp-content\/uploads\/2021\/01\/fdeheza-768x1024.jpg 768w, https:\/\/infoecos.com.ar\/wp-content\/uploads\/2021\/01\/fdeheza.jpg 960w\" sizes=\"(max-width: 690px) 100vw, 690px\" \/><\/figure><\/li><li class=\"blocks-gallery-item\"><figure><img loading=\"lazy\" decoding=\"async\" width=\"690\" height=\"920\" src=\"http:\/\/infoecos.com.ar\/wp-content\/uploads\/2021\/01\/fdeheza1-690x920.jpg\" alt=\"\" data-id=\"72524\" data-full-url=\"http:\/\/infoecos.com.ar\/wp-content\/uploads\/2021\/01\/fdeheza1.jpg\" data-link=\"http:\/\/infoecos.com.ar\/?attachment_id=72524\" class=\"wp-image-72524\" srcset=\"https:\/\/infoecos.com.ar\/wp-content\/uploads\/2021\/01\/fdeheza1-690x920.jpg 690w, https:\/\/infoecos.com.ar\/wp-content\/uploads\/2021\/01\/fdeheza1-345x460.jpg 345w, https:\/\/infoecos.com.ar\/wp-content\/uploads\/2021\/01\/fdeheza1-768x1024.jpg 768w, https:\/\/infoecos.com.ar\/wp-content\/uploads\/2021\/01\/fdeheza1.jpg 960w\" sizes=\"(max-width: 690px) 100vw, 690px\" \/><\/figure><\/li><li class=\"blocks-gallery-item\"><figure><img loading=\"lazy\" decoding=\"async\" width=\"690\" height=\"920\" src=\"http:\/\/infoecos.com.ar\/wp-content\/uploads\/2021\/01\/fdeheza2-1-690x920.jpg\" alt=\"\" data-id=\"72525\" data-full-url=\"http:\/\/infoecos.com.ar\/wp-content\/uploads\/2021\/01\/fdeheza2-1.jpg\" data-link=\"http:\/\/infoecos.com.ar\/?attachment_id=72525\" class=\"wp-image-72525\" srcset=\"https:\/\/infoecos.com.ar\/wp-content\/uploads\/2021\/01\/fdeheza2-1-690x920.jpg 690w, https:\/\/infoecos.com.ar\/wp-content\/uploads\/2021\/01\/fdeheza2-1-345x460.jpg 345w, https:\/\/infoecos.com.ar\/wp-content\/uploads\/2021\/01\/fdeheza2-1-768x1024.jpg 768w, https:\/\/infoecos.com.ar\/wp-content\/uploads\/2021\/01\/fdeheza2-1.jpg 960w\" sizes=\"(max-width: 690px) 100vw, 690px\" \/><\/figure><\/li><li class=\"blocks-gallery-item\"><figure><img loading=\"lazy\" decoding=\"async\" width=\"690\" height=\"920\" src=\"http:\/\/infoecos.com.ar\/wp-content\/uploads\/2021\/01\/fdeheza3-690x920.jpg\" alt=\"\" data-id=\"72526\" data-full-url=\"http:\/\/infoecos.com.ar\/wp-content\/uploads\/2021\/01\/fdeheza3.jpg\" data-link=\"http:\/\/infoecos.com.ar\/?attachment_id=72526\" class=\"wp-image-72526\" srcset=\"https:\/\/infoecos.com.ar\/wp-content\/uploads\/2021\/01\/fdeheza3-690x920.jpg 690w, https:\/\/infoecos.com.ar\/wp-content\/uploads\/2021\/01\/fdeheza3-345x460.jpg 345w, https:\/\/infoecos.com.ar\/wp-content\/uploads\/2021\/01\/fdeheza3-768x1024.jpg 768w, https:\/\/infoecos.com.ar\/wp-content\/uploads\/2021\/01\/fdeheza3.jpg 960w\" sizes=\"(max-width: 690px) 100vw, 690px\" \/><\/figure><\/li><li class=\"blocks-gallery-item\"><figure><img loading=\"lazy\" decoding=\"async\" width=\"690\" height=\"920\" src=\"http:\/\/infoecos.com.ar\/wp-content\/uploads\/2021\/01\/fdeheza4-1-690x920.jpg\" alt=\"\" data-id=\"72527\" data-full-url=\"http:\/\/infoecos.com.ar\/wp-content\/uploads\/2021\/01\/fdeheza4-1.jpg\" data-link=\"http:\/\/infoecos.com.ar\/?attachment_id=72527\" class=\"wp-image-72527\" srcset=\"https:\/\/infoecos.com.ar\/wp-content\/uploads\/2021\/01\/fdeheza4-1-690x920.jpg 690w, https:\/\/infoecos.com.ar\/wp-content\/uploads\/2021\/01\/fdeheza4-1-345x460.jpg 345w, https:\/\/infoecos.com.ar\/wp-content\/uploads\/2021\/01\/fdeheza4-1-768x1024.jpg 768w, https:\/\/infoecos.com.ar\/wp-content\/uploads\/2021\/01\/fdeheza4-1.jpg 960w\" sizes=\"(max-width: 690px) 100vw, 690px\" \/><\/figure><\/li><\/ul><figcaption class=\"blocks-gallery-caption\">Fotos: BB.VV. de Garr\u00e9 a trav\u00e9s del periodista Juan Carlos Natale de Radio Frecuencia Nueve<\/figcaption><\/figure>\n","protected":false},"excerpt":{"rendered":"<p>El coordinador de Defensa Civil Municipal de Trenque Lauquen, Nicol\u00e1s De Paulo, inform\u00f3 que no hubo mayores problemas en Beruti y 30 de Agosto<\/p>\n","protected":false},"author":2,"featured_media":72521,"comment_status":"closed","ping_status":"open","sticky":false,"template":"","format":"standard","meta":{"footnotes":""},"categories":[25],"tags":[2570],"class_list":["post-72520","post","type-post","status-publish","format-standard","has-post-thumbnail","hentry","category-c3nota1","tag-consecuencias-del-temporal"],"yoast_head":"<!-- This site is optimized with the Yoast SEO plugin v23.4 - https:\/\/yoast.com\/wordpress\/plugins\/seo\/ -->\n<title>Un vecino de Fort\u00edn Deheza hospitalizado y el ex club del paraje destruido - Infoecos<\/title>\n<meta name=\"robots\" content=\"index, follow, max-snippet:-1, max-image-preview:large, max-video-preview:-1\" \/>\n<link rel=\"canonical\" href=\"https:\/\/infoecos.com.ar\/index.php\/un-vecino-de-fortin-deheza-hospitalizado-y-el-ex-club-del-paraje-destruido\/\" \/>\n<meta property=\"og:locale\" content=\"es_ES\" \/>\n<meta property=\"og:type\" content=\"article\" \/>\n<meta property=\"og:title\" content=\"Un vecino de Fort\u00edn Deheza hospitalizado y el ex club del paraje destruido - Infoecos\" \/>\n<meta property=\"og:description\" content=\"El coordinador de Defensa Civil Municipal de Trenque Lauquen, Nicol\u00e1s De Paulo, inform\u00f3 que no hubo mayores problemas en Beruti y 30 de Agosto\" \/>\n<meta property=\"og:url\" content=\"https:\/\/infoecos.com.ar\/index.php\/un-vecino-de-fortin-deheza-hospitalizado-y-el-ex-club-del-paraje-destruido\/\" \/>\n<meta property=\"og:site_name\" content=\"Infoecos\" \/>\n<meta property=\"article:publisher\" content=\"https:\/\/www.facebook.com\/profile.php?id=100063200290284\" \/>\n<meta property=\"article:published_time\" content=\"2021-01-11T19:18:45+00:00\" \/>\n<meta property=\"article:modified_time\" content=\"2021-01-11T19:18:51+00:00\" \/>\n<meta property=\"og:image\" content=\"https:\/\/infoecos.com.ar\/wp-content\/uploads\/2021\/01\/fdeheza2.jpg\" \/>\n\t<meta property=\"og:image:width\" content=\"960\" \/>\n\t<meta property=\"og:image:height\" content=\"1280\" \/>\n\t<meta property=\"og:image:type\" content=\"image\/jpeg\" \/>\n<meta name=\"author\" content=\"Jorge Matheus\" \/>\n<meta name=\"twitter:card\" content=\"summary_large_image\" \/>\n<meta name=\"twitter:creator\" content=\"@infoecos\" \/>\n<meta name=\"twitter:site\" content=\"@infoecos\" \/>\n<meta name=\"twitter:label1\" content=\"Escrito por\" \/>\n\t<meta name=\"twitter:data1\" content=\"Jorge Matheus\" \/>\n\t<meta name=\"twitter:label2\" content=\"Tiempo de lectura\" \/>\n\t<meta name=\"twitter:data2\" content=\"1 minuto\" \/>\n<script type=\"application\/ld+json\" class=\"yoast-schema-graph\">{\"@context\":\"https:\/\/schema.org\",\"@graph\":[{\"@type\":\"Article\",\"@id\":\"https:\/\/infoecos.com.ar\/index.php\/un-vecino-de-fortin-deheza-hospitalizado-y-el-ex-club-del-paraje-destruido\/#article\",\"isPartOf\":{\"@id\":\"https:\/\/infoecos.com.ar\/index.php\/un-vecino-de-fortin-deheza-hospitalizado-y-el-ex-club-del-paraje-destruido\/\"},\"author\":{\"name\":\"Jorge Matheus\",\"@id\":\"https:\/\/infoecos.com.ar\/#\/schema\/person\/8f5ace5ce73b4b4aac4b7245aee6f191\"},\"headline\":\"Un vecino de Fort\u00edn Deheza hospitalizado y el ex club del paraje destruido\",\"datePublished\":\"2021-01-11T19:18:45+00:00\",\"dateModified\":\"2021-01-11T19:18:51+00:00\",\"mainEntityOfPage\":{\"@id\":\"https:\/\/infoecos.com.ar\/index.php\/un-vecino-de-fortin-deheza-hospitalizado-y-el-ex-club-del-paraje-destruido\/\"},\"wordCount\":293,\"publisher\":{\"@id\":\"https:\/\/infoecos.com.ar\/#organization\"},\"image\":{\"@id\":\"https:\/\/infoecos.com.ar\/index.php\/un-vecino-de-fortin-deheza-hospitalizado-y-el-ex-club-del-paraje-destruido\/#primaryimage\"},\"thumbnailUrl\":\"https:\/\/infoecos.com.ar\/wp-content\/uploads\/2021\/01\/fdeheza2.jpg\",\"keywords\":[\"CONSECUENCIAS DEL TEMPORAL\"],\"articleSection\":[\"C3 N1\"],\"inLanguage\":\"es\"},{\"@type\":\"WebPage\",\"@id\":\"https:\/\/infoecos.com.ar\/index.php\/un-vecino-de-fortin-deheza-hospitalizado-y-el-ex-club-del-paraje-destruido\/\",\"url\":\"https:\/\/infoecos.com.ar\/index.php\/un-vecino-de-fortin-deheza-hospitalizado-y-el-ex-club-del-paraje-destruido\/\",\"name\":\"Un vecino de Fort\u00edn Deheza hospitalizado y el ex club del paraje destruido - Infoecos\",\"isPartOf\":{\"@id\":\"https:\/\/infoecos.com.ar\/#website\"},\"primaryImageOfPage\":{\"@id\":\"https:\/\/infoecos.com.ar\/index.php\/un-vecino-de-fortin-deheza-hospitalizado-y-el-ex-club-del-paraje-destruido\/#primaryimage\"},\"image\":{\"@id\":\"https:\/\/infoecos.com.ar\/index.php\/un-vecino-de-fortin-deheza-hospitalizado-y-el-ex-club-del-paraje-destruido\/#primaryimage\"},\"thumbnailUrl\":\"https:\/\/infoecos.com.ar\/wp-content\/uploads\/2021\/01\/fdeheza2.jpg\",\"datePublished\":\"2021-01-11T19:18:45+00:00\",\"dateModified\":\"2021-01-11T19:18:51+00:00\",\"breadcrumb\":{\"@id\":\"https:\/\/infoecos.com.ar\/index.php\/un-vecino-de-fortin-deheza-hospitalizado-y-el-ex-club-del-paraje-destruido\/#breadcrumb\"},\"inLanguage\":\"es\",\"potentialAction\":[{\"@type\":\"ReadAction\",\"target\":[\"https:\/\/infoecos.com.ar\/index.php\/un-vecino-de-fortin-deheza-hospitalizado-y-el-ex-club-del-paraje-destruido\/\"]}]},{\"@type\":\"ImageObject\",\"inLanguage\":\"es\",\"@id\":\"https:\/\/infoecos.com.ar\/index.php\/un-vecino-de-fortin-deheza-hospitalizado-y-el-ex-club-del-paraje-destruido\/#primaryimage\",\"url\":\"https:\/\/infoecos.com.ar\/wp-content\/uploads\/2021\/01\/fdeheza2.jpg\",\"contentUrl\":\"https:\/\/infoecos.com.ar\/wp-content\/uploads\/2021\/01\/fdeheza2.jpg\",\"width\":960,\"height\":1280},{\"@type\":\"BreadcrumbList\",\"@id\":\"https:\/\/infoecos.com.ar\/index.php\/un-vecino-de-fortin-deheza-hospitalizado-y-el-ex-club-del-paraje-destruido\/#breadcrumb\",\"itemListElement\":[{\"@type\":\"ListItem\",\"position\":1,\"name\":\"Portada\",\"item\":\"https:\/\/infoecos.com.ar\/\"},{\"@type\":\"ListItem\",\"position\":2,\"name\":\"Un vecino de Fort\u00edn Deheza hospitalizado y el ex club del paraje destruido\"}]},{\"@type\":\"WebSite\",\"@id\":\"https:\/\/infoecos.com.ar\/#website\",\"url\":\"https:\/\/infoecos.com.ar\/\",\"name\":\"Infoecos\",\"description\":\"Noticias de trenque lauquen y la zona\",\"publisher\":{\"@id\":\"https:\/\/infoecos.com.ar\/#organization\"},\"alternateName\":\"Noticias\",\"potentialAction\":[{\"@type\":\"SearchAction\",\"target\":{\"@type\":\"EntryPoint\",\"urlTemplate\":\"https:\/\/infoecos.com.ar\/?s={search_term_string}\"},\"query-input\":{\"@type\":\"PropertyValueSpecification\",\"valueRequired\":true,\"valueName\":\"search_term_string\"}}],\"inLanguage\":\"es\"},{\"@type\":\"Organization\",\"@id\":\"https:\/\/infoecos.com.ar\/#organization\",\"name\":\"Infoecos\",\"alternateName\":\"Noticias\",\"url\":\"https:\/\/infoecos.com.ar\/\",\"logo\":{\"@type\":\"ImageObject\",\"inLanguage\":\"es\",\"@id\":\"https:\/\/infoecos.com.ar\/#\/schema\/logo\/image\/\",\"url\":\"https:\/\/infoecos.com.ar\/wp-content\/uploads\/2024\/03\/cropped-logo.png\",\"contentUrl\":\"https:\/\/infoecos.com.ar\/wp-content\/uploads\/2024\/03\/cropped-logo.png\",\"width\":374,\"height\":90,\"caption\":\"Infoecos\"},\"image\":{\"@id\":\"https:\/\/infoecos.com.ar\/#\/schema\/logo\/image\/\"},\"sameAs\":[\"https:\/\/www.facebook.com\/profile.php?id=100063200290284\",\"https:\/\/x.com\/infoecos\"]},{\"@type\":\"Person\",\"@id\":\"https:\/\/infoecos.com.ar\/#\/schema\/person\/8f5ace5ce73b4b4aac4b7245aee6f191\",\"name\":\"Jorge Matheus\",\"url\":\"https:\/\/infoecos.com.ar\/index.php\/author\/jomatheus\/\"}]}<\/script>\n<!-- \/ Yoast SEO plugin. -->","yoast_head_json":{"title":"Un vecino de Fort\u00edn Deheza hospitalizado y el ex club del paraje destruido - Infoecos","robots":{"index":"index","follow":"follow","max-snippet":"max-snippet:-1","max-image-preview":"max-image-preview:large","max-video-preview":"max-video-preview:-1"},"canonical":"https:\/\/infoecos.com.ar\/index.php\/un-vecino-de-fortin-deheza-hospitalizado-y-el-ex-club-del-paraje-destruido\/","og_locale":"es_ES","og_type":"article","og_title":"Un vecino de Fort\u00edn Deheza hospitalizado y el ex club del paraje destruido - Infoecos","og_description":"El coordinador de Defensa Civil Municipal de Trenque Lauquen, Nicol\u00e1s De Paulo, inform\u00f3 que no hubo mayores problemas en Beruti y 30 de Agosto","og_url":"https:\/\/infoecos.com.ar\/index.php\/un-vecino-de-fortin-deheza-hospitalizado-y-el-ex-club-del-paraje-destruido\/","og_site_name":"Infoecos","article_publisher":"https:\/\/www.facebook.com\/profile.php?id=100063200290284","article_published_time":"2021-01-11T19:18:45+00:00","article_modified_time":"2021-01-11T19:18:51+00:00","og_image":[{"width":960,"height":1280,"url":"https:\/\/infoecos.com.ar\/wp-content\/uploads\/2021\/01\/fdeheza2.jpg","type":"image\/jpeg"}],"author":"Jorge Matheus","twitter_card":"summary_large_image","twitter_creator":"@infoecos","twitter_site":"@infoecos","twitter_misc":{"Escrito por":"Jorge Matheus","Tiempo de lectura":"1 minuto"},"schema":{"@context":"https:\/\/schema.org","@graph":[{"@type":"Article","@id":"https:\/\/infoecos.com.ar\/index.php\/un-vecino-de-fortin-deheza-hospitalizado-y-el-ex-club-del-paraje-destruido\/#article","isPartOf":{"@id":"https:\/\/infoecos.com.ar\/index.php\/un-vecino-de-fortin-deheza-hospitalizado-y-el-ex-club-del-paraje-destruido\/"},"author":{"name":"Jorge Matheus","@id":"https:\/\/infoecos.com.ar\/#\/schema\/person\/8f5ace5ce73b4b4aac4b7245aee6f191"},"headline":"Un vecino de Fort\u00edn Deheza hospitalizado y el ex club del paraje destruido","datePublished":"2021-01-11T19:18:45+00:00","dateModified":"2021-01-11T19:18:51+00:00","mainEntityOfPage":{"@id":"https:\/\/infoecos.com.ar\/index.php\/un-vecino-de-fortin-deheza-hospitalizado-y-el-ex-club-del-paraje-destruido\/"},"wordCount":293,"publisher":{"@id":"https:\/\/infoecos.com.ar\/#organization"},"image":{"@id":"https:\/\/infoecos.com.ar\/index.php\/un-vecino-de-fortin-deheza-hospitalizado-y-el-ex-club-del-paraje-destruido\/#primaryimage"},"thumbnailUrl":"https:\/\/infoecos.com.ar\/wp-content\/uploads\/2021\/01\/fdeheza2.jpg","keywords":["CONSECUENCIAS DEL TEMPORAL"],"articleSection":["C3 N1"],"inLanguage":"es"},{"@type":"WebPage","@id":"https:\/\/infoecos.com.ar\/index.php\/un-vecino-de-fortin-deheza-hospitalizado-y-el-ex-club-del-paraje-destruido\/","url":"https:\/\/infoecos.com.ar\/index.php\/un-vecino-de-fortin-deheza-hospitalizado-y-el-ex-club-del-paraje-destruido\/","name":"Un vecino de Fort\u00edn Deheza hospitalizado y el ex club del paraje destruido - Infoecos","isPartOf":{"@id":"https:\/\/infoecos.com.ar\/#website"},"primaryImageOfPage":{"@id":"https:\/\/infoecos.com.ar\/index.php\/un-vecino-de-fortin-deheza-hospitalizado-y-el-ex-club-del-paraje-destruido\/#primaryimage"},"image":{"@id":"https:\/\/infoecos.com.ar\/index.php\/un-vecino-de-fortin-deheza-hospitalizado-y-el-ex-club-del-paraje-destruido\/#primaryimage"},"thumbnailUrl":"https:\/\/infoecos.com.ar\/wp-content\/uploads\/2021\/01\/fdeheza2.jpg","datePublished":"2021-01-11T19:18:45+00:00","dateModified":"2021-01-11T19:18:51+00:00","breadcrumb":{"@id":"https:\/\/infoecos.com.ar\/index.php\/un-vecino-de-fortin-deheza-hospitalizado-y-el-ex-club-del-paraje-destruido\/#breadcrumb"},"inLanguage":"es","potentialAction":[{"@type":"ReadAction","target":["https:\/\/infoecos.com.ar\/index.php\/un-vecino-de-fortin-deheza-hospitalizado-y-el-ex-club-del-paraje-destruido\/"]}]},{"@type":"ImageObject","inLanguage":"es","@id":"https:\/\/infoecos.com.ar\/index.php\/un-vecino-de-fortin-deheza-hospitalizado-y-el-ex-club-del-paraje-destruido\/#primaryimage","url":"https:\/\/infoecos.com.ar\/wp-content\/uploads\/2021\/01\/fdeheza2.jpg","contentUrl":"https:\/\/infoecos.com.ar\/wp-content\/uploads\/2021\/01\/fdeheza2.jpg","width":960,"height":1280},{"@type":"BreadcrumbList","@id":"https:\/\/infoecos.com.ar\/index.php\/un-vecino-de-fortin-deheza-hospitalizado-y-el-ex-club-del-paraje-destruido\/#breadcrumb","itemListElement":[{"@type":"ListItem","position":1,"name":"Portada","item":"https:\/\/infoecos.com.ar\/"},{"@type":"ListItem","position":2,"name":"Un vecino de Fort\u00edn Deheza hospitalizado y el ex club del paraje destruido"}]},{"@type":"WebSite","@id":"https:\/\/infoecos.com.ar\/#website","url":"https:\/\/infoecos.com.ar\/","name":"Infoecos","description":"Noticias de trenque lauquen y la zona","publisher":{"@id":"https:\/\/infoecos.com.ar\/#organization"},"alternateName":"Noticias","potentialAction":[{"@type":"SearchAction","target":{"@type":"EntryPoint","urlTemplate":"https:\/\/infoecos.com.ar\/?s={search_term_string}"},"query-input":{"@type":"PropertyValueSpecification","valueRequired":true,"valueName":"search_term_string"}}],"inLanguage":"es"},{"@type":"Organization","@id":"https:\/\/infoecos.com.ar\/#organization","name":"Infoecos","alternateName":"Noticias","url":"https:\/\/infoecos.com.ar\/","logo":{"@type":"ImageObject","inLanguage":"es","@id":"https:\/\/infoecos.com.ar\/#\/schema\/logo\/image\/","url":"https:\/\/infoecos.com.ar\/wp-content\/uploads\/2024\/03\/cropped-logo.png","contentUrl":"https:\/\/infoecos.com.ar\/wp-content\/uploads\/2024\/03\/cropped-logo.png","width":374,"height":90,"caption":"Infoecos"},"image":{"@id":"https:\/\/infoecos.com.ar\/#\/schema\/logo\/image\/"},"sameAs":["https:\/\/www.facebook.com\/profile.php?id=100063200290284","https:\/\/x.com\/infoecos"]},{"@type":"Person","@id":"https:\/\/infoecos.com.ar\/#\/schema\/person\/8f5ace5ce73b4b4aac4b7245aee6f191","name":"Jorge Matheus","url":"https:\/\/infoecos.com.ar\/index.php\/author\/jomatheus\/"}]}},"featured_image_urls":{"full":["https:\/\/infoecos.com.ar\/wp-content\/uploads\/2021\/01\/fdeheza2.jpg",960,1280,false],"thumbnail":["https:\/\/infoecos.com.ar\/wp-content\/uploads\/2021\/01\/fdeheza2-150x150.jpg",150,150,true],"medium":["https:\/\/infoecos.com.ar\/wp-content\/uploads\/2021\/01\/fdeheza2-345x460.jpg",345,460,true],"medium_large":["https:\/\/infoecos.com.ar\/wp-content\/uploads\/2021\/01\/fdeheza2-768x1024.jpg",640,853,true],"large":["https:\/\/infoecos.com.ar\/wp-content\/uploads\/2021\/01\/fdeheza2-690x920.jpg",640,853,true],"1536x1536":["https:\/\/infoecos.com.ar\/wp-content\/uploads\/2021\/01\/fdeheza2.jpg",960,1280,false],"2048x2048":["https:\/\/infoecos.com.ar\/wp-content\/uploads\/2021\/01\/fdeheza2.jpg",960,1280,false],"covernews-slider-full":["https:\/\/infoecos.com.ar\/wp-content\/uploads\/2021\/01\/fdeheza2-960x1020.jpg",673,715,true],"covernews-slider-center":["https:\/\/infoecos.com.ar\/wp-content\/uploads\/2021\/01\/fdeheza2-936x897.jpg",522,500,true],"covernews-featured":["https:\/\/infoecos.com.ar\/wp-content\/uploads\/2021\/01\/fdeheza2.jpg",960,1280,false],"covernews-medium":["https:\/\/infoecos.com.ar\/wp-content\/uploads\/2021\/01\/fdeheza2-720x380.jpg",540,285,true],"covernews-medium-square":["https:\/\/infoecos.com.ar\/wp-content\/uploads\/2021\/01\/fdeheza2-675x450.jpg",375,250,true]},"author_info":{"info":["Jorge Matheus"]},"category_info":"<a href=\"https:\/\/infoecos.com.ar\/index.php\/category\/c3nota1\/\" rel=\"category tag\">C3 N1<\/a>","tag_info":"C3 N1","comment_count":"0","_links":{"self":[{"href":"https:\/\/infoecos.com.ar\/index.php\/wp-json\/wp\/v2\/posts\/72520"}],"collection":[{"href":"https:\/\/infoecos.com.ar\/index.php\/wp-json\/wp\/v2\/posts"}],"about":[{"href":"https:\/\/infoecos.com.ar\/index.php\/wp-json\/wp\/v2\/types\/post"}],"author":[{"embeddable":true,"href":"https:\/\/infoecos.com.ar\/index.php\/wp-json\/wp\/v2\/users\/2"}],"replies":[{"embeddable":true,"href":"https:\/\/infoecos.com.ar\/index.php\/wp-json\/wp\/v2\/comments?post=72520"}],"version-history":[{"count":1,"href":"https:\/\/infoecos.com.ar\/index.php\/wp-json\/wp\/v2\/posts\/72520\/revisions"}],"predecessor-version":[{"id":72528,"href":"https:\/\/infoecos.com.ar\/index.php\/wp-json\/wp\/v2\/posts\/72520\/revisions\/72528"}],"wp:featuredmedia":[{"embeddable":true,"href":"https:\/\/infoecos.com.ar\/index.php\/wp-json\/wp\/v2\/media\/72521"}],"wp:attachment":[{"href":"https:\/\/infoecos.com.ar\/index.php\/wp-json\/wp\/v2\/media?parent=72520"}],"wp:term":[{"taxonomy":"category","embeddable":true,"href":"https:\/\/infoecos.com.ar\/index.php\/wp-json\/wp\/v2\/categories?post=72520"},{"taxonomy":"post_tag","embeddable":true,"href":"https:\/\/infoecos.com.ar\/index.php\/wp-json\/wp\/v2\/tags?post=72520"}],"curies":[{"name":"wp","href":"https:\/\/api.w.org\/{rel}","templated":true}]}}