{"id":72538,"date":"2021-01-11T17:04:45","date_gmt":"2021-01-11T20:04:45","guid":{"rendered":"http:\/\/infoecos.com.ar\/?p=72538"},"modified":"2021-01-12T15:59:52","modified_gmt":"2021-01-12T18:59:52","slug":"kicillof-ya-se-han-vacunado-40-mil-trabajadores-y-trabajadoras-de-la-salud","status":"publish","type":"post","link":"https:\/\/infoecos.com.ar\/index.php\/kicillof-ya-se-han-vacunado-40-mil-trabajadores-y-trabajadoras-de-la-salud\/","title":{"rendered":"Kicillof: \u00abya se han vacunado 40 mil trabajadores y trabajadoras de la salud\u00bb"},"content":{"rendered":"\n<p class=\"wp-block-paragraph\">El gobernador de la provincia de Buenos Aires, Axel Kicillof, visit\u00f3 este lunes el municipio de Berazategui, donde junto al ministro de Salud, Daniel Gollan, y al intendente Juan Jos\u00e9 Mussi, recorri\u00f3 las instalaciones del Hospital Evita Pueblo.<\/p>\n\n\n\n<div class=\"wp-block-image\"><figure class=\"aligncenter size-medium\"><img loading=\"lazy\" decoding=\"async\" width=\"460\" height=\"307\" src=\"http:\/\/infoecos.com.ar\/wp-content\/uploads\/2021\/01\/2021_01_11_Visita-a-Hospital-Evita-Pueblo_040-460x307.jpg\" alt=\"\" class=\"wp-image-72539\" srcset=\"https:\/\/infoecos.com.ar\/wp-content\/uploads\/2021\/01\/2021_01_11_Visita-a-Hospital-Evita-Pueblo_040-460x307.jpg 460w, https:\/\/infoecos.com.ar\/wp-content\/uploads\/2021\/01\/2021_01_11_Visita-a-Hospital-Evita-Pueblo_040-920x613.jpg 920w, https:\/\/infoecos.com.ar\/wp-content\/uploads\/2021\/01\/2021_01_11_Visita-a-Hospital-Evita-Pueblo_040-768x512.jpg 768w, https:\/\/infoecos.com.ar\/wp-content\/uploads\/2021\/01\/2021_01_11_Visita-a-Hospital-Evita-Pueblo_040-1536x1024.jpg 1536w, https:\/\/infoecos.com.ar\/wp-content\/uploads\/2021\/01\/2021_01_11_Visita-a-Hospital-Evita-Pueblo_040-2048x1365.jpg 2048w, https:\/\/infoecos.com.ar\/wp-content\/uploads\/2021\/01\/2021_01_11_Visita-a-Hospital-Evita-Pueblo_040-1024x683.jpg 1024w, https:\/\/infoecos.com.ar\/wp-content\/uploads\/2021\/01\/2021_01_11_Visita-a-Hospital-Evita-Pueblo_040-675x450.jpg 675w\" sizes=\"auto, (max-width: 460px) 100vw, 460px\" \/><figcaption>El Gobernador de la Provincia de Buenos Aires, Axel Kicillof, visit\u00f3 el hospital Evita Pueblo de Berazategui junto al intendente Juan Jose Mussi. <\/figcaption><\/figure><\/div>\n\n\n\n<p class=\"wp-block-paragraph\">Kicillof se\u00f1al\u00f3 que \u201cYa se han vacunado 40 mil trabajadores y trabajadoras de la salud en los 160 hospitales de toda la provincia de Buenos Aires\u201d. Asimismo, destac\u00f3 que&nbsp; trav\u00e9s del sitio&nbsp;<a rel=\"noreferrer noopener\" href=\"http:\/\/www.vacunatepba.gba.gob.ar\/\" target=\"_blank\">www.vacunatepba.gba.gob.ar<\/a>&nbsp;\u201cse han inscripto 700 mil personas para aplicarse la vacuna de forma voluntaria, lo que muestra las ganas de la sociedad por conseguir la inmunidad frente al coronavirus\u201d.&nbsp;<\/p>\n\n\n\n<p class=\"wp-block-paragraph\">Las autoridades visitaron visitaron el vacunatorio y el \u00c1rea de Investigaci\u00f3n Cl\u00ednica del hospital, sector en el que se llevar\u00e1n a cabo los estudios de la fase 3 de una vacuna que desarrollan laboratorios alemanes.<\/p>\n\n\n\n<div class=\"wp-block-image\"><figure class=\"aligncenter size-medium\"><img loading=\"lazy\" decoding=\"async\" width=\"460\" height=\"307\" src=\"http:\/\/infoecos.com.ar\/wp-content\/uploads\/2021\/01\/2021_01_11_Visita-a-Hospital-Evita-Pueblo_020-460x307.jpg\" alt=\"\" class=\"wp-image-72540\" srcset=\"https:\/\/infoecos.com.ar\/wp-content\/uploads\/2021\/01\/2021_01_11_Visita-a-Hospital-Evita-Pueblo_020-460x307.jpg 460w, https:\/\/infoecos.com.ar\/wp-content\/uploads\/2021\/01\/2021_01_11_Visita-a-Hospital-Evita-Pueblo_020-920x613.jpg 920w, https:\/\/infoecos.com.ar\/wp-content\/uploads\/2021\/01\/2021_01_11_Visita-a-Hospital-Evita-Pueblo_020-768x512.jpg 768w, https:\/\/infoecos.com.ar\/wp-content\/uploads\/2021\/01\/2021_01_11_Visita-a-Hospital-Evita-Pueblo_020-1536x1024.jpg 1536w, https:\/\/infoecos.com.ar\/wp-content\/uploads\/2021\/01\/2021_01_11_Visita-a-Hospital-Evita-Pueblo_020-2048x1365.jpg 2048w, https:\/\/infoecos.com.ar\/wp-content\/uploads\/2021\/01\/2021_01_11_Visita-a-Hospital-Evita-Pueblo_020-1024x683.jpg 1024w, https:\/\/infoecos.com.ar\/wp-content\/uploads\/2021\/01\/2021_01_11_Visita-a-Hospital-Evita-Pueblo_020-675x450.jpg 675w\" sizes=\"auto, (max-width: 460px) 100vw, 460px\" \/><figcaption>El Gobernador de la Provincia de Buenos Aires, Axel Kicillof, visit\u00f3 el hospital Evita Pueblo de Berazategui junto al intendente Juan Jose Mussi. <\/figcaption><\/figure><\/div>\n\n\n\n<p class=\"wp-block-paragraph\">El ministro Gollan subray\u00f3 que \u201clas vacunas ya est\u00e1n disponibles en todos los municipios de la provincia de Buenos Aires\u201d, en tanto que alert\u00f3 que \u201cesto no implica que podamos bajar la guardia y relajarnos, sino que debemos recuperar los cuidados para que podamos continuar con las actividades que est\u00e1n permitidas\u201d.<\/p>\n\n\n\n<p class=\"wp-block-paragraph\">\u201cEl esfuerzo por mantener los cuidados es mucho m\u00e1s importante ahora que tenemos un horizonte m\u00e1s cercano en el que todos los y las bonaerenses van a poder acceder a la \u00faltima tecnolog\u00eda en vacunas\u201d, concluy\u00f3 Kicillof.<\/p>\n\n\n\n<figure class=\"wp-block-audio\"><audio controls src=\"http:\/\/infoecos.com.ar\/wp-content\/uploads\/2021\/01\/11-01-21-Berazategui-Vacunas.mp3\"><\/audio><\/figure>\n\n\n\n<p class=\"wp-block-paragraph\"><br><\/p>\n\n\n\n<p class=\"wp-block-paragraph\"><\/p>\n","protected":false},"excerpt":{"rendered":"<p>Destac\u00f3 que  trav\u00e9s del sitio www.vacunatepba.gba.gob.ar \u201cse han inscripto 700 mil personas para aplicarse la vacuna de forma voluntaria\u00bb<\/p>\n","protected":false},"author":2,"featured_media":72541,"comment_status":"closed","ping_status":"open","sticky":false,"template":"","format":"standard","meta":{"footnotes":""},"categories":[1327,41],"tags":[2572],"class_list":["post-72538","post","type-post","status-publish","format-standard","has-post-thumbnail","hentry","category-audio","category-inferior2","tag-el-gobernador-en-berazategui"],"featured_image_urls":{"full":["https:\/\/infoecos.com.ar\/wp-content\/uploads\/2021\/01\/2021_01_11_Visita-a-Hospital-Evita-Pueblo_005-scaled.jpg",2560,1707,false],"thumbnail":["https:\/\/infoecos.com.ar\/wp-content\/uploads\/2021\/01\/2021_01_11_Visita-a-Hospital-Evita-Pueblo_005-150x150.jpg",150,150,true],"medium":["https:\/\/infoecos.com.ar\/wp-content\/uploads\/2021\/01\/2021_01_11_Visita-a-Hospital-Evita-Pueblo_005-460x307.jpg",460,307,true],"medium_large":["https:\/\/infoecos.com.ar\/wp-content\/uploads\/2021\/01\/2021_01_11_Visita-a-Hospital-Evita-Pueblo_005-768x512.jpg",640,427,true],"large":["https:\/\/infoecos.com.ar\/wp-content\/uploads\/2021\/01\/2021_01_11_Visita-a-Hospital-Evita-Pueblo_005-920x613.jpg",640,426,true],"1536x1536":["https:\/\/infoecos.com.ar\/wp-content\/uploads\/2021\/01\/2021_01_11_Visita-a-Hospital-Evita-Pueblo_005-1536x1024.jpg",1536,1024,true],"2048x2048":["https:\/\/infoecos.com.ar\/wp-content\/uploads\/2021\/01\/2021_01_11_Visita-a-Hospital-Evita-Pueblo_005-2048x1365.jpg",2048,1365,true],"covernews-slider-full":["https:\/\/infoecos.com.ar\/wp-content\/uploads\/2021\/01\/2021_01_11_Visita-a-Hospital-Evita-Pueblo_005-1536x1020.jpg",1077,715,true],"covernews-slider-center":["https:\/\/infoecos.com.ar\/wp-content\/uploads\/2021\/01\/2021_01_11_Visita-a-Hospital-Evita-Pueblo_005-936x897.jpg",522,500,true],"covernews-featured":["https:\/\/infoecos.com.ar\/wp-content\/uploads\/2021\/01\/2021_01_11_Visita-a-Hospital-Evita-Pueblo_005-1024x683.jpg",1024,683,true],"covernews-medium":["https:\/\/infoecos.com.ar\/wp-content\/uploads\/2021\/01\/2021_01_11_Visita-a-Hospital-Evita-Pueblo_005-720x380.jpg",540,285,true],"covernews-medium-square":["https:\/\/infoecos.com.ar\/wp-content\/uploads\/2021\/01\/2021_01_11_Visita-a-Hospital-Evita-Pueblo_005-675x450.jpg",375,250,true]},"author_info":{"info":["Jorge Matheus"]},"category_info":"<a href=\"https:\/\/infoecos.com.ar\/index.php\/category\/audio\/\" rel=\"category tag\">Audio<\/a> <a href=\"https:\/\/infoecos.com.ar\/index.php\/category\/inferior2\/\" rel=\"category tag\">Bloque inferior - 2<\/a>","tag_info":"Bloque inferior - 2","comment_count":"0","_links":{"self":[{"href":"https:\/\/infoecos.com.ar\/index.php\/wp-json\/wp\/v2\/posts\/72538","targetHints":{"allow":["GET"]}}],"collection":[{"href":"https:\/\/infoecos.com.ar\/index.php\/wp-json\/wp\/v2\/posts"}],"about":[{"href":"https:\/\/infoecos.com.ar\/index.php\/wp-json\/wp\/v2\/types\/post"}],"author":[{"embeddable":true,"href":"https:\/\/infoecos.com.ar\/index.php\/wp-json\/wp\/v2\/users\/2"}],"replies":[{"embeddable":true,"href":"https:\/\/infoecos.com.ar\/index.php\/wp-json\/wp\/v2\/comments?post=72538"}],"version-history":[{"count":3,"href":"https:\/\/infoecos.com.ar\/index.php\/wp-json\/wp\/v2\/posts\/72538\/revisions"}],"predecessor-version":[{"id":72608,"href":"https:\/\/infoecos.com.ar\/index.php\/wp-json\/wp\/v2\/posts\/72538\/revisions\/72608"}],"wp:featuredmedia":[{"embeddable":true,"href":"https:\/\/infoecos.com.ar\/index.php\/wp-json\/wp\/v2\/media\/72541"}],"wp:attachment":[{"href":"https:\/\/infoecos.com.ar\/index.php\/wp-json\/wp\/v2\/media?parent=72538"}],"wp:term":[{"taxonomy":"category","embeddable":true,"href":"https:\/\/infoecos.com.ar\/index.php\/wp-json\/wp\/v2\/categories?post=72538"},{"taxonomy":"post_tag","embeddable":true,"href":"https:\/\/infoecos.com.ar\/index.php\/wp-json\/wp\/v2\/tags?post=72538"}],"curies":[{"name":"wp","href":"https:\/\/api.w.org\/{rel}","templated":true}]}}