{"id":72546,"date":"2021-01-11T17:20:46","date_gmt":"2021-01-11T20:20:46","guid":{"rendered":"http:\/\/infoecos.com.ar\/?p=72546"},"modified":"2021-01-11T17:20:49","modified_gmt":"2021-01-11T20:20:49","slug":"zurro-anuncio-que-adhiere-en-todos-sus-terminos-a-lo-dispuesto-por-la-provincia","status":"publish","type":"post","link":"https:\/\/infoecos.com.ar\/index.php\/zurro-anuncio-que-adhiere-en-todos-sus-terminos-a-lo-dispuesto-por-la-provincia\/","title":{"rendered":"Zurro anunci\u00f3 que adhiere en todos sus t\u00e9rminos a lo dispuesto por la provincia"},"content":{"rendered":"\n<p class=\"wp-block-paragraph\">El Intendente municipal de Pehuaj\u00f3, Pablo Javier Zurro, anunci\u00f3 en conferencia de prensa la adhesi\u00f3n al Decreto Provincial 1\/2021 en el que se establece la restricci\u00f3n de toda actividad comercial y cultural en el horario de de 1 a 6, sin excepci\u00f3n, con vigencia desde el 11 de enero al 31 de enero del 2021.<\/p>\n\n\n\n<div class=\"wp-block-image\"><figure class=\"aligncenter size-medium\"><img loading=\"lazy\" decoding=\"async\" width=\"460\" height=\"307\" src=\"http:\/\/infoecos.com.ar\/wp-content\/uploads\/2021\/01\/zurroconfdeprensa-460x307.jpg\" alt=\"\" class=\"wp-image-72547\" srcset=\"https:\/\/infoecos.com.ar\/wp-content\/uploads\/2021\/01\/zurroconfdeprensa-460x307.jpg 460w, https:\/\/infoecos.com.ar\/wp-content\/uploads\/2021\/01\/zurroconfdeprensa-768x512.jpg 768w, https:\/\/infoecos.com.ar\/wp-content\/uploads\/2021\/01\/zurroconfdeprensa-675x450.jpg 675w, https:\/\/infoecos.com.ar\/wp-content\/uploads\/2021\/01\/zurroconfdeprensa.jpg 810w\" sizes=\"auto, (max-width: 460px) 100vw, 460px\" \/><\/figure><\/div>\n\n\n\n<p class=\"wp-block-paragraph\">Zurro explic\u00f3 que \u00abcomo todos saben, siempre hemos trabajado en absoluta coordinaci\u00f3n con la naci\u00f3n y la provincia de buenos aires, raz\u00f3n por la que a trav\u00e9s del Decreto Municipal 36\/21, adherimos al Decreto Provincial 1\/2021 con fecha 11 de enero, y con vigencia hasta el 31 de enero. Es una medida que adoptamos en todo el \u00e1mbito del partido de Pehuaj\u00f3, es temporaria y est\u00e1 estrictamente vinculada con el cuidado y la prevenci\u00f3n, de acuerdo a la suba de casos y contagios de coronavirus en los \u00faltimos 40 d\u00edas\u00bb. <\/p>\n\n\n\n<p class=\"wp-block-paragraph\">El Intendente explic\u00f3 que dicha medida ya fue comunicada a la C\u00e1mara de Comercio y agreg\u00f3: \u00abhemos quedado en fase 4. No es tan grave la situaci\u00f3n epidemiol\u00f3gica en la ciudad de Pehuaj\u00f3 con respecto a otros distritos. La realidad, es que yo quisiera que no tuvi\u00e9ramos ning\u00fan caso\u00bb. <\/p>\n","protected":false},"excerpt":{"rendered":"<p>El Intendente explic\u00f3 que dicha medida ya fue comunicada a la C\u00e1mara de Comercio<\/p>\n","protected":false},"author":2,"featured_media":72547,"comment_status":"closed","ping_status":"open","sticky":false,"template":"","format":"standard","meta":{"footnotes":""},"categories":[24],"tags":[2550],"class_list":["post-72546","post","type-post","status-publish","format-standard","has-post-thumbnail","hentry","category-c1nota3","tag-conferencia-de-prensa"],"featured_image_urls":{"full":["https:\/\/infoecos.com.ar\/wp-content\/uploads\/2021\/01\/zurroconfdeprensa.jpg",810,540,false],"thumbnail":["https:\/\/infoecos.com.ar\/wp-content\/uploads\/2021\/01\/zurroconfdeprensa-150x150.jpg",150,150,true],"medium":["https:\/\/infoecos.com.ar\/wp-content\/uploads\/2021\/01\/zurroconfdeprensa-460x307.jpg",460,307,true],"medium_large":["https:\/\/infoecos.com.ar\/wp-content\/uploads\/2021\/01\/zurroconfdeprensa-768x512.jpg",640,427,true],"large":["https:\/\/infoecos.com.ar\/wp-content\/uploads\/2021\/01\/zurroconfdeprensa.jpg",640,427,false],"1536x1536":["https:\/\/infoecos.com.ar\/wp-content\/uploads\/2021\/01\/zurroconfdeprensa.jpg",810,540,false],"2048x2048":["https:\/\/infoecos.com.ar\/wp-content\/uploads\/2021\/01\/zurroconfdeprensa.jpg",810,540,false],"covernews-slider-full":["https:\/\/infoecos.com.ar\/wp-content\/uploads\/2021\/01\/zurroconfdeprensa.jpg",810,540,false],"covernews-slider-center":["https:\/\/infoecos.com.ar\/wp-content\/uploads\/2021\/01\/zurroconfdeprensa.jpg",750,500,false],"covernews-featured":["https:\/\/infoecos.com.ar\/wp-content\/uploads\/2021\/01\/zurroconfdeprensa.jpg",810,540,false],"covernews-medium":["https:\/\/infoecos.com.ar\/wp-content\/uploads\/2021\/01\/zurroconfdeprensa-720x380.jpg",540,285,true],"covernews-medium-square":["https:\/\/infoecos.com.ar\/wp-content\/uploads\/2021\/01\/zurroconfdeprensa-675x450.jpg",375,250,true]},"author_info":{"info":["Jorge Matheus"]},"category_info":"<a href=\"https:\/\/infoecos.com.ar\/index.php\/category\/c1nota3\/\" rel=\"category tag\">C1 N3<\/a>","tag_info":"C1 N3","comment_count":"0","_links":{"self":[{"href":"https:\/\/infoecos.com.ar\/index.php\/wp-json\/wp\/v2\/posts\/72546","targetHints":{"allow":["GET"]}}],"collection":[{"href":"https:\/\/infoecos.com.ar\/index.php\/wp-json\/wp\/v2\/posts"}],"about":[{"href":"https:\/\/infoecos.com.ar\/index.php\/wp-json\/wp\/v2\/types\/post"}],"author":[{"embeddable":true,"href":"https:\/\/infoecos.com.ar\/index.php\/wp-json\/wp\/v2\/users\/2"}],"replies":[{"embeddable":true,"href":"https:\/\/infoecos.com.ar\/index.php\/wp-json\/wp\/v2\/comments?post=72546"}],"version-history":[{"count":1,"href":"https:\/\/infoecos.com.ar\/index.php\/wp-json\/wp\/v2\/posts\/72546\/revisions"}],"predecessor-version":[{"id":72548,"href":"https:\/\/infoecos.com.ar\/index.php\/wp-json\/wp\/v2\/posts\/72546\/revisions\/72548"}],"wp:featuredmedia":[{"embeddable":true,"href":"https:\/\/infoecos.com.ar\/index.php\/wp-json\/wp\/v2\/media\/72547"}],"wp:attachment":[{"href":"https:\/\/infoecos.com.ar\/index.php\/wp-json\/wp\/v2\/media?parent=72546"}],"wp:term":[{"taxonomy":"category","embeddable":true,"href":"https:\/\/infoecos.com.ar\/index.php\/wp-json\/wp\/v2\/categories?post=72546"},{"taxonomy":"post_tag","embeddable":true,"href":"https:\/\/infoecos.com.ar\/index.php\/wp-json\/wp\/v2\/tags?post=72546"}],"curies":[{"name":"wp","href":"https:\/\/api.w.org\/{rel}","templated":true}]}}