{"id":72553,"date":"2021-01-12T01:21:46","date_gmt":"2021-01-12T04:21:46","guid":{"rendered":"http:\/\/infoecos.com.ar\/?p=72553"},"modified":"2021-01-12T01:21:49","modified_gmt":"2021-01-12T04:21:49","slug":"chivilcoy-reporto-132-casos-activos-y-un-fallecimiento","status":"publish","type":"post","link":"https:\/\/infoecos.com.ar\/index.php\/chivilcoy-reporto-132-casos-activos-y-un-fallecimiento\/","title":{"rendered":"Chivilcoy report\u00f3 132 casos activos y un fallecimiento"},"content":{"rendered":"\n<p class=\"wp-block-paragraph\">El intendente municipal de Chivilcoy, Guillermo Britos, junto al secretario de Salud, Jos\u00e9 Caprara, comunic\u00f3 en conferencia de prensa que se registraron 19 resultados confirmados de Covid-19 y 25 pacientes recuperados. Lamentablemente, falleci\u00f3 un paciente de 65 a\u00f1os que se encontraba internado en UTI.<\/p>\n\n\n\n<div class=\"wp-block-image\"><figure class=\"aligncenter size-medium\"><img loading=\"lazy\" decoding=\"async\" width=\"460\" height=\"460\" src=\"http:\/\/infoecos.com.ar\/wp-content\/uploads\/2021\/01\/reportechivilcoy-1-460x460.jpg\" alt=\"\" class=\"wp-image-72554\" srcset=\"https:\/\/infoecos.com.ar\/wp-content\/uploads\/2021\/01\/reportechivilcoy-1-460x460.jpg 460w, https:\/\/infoecos.com.ar\/wp-content\/uploads\/2021\/01\/reportechivilcoy-1-150x150.jpg 150w, https:\/\/infoecos.com.ar\/wp-content\/uploads\/2021\/01\/reportechivilcoy-1.jpg 526w\" sizes=\"auto, (max-width: 460px) 100vw, 460px\" \/><\/figure><\/div>\n\n\n\n<p class=\"wp-block-paragraph\">En este sentido, el jefe comunal ampli\u00f3: \u201cDel laboratorio P\u00fablico, los resultados corresponden al d\u00eda 6 de enero, que restaba llegar una muestra, se trata de una mujer de 65 a\u00f1os de la localidad de Moquehu\u00e1, que no tiene nexo establecido. En tanto que, del 8 de enero recibimos 56 muestras, 18 positivas y 38 descartadas; y no hubo positivos del sistema privado\u201d.<\/p>\n\n\n\n<p class=\"wp-block-paragraph\">\u201cLos positivos del sistema p\u00fablico, corresponden a cuatro personas de Moquehu\u00e1, tres de ellos con el mismo nexo (un var\u00f3n, una mujer y su hijo adolescente) y una se\u00f1ora sin nexo. Los positivos en Chivilcoy son siete varones de entre 3 y 74 a\u00f1os y ocho mujeres de entre 27 y 63 a\u00f1os\u201d.<\/p>\n\n\n\n<p class=\"wp-block-paragraph\">Por su parte, el secretario de Salud se refiri\u00f3 al paciente fallecido y expres\u00f3: \u201cEra un hombre de 65 a\u00f1os que estaba internado en terapia intensiva, llevaba 7 d\u00edas en asistencia respiratoria mec\u00e1nica con pron\u00f3stico reservado y ten\u00eda como patolog\u00eda de base insuficiencia renal cr\u00f3nica. Adem\u00e0s, ten\u00eda neumon\u00eda bilateral por Covid\u201d.<\/p>\n\n\n\n<p class=\"wp-block-paragraph\">Por otro lado, el jefe comunal ampli\u00f3 que \u201clos trabajadores esenciales est\u00e1n autorizados a trabajar en el horario de 1 a 6 horas\u201d y manifest\u00f3: \u201cEntendemos que si puede determinar que va a trabajar no necesita ning\u00fan certificado\u201d.<\/p>\n\n\n\n<p class=\"wp-block-paragraph\">\u201cA las remiser\u00edas se les va a permitir que sigan trabajando para trasladar a los trabajadores esenciales. Les pedimos a todos los trabajadores de las agencias la responsabilidad que amerita el momento\u201d, agreg\u00f3.<\/p>\n","protected":false},"excerpt":{"rendered":"<p>Por otro lado, el jefe comunal ampli\u00f3 que \u201clos trabajadores esenciales est\u00e1n autorizados a trabajar en el horario de 1 a 6 horas\u201d<\/p>\n","protected":false},"author":2,"featured_media":72555,"comment_status":"closed","ping_status":"open","sticky":false,"template":"","format":"standard","meta":{"footnotes":""},"categories":[50],"tags":[1785],"class_list":["post-72553","post","type-post","status-publish","format-standard","has-post-thumbnail","hentry","category-c1nota4","tag-coronavirus"],"featured_image_urls":{"full":["https:\/\/infoecos.com.ar\/wp-content\/uploads\/2021\/01\/BRITOS-1.jpg",768,512,false],"thumbnail":["https:\/\/infoecos.com.ar\/wp-content\/uploads\/2021\/01\/BRITOS-1-150x150.jpg",150,150,true],"medium":["https:\/\/infoecos.com.ar\/wp-content\/uploads\/2021\/01\/BRITOS-1-460x307.jpg",460,307,true],"medium_large":["https:\/\/infoecos.com.ar\/wp-content\/uploads\/2021\/01\/BRITOS-1.jpg",640,427,false],"large":["https:\/\/infoecos.com.ar\/wp-content\/uploads\/2021\/01\/BRITOS-1.jpg",640,427,false],"1536x1536":["https:\/\/infoecos.com.ar\/wp-content\/uploads\/2021\/01\/BRITOS-1.jpg",768,512,false],"2048x2048":["https:\/\/infoecos.com.ar\/wp-content\/uploads\/2021\/01\/BRITOS-1.jpg",768,512,false],"covernews-slider-full":["https:\/\/infoecos.com.ar\/wp-content\/uploads\/2021\/01\/BRITOS-1.jpg",768,512,false],"covernews-slider-center":["https:\/\/infoecos.com.ar\/wp-content\/uploads\/2021\/01\/BRITOS-1.jpg",750,500,false],"covernews-featured":["https:\/\/infoecos.com.ar\/wp-content\/uploads\/2021\/01\/BRITOS-1.jpg",768,512,false],"covernews-medium":["https:\/\/infoecos.com.ar\/wp-content\/uploads\/2021\/01\/BRITOS-1-720x380.jpg",540,285,true],"covernews-medium-square":["https:\/\/infoecos.com.ar\/wp-content\/uploads\/2021\/01\/BRITOS-1-675x450.jpg",375,250,true]},"author_info":{"info":["Jorge Matheus"]},"category_info":"<a href=\"https:\/\/infoecos.com.ar\/index.php\/category\/c1nota4\/\" rel=\"category tag\">C1 N4<\/a>","tag_info":"C1 N4","comment_count":"0","_links":{"self":[{"href":"https:\/\/infoecos.com.ar\/index.php\/wp-json\/wp\/v2\/posts\/72553","targetHints":{"allow":["GET"]}}],"collection":[{"href":"https:\/\/infoecos.com.ar\/index.php\/wp-json\/wp\/v2\/posts"}],"about":[{"href":"https:\/\/infoecos.com.ar\/index.php\/wp-json\/wp\/v2\/types\/post"}],"author":[{"embeddable":true,"href":"https:\/\/infoecos.com.ar\/index.php\/wp-json\/wp\/v2\/users\/2"}],"replies":[{"embeddable":true,"href":"https:\/\/infoecos.com.ar\/index.php\/wp-json\/wp\/v2\/comments?post=72553"}],"version-history":[{"count":1,"href":"https:\/\/infoecos.com.ar\/index.php\/wp-json\/wp\/v2\/posts\/72553\/revisions"}],"predecessor-version":[{"id":72556,"href":"https:\/\/infoecos.com.ar\/index.php\/wp-json\/wp\/v2\/posts\/72553\/revisions\/72556"}],"wp:featuredmedia":[{"embeddable":true,"href":"https:\/\/infoecos.com.ar\/index.php\/wp-json\/wp\/v2\/media\/72555"}],"wp:attachment":[{"href":"https:\/\/infoecos.com.ar\/index.php\/wp-json\/wp\/v2\/media?parent=72553"}],"wp:term":[{"taxonomy":"category","embeddable":true,"href":"https:\/\/infoecos.com.ar\/index.php\/wp-json\/wp\/v2\/categories?post=72553"},{"taxonomy":"post_tag","embeddable":true,"href":"https:\/\/infoecos.com.ar\/index.php\/wp-json\/wp\/v2\/tags?post=72553"}],"curies":[{"name":"wp","href":"https:\/\/api.w.org\/{rel}","templated":true}]}}