{"id":72563,"date":"2021-01-12T01:37:26","date_gmt":"2021-01-12T04:37:26","guid":{"rendered":"http:\/\/infoecos.com.ar\/?p=72563"},"modified":"2021-01-12T01:37:29","modified_gmt":"2021-01-12T04:37:29","slug":"se-registro-el-cuarto-fallecimiento-por-coronavirus-en-salliquelo","status":"publish","type":"post","link":"https:\/\/infoecos.com.ar\/index.php\/se-registro-el-cuarto-fallecimiento-por-coronavirus-en-salliquelo\/","title":{"rendered":"Se registr\u00f3 el cuarto fallecimiento por coronavirus en Salliquel\u00f3"},"content":{"rendered":"\n<p class=\"wp-block-paragraph\">El reporte diario sobre la situaci\u00f3n epidemiol\u00f3gica en el distrito de Salliquel\u00f3, inform\u00f3 este lunes a las 18 hs que se registr\u00f3 el cuarto fallecimiento relacionado al virus, 33 nuevos casos positivos y 65 pacientes que recibieron el alta.<\/p>\n\n\n\n<div class=\"wp-block-image\"><figure class=\"aligncenter size-medium\"><img loading=\"lazy\" decoding=\"async\" width=\"460\" height=\"386\" src=\"http:\/\/infoecos.com.ar\/wp-content\/uploads\/2021\/01\/reportesalliquelo-2-460x386.png\" alt=\"\" class=\"wp-image-72564\" srcset=\"https:\/\/infoecos.com.ar\/wp-content\/uploads\/2021\/01\/reportesalliquelo-2-460x386.png 460w, https:\/\/infoecos.com.ar\/wp-content\/uploads\/2021\/01\/reportesalliquelo-2-920x771.png 920w, https:\/\/infoecos.com.ar\/wp-content\/uploads\/2021\/01\/reportesalliquelo-2-768x644.png 768w, https:\/\/infoecos.com.ar\/wp-content\/uploads\/2021\/01\/reportesalliquelo-2-936x788.png 936w, https:\/\/infoecos.com.ar\/wp-content\/uploads\/2021\/01\/reportesalliquelo-2.png 940w\" sizes=\"auto, (max-width: 460px) 100vw, 460px\" \/><\/figure><\/div>\n\n\n\n<p class=\"wp-block-paragraph\">Las cifras arrojan hasta el momento un total de 271 casos positivos activos (29 en Quenum\u00e1), 109 de ellos diagnosticados mediante an\u00e1lisis y 162 por nexo cl\u00ednico epidemiol\u00f3gico (9 en internaci\u00f3n, 7 de ellos derivados a mayor complejidad), 1310 personas que realizan aislamiento sanitario preventivo y se aguarda el resultado de 24 muestras. Los pacientes recuperados hasta el momento son 403 y se registran 4 fallecimientos.<\/p>\n\n\n\n<p class=\"wp-block-paragraph\"><strong>Fuente: veradia.com<\/strong><\/p>\n","protected":false},"excerpt":{"rendered":"<p>Las cifras arrojan hasta el momento un total de 271 casos positivos activos (29 en Quenum\u00e1), 109 de ellos diagnosticados mediante an\u00e1lisis y 162 por nexo cl\u00ednico epidemiol\u00f3gico (9 en internaci\u00f3n, 7 de ellos derivados a mayor complejidad)<\/p>\n","protected":false},"author":2,"featured_media":72271,"comment_status":"closed","ping_status":"open","sticky":false,"template":"","format":"standard","meta":{"footnotes":""},"categories":[198],"tags":[2574],"class_list":["post-72563","post","type-post","status-publish","format-standard","has-post-thumbnail","hentry","category-c1nota5","tag-271-casos-activos"],"featured_image_urls":{"full":["https:\/\/infoecos.com.ar\/wp-content\/uploads\/2021\/01\/salliquelosputnik.jpg",1566,1044,false],"thumbnail":["https:\/\/infoecos.com.ar\/wp-content\/uploads\/2021\/01\/salliquelosputnik-150x150.jpg",150,150,true],"medium":["https:\/\/infoecos.com.ar\/wp-content\/uploads\/2021\/01\/salliquelosputnik-460x307.jpg",460,307,true],"medium_large":["https:\/\/infoecos.com.ar\/wp-content\/uploads\/2021\/01\/salliquelosputnik-768x512.jpg",640,427,true],"large":["https:\/\/infoecos.com.ar\/wp-content\/uploads\/2021\/01\/salliquelosputnik-920x613.jpg",640,426,true],"1536x1536":["https:\/\/infoecos.com.ar\/wp-content\/uploads\/2021\/01\/salliquelosputnik-1536x1024.jpg",1536,1024,true],"2048x2048":["https:\/\/infoecos.com.ar\/wp-content\/uploads\/2021\/01\/salliquelosputnik.jpg",1566,1044,false],"covernews-slider-full":["https:\/\/infoecos.com.ar\/wp-content\/uploads\/2021\/01\/salliquelosputnik-1536x1020.jpg",1077,715,true],"covernews-slider-center":["https:\/\/infoecos.com.ar\/wp-content\/uploads\/2021\/01\/salliquelosputnik-936x897.jpg",522,500,true],"covernews-featured":["https:\/\/infoecos.com.ar\/wp-content\/uploads\/2021\/01\/salliquelosputnik-1024x683.jpg",1024,683,true],"covernews-medium":["https:\/\/infoecos.com.ar\/wp-content\/uploads\/2021\/01\/salliquelosputnik-720x380.jpg",540,285,true],"covernews-medium-square":["https:\/\/infoecos.com.ar\/wp-content\/uploads\/2021\/01\/salliquelosputnik-675x450.jpg",375,250,true]},"author_info":{"info":["Jorge Matheus"]},"category_info":"<a href=\"https:\/\/infoecos.com.ar\/index.php\/category\/c1nota5\/\" rel=\"category tag\">C1 nota 5<\/a>","tag_info":"C1 nota 5","comment_count":"0","_links":{"self":[{"href":"https:\/\/infoecos.com.ar\/index.php\/wp-json\/wp\/v2\/posts\/72563","targetHints":{"allow":["GET"]}}],"collection":[{"href":"https:\/\/infoecos.com.ar\/index.php\/wp-json\/wp\/v2\/posts"}],"about":[{"href":"https:\/\/infoecos.com.ar\/index.php\/wp-json\/wp\/v2\/types\/post"}],"author":[{"embeddable":true,"href":"https:\/\/infoecos.com.ar\/index.php\/wp-json\/wp\/v2\/users\/2"}],"replies":[{"embeddable":true,"href":"https:\/\/infoecos.com.ar\/index.php\/wp-json\/wp\/v2\/comments?post=72563"}],"version-history":[{"count":1,"href":"https:\/\/infoecos.com.ar\/index.php\/wp-json\/wp\/v2\/posts\/72563\/revisions"}],"predecessor-version":[{"id":72565,"href":"https:\/\/infoecos.com.ar\/index.php\/wp-json\/wp\/v2\/posts\/72563\/revisions\/72565"}],"wp:featuredmedia":[{"embeddable":true,"href":"https:\/\/infoecos.com.ar\/index.php\/wp-json\/wp\/v2\/media\/72271"}],"wp:attachment":[{"href":"https:\/\/infoecos.com.ar\/index.php\/wp-json\/wp\/v2\/media?parent=72563"}],"wp:term":[{"taxonomy":"category","embeddable":true,"href":"https:\/\/infoecos.com.ar\/index.php\/wp-json\/wp\/v2\/categories?post=72563"},{"taxonomy":"post_tag","embeddable":true,"href":"https:\/\/infoecos.com.ar\/index.php\/wp-json\/wp\/v2\/tags?post=72563"}],"curies":[{"name":"wp","href":"https:\/\/api.w.org\/{rel}","templated":true}]}}