{"id":72574,"date":"2021-01-12T01:55:11","date_gmt":"2021-01-12T04:55:11","guid":{"rendered":"http:\/\/infoecos.com.ar\/?p=72574"},"modified":"2021-01-12T01:55:16","modified_gmt":"2021-01-12T04:55:16","slug":"anses-calendario-de-pagos-del-martes-12-de-enero","status":"publish","type":"post","link":"https:\/\/infoecos.com.ar\/index.php\/anses-calendario-de-pagos-del-martes-12-de-enero\/","title":{"rendered":"ANSES: calendario de pagos del martes 12 de enero"},"content":{"rendered":"\n<p class=\"wp-block-paragraph\"><strong>Jubilaciones&nbsp;y&nbsp;pensiones&nbsp;del Sistema Integrado Previsional Argentino (SIPA)<\/strong><\/p>\n\n\n\n<p class=\"wp-block-paragraph\">Las sucursales bancarias habilitadas atender\u00e1n por ventanilla solo a los&nbsp;jubilados&nbsp;y pensionados con documentos terminados en&nbsp;<strong>0&nbsp;<\/strong>cuyos<strong>&nbsp;haberes NO SUPEREN la suma de $21.393<\/strong>.<\/p>\n\n\n\n<p class=\"wp-block-paragraph\">En este sentido, si bien estas personas no tienen que solicitar turno previo para cobrar el beneficio,&nbsp;deben acercarse a la sucursal bancaria \u00fanicamente en la fecha asignada. Cabe recordar que los haberes permanecer\u00e1n depositados en sus cuentas.<\/p>\n\n\n\n<p class=\"wp-block-paragraph\"><strong>Asignaci\u00f3n Universal por Hijo (AUH) y Asignaci\u00f3n Familiar por Hijo<\/strong><\/p>\n\n\n\n<p class=\"wp-block-paragraph\">Con la utilizaci\u00f3n de la tarjeta de d\u00e9bito, hoy perciben la Asignaci\u00f3n Universal por Hijo y la Asignaci\u00f3n Familiar por Hijo los titulares con documentos concluidos en\u00a0<strong>0<\/strong>.<\/p>\n\n\n\n<p class=\"wp-block-paragraph\"><strong>Asignaci\u00f3n Universal por Embarazo (AUE)<\/strong><\/p>\n\n\n\n<p class=\"wp-block-paragraph\">Con la utilizaci\u00f3n de la tarjeta de d\u00e9bito, hoy perciben la Asignaci\u00f3n Universal por Embarazo las titulares con documentos concluidos en\u00a0<strong>1<\/strong>.<\/p>\n\n\n\n<p class=\"wp-block-paragraph\"><strong>Asignaciones Familiares de Pensiones No Contributivas<\/strong><\/p>\n\n\n\n<p class=\"wp-block-paragraph\">A partir de hoy y hasta el 10 de febrero, se pagan las Asignaciones Familiares de Pensiones No Contributivas para todas las finalizaciones de documento.<\/p>\n","protected":false},"excerpt":{"rendered":"<p>La ANSES, organismo a cargo de Fernanda Raverta, informa que hoy se abonan Jubilaciones, Pensiones, Asignaci\u00f3n Universal por Hijo, por Embarazo y Asignaci\u00f3n Familiar por Hijo.<\/p>\n","protected":false},"author":2,"featured_media":64649,"comment_status":"closed","ping_status":"open","sticky":false,"template":"","format":"standard","meta":{"footnotes":""},"categories":[1341],"tags":[1161],"class_list":["post-72574","post","type-post","status-publish","format-standard","has-post-thumbnail","hentry","category-c1nota7","tag-sociedad"],"featured_image_urls":{"full":["https:\/\/infoecos.com.ar\/wp-content\/uploads\/lvp.anses_.jpg",1024,679,false],"thumbnail":["https:\/\/infoecos.com.ar\/wp-content\/uploads\/lvp.anses_-150x150.jpg",150,150,true],"medium":["https:\/\/infoecos.com.ar\/wp-content\/uploads\/lvp.anses_-460x305.jpg",460,305,true],"medium_large":["https:\/\/infoecos.com.ar\/wp-content\/uploads\/lvp.anses_-768x509.jpg",640,424,true],"large":["https:\/\/infoecos.com.ar\/wp-content\/uploads\/lvp.anses_-920x610.jpg",640,424,true],"1536x1536":["https:\/\/infoecos.com.ar\/wp-content\/uploads\/lvp.anses_.jpg",1024,679,false],"2048x2048":["https:\/\/infoecos.com.ar\/wp-content\/uploads\/lvp.anses_.jpg",1024,679,false],"covernews-slider-full":["https:\/\/infoecos.com.ar\/wp-content\/uploads\/lvp.anses_.jpg",1024,679,false],"covernews-slider-center":["https:\/\/infoecos.com.ar\/wp-content\/uploads\/lvp.anses_-936x679.jpg",689,500,true],"covernews-featured":["https:\/\/infoecos.com.ar\/wp-content\/uploads\/lvp.anses_.jpg",1024,679,false],"covernews-medium":["https:\/\/infoecos.com.ar\/wp-content\/uploads\/lvp.anses_-720x380.jpg",540,285,true],"covernews-medium-square":["https:\/\/infoecos.com.ar\/wp-content\/uploads\/lvp.anses_-675x450.jpg",375,250,true]},"author_info":{"info":["Jorge Matheus"]},"category_info":"<a href=\"https:\/\/infoecos.com.ar\/index.php\/category\/c1nota7\/\" rel=\"category tag\">C1 nota 7<\/a>","tag_info":"C1 nota 7","comment_count":"0","_links":{"self":[{"href":"https:\/\/infoecos.com.ar\/index.php\/wp-json\/wp\/v2\/posts\/72574","targetHints":{"allow":["GET"]}}],"collection":[{"href":"https:\/\/infoecos.com.ar\/index.php\/wp-json\/wp\/v2\/posts"}],"about":[{"href":"https:\/\/infoecos.com.ar\/index.php\/wp-json\/wp\/v2\/types\/post"}],"author":[{"embeddable":true,"href":"https:\/\/infoecos.com.ar\/index.php\/wp-json\/wp\/v2\/users\/2"}],"replies":[{"embeddable":true,"href":"https:\/\/infoecos.com.ar\/index.php\/wp-json\/wp\/v2\/comments?post=72574"}],"version-history":[{"count":1,"href":"https:\/\/infoecos.com.ar\/index.php\/wp-json\/wp\/v2\/posts\/72574\/revisions"}],"predecessor-version":[{"id":72575,"href":"https:\/\/infoecos.com.ar\/index.php\/wp-json\/wp\/v2\/posts\/72574\/revisions\/72575"}],"wp:featuredmedia":[{"embeddable":true,"href":"https:\/\/infoecos.com.ar\/index.php\/wp-json\/wp\/v2\/media\/64649"}],"wp:attachment":[{"href":"https:\/\/infoecos.com.ar\/index.php\/wp-json\/wp\/v2\/media?parent=72574"}],"wp:term":[{"taxonomy":"category","embeddable":true,"href":"https:\/\/infoecos.com.ar\/index.php\/wp-json\/wp\/v2\/categories?post=72574"},{"taxonomy":"post_tag","embeddable":true,"href":"https:\/\/infoecos.com.ar\/index.php\/wp-json\/wp\/v2\/tags?post=72574"}],"curies":[{"name":"wp","href":"https:\/\/api.w.org\/{rel}","templated":true}]}}