{"id":72576,"date":"2021-01-12T02:07:25","date_gmt":"2021-01-12T05:07:25","guid":{"rendered":"http:\/\/infoecos.com.ar\/?p=72576"},"modified":"2021-01-12T02:07:34","modified_gmt":"2021-01-12T05:07:34","slug":"el-gobierno-de-la-provincia-de-buenos-aires-cerro-ayer-la-paritaria-2020-de-los-trabajadores-estatales","status":"publish","type":"post","link":"https:\/\/infoecos.com.ar\/index.php\/el-gobierno-de-la-provincia-de-buenos-aires-cerro-ayer-la-paritaria-2020-de-los-trabajadores-estatales\/","title":{"rendered":"El gobierno de la provincia de Buenos Aires cerr\u00f3 ayer la paritaria 2020 de los trabajadores estatales"},"content":{"rendered":"\n<p class=\"wp-block-paragraph\">El\u00a0Gobierno bonaerense cerr\u00f3 ayer la paritaria 2020 de los trabajadores estatales, tras realizar una\u00a0<strong>propuesta<\/strong>\u00a0de incrementos y blanqueo de sumas no remunerativas, lo que se traduce en una suba anual de entre el 30 y el 44% seg\u00fan el sector.<\/p>\n\n\n\n<div class=\"wp-block-image\"><figure class=\"aligncenter size-medium\"><img loading=\"lazy\" decoding=\"async\" width=\"460\" height=\"306\" src=\"http:\/\/infoecos.com.ar\/wp-content\/uploads\/2020\/10\/deisasi-460x306.jpg\" alt=\"\" class=\"wp-image-69169\" srcset=\"https:\/\/infoecos.com.ar\/wp-content\/uploads\/2020\/10\/deisasi-460x306.jpg 460w, https:\/\/infoecos.com.ar\/wp-content\/uploads\/2020\/10\/deisasi-920x613.jpg 920w, https:\/\/infoecos.com.ar\/wp-content\/uploads\/2020\/10\/deisasi-768x512.jpg 768w, https:\/\/infoecos.com.ar\/wp-content\/uploads\/2020\/10\/deisasi-675x450.jpg 675w, https:\/\/infoecos.com.ar\/wp-content\/uploads\/2020\/10\/deisasi.jpg 1024w\" sizes=\"auto, (max-width: 460px) 100vw, 460px\" \/><\/figure><\/div>\n\n\n\n<p class=\"wp-block-paragraph\">La nueva propuesta salarial incluye aumento al sueldo b\u00e1sico, eliminaci\u00f3n paulatina del presentismo, compromiso de discutir convenio colectivo y carrera administrativa.<\/p>\n\n\n\n<p class=\"wp-block-paragraph\">Tras un encuentro virtual mantenido esta tarde con la ministra de Trabajo bonaerense,\u00a0<strong>Mara Ruiz Malec<\/strong>, todas las entidades gremiales enroladas en la Ley 10.430 aceptaron la oferta del Gobierno, que consisti\u00f3 en el traspaso al sueldo b\u00e1sico de varias sumas no remunerativas adquiridas a lo largo del a\u00f1o, lo que impacta en las diferentes bonificaciones, la antig\u00fcedad y los aportes jubilatorios. Tambi\u00e9n se aument\u00f3 la suma fija no remunerativa dispuesta para 2020 y se incorporaron nuevas sumas al salario b\u00e1sico, lo que implic\u00f3 un incremento del 12,7%.<\/p>\n\n\n\n<p class=\"wp-block-paragraph\">De esta manera, la \u00faltima propuesta implica una suba anual de entre el 30 y el 33,6% para los empleados de la administraci\u00f3n central, porcentaje que se eleva al 40% para los auxiliares de la educaci\u00f3n y del 44% para personal hospitalario y de enfermer\u00eda.<\/p>\n\n\n\n<p class=\"wp-block-paragraph\">En tanto, para aquellos salarios que no alcancen los $ 35.000 de bolsillo, se otorgar\u00e1n dos bonos de $ 2.000 en los meses de diciembre y enero.<\/p>\n\n\n\n<p class=\"wp-block-paragraph\"><strong>Fuente: infocielo.com<\/strong><\/p>\n","protected":false},"excerpt":{"rendered":"<p>La nueva propuesta salarial incluye aumento al sueldo b\u00e1sico, eliminaci\u00f3n paulatina del presentismo, compromiso de discutir convenio colectivo y carrera administrativa<\/p>\n","protected":false},"author":2,"featured_media":69169,"comment_status":"closed","ping_status":"open","sticky":false,"template":"","format":"standard","meta":{"footnotes":""},"categories":[1614],"tags":[2576],"class_list":["post-72576","post","type-post","status-publish","format-standard","has-post-thumbnail","hentry","category-c2nota7","tag-economia-provincial"],"featured_image_urls":{"full":["https:\/\/infoecos.com.ar\/wp-content\/uploads\/2020\/10\/deisasi.jpg",1024,682,false],"thumbnail":["https:\/\/infoecos.com.ar\/wp-content\/uploads\/2020\/10\/deisasi-150x150.jpg",150,150,true],"medium":["https:\/\/infoecos.com.ar\/wp-content\/uploads\/2020\/10\/deisasi-460x306.jpg",460,306,true],"medium_large":["https:\/\/infoecos.com.ar\/wp-content\/uploads\/2020\/10\/deisasi-768x512.jpg",640,427,true],"large":["https:\/\/infoecos.com.ar\/wp-content\/uploads\/2020\/10\/deisasi-920x613.jpg",640,426,true],"1536x1536":["https:\/\/infoecos.com.ar\/wp-content\/uploads\/2020\/10\/deisasi.jpg",1024,682,false],"2048x2048":["https:\/\/infoecos.com.ar\/wp-content\/uploads\/2020\/10\/deisasi.jpg",1024,682,false],"covernews-slider-full":["https:\/\/infoecos.com.ar\/wp-content\/uploads\/2020\/10\/deisasi.jpg",1024,682,false],"covernews-slider-center":["https:\/\/infoecos.com.ar\/wp-content\/uploads\/2020\/10\/deisasi-936x682.jpg",686,500,true],"covernews-featured":["https:\/\/infoecos.com.ar\/wp-content\/uploads\/2020\/10\/deisasi.jpg",1024,682,false],"covernews-medium":["https:\/\/infoecos.com.ar\/wp-content\/uploads\/2020\/10\/deisasi-720x380.jpg",540,285,true],"covernews-medium-square":["https:\/\/infoecos.com.ar\/wp-content\/uploads\/2020\/10\/deisasi-675x450.jpg",375,250,true]},"author_info":{"info":["Jorge Matheus"]},"category_info":"<a href=\"https:\/\/infoecos.com.ar\/index.php\/category\/c2nota7\/\" rel=\"category tag\">C2 N7<\/a>","tag_info":"C2 N7","comment_count":"0","_links":{"self":[{"href":"https:\/\/infoecos.com.ar\/index.php\/wp-json\/wp\/v2\/posts\/72576","targetHints":{"allow":["GET"]}}],"collection":[{"href":"https:\/\/infoecos.com.ar\/index.php\/wp-json\/wp\/v2\/posts"}],"about":[{"href":"https:\/\/infoecos.com.ar\/index.php\/wp-json\/wp\/v2\/types\/post"}],"author":[{"embeddable":true,"href":"https:\/\/infoecos.com.ar\/index.php\/wp-json\/wp\/v2\/users\/2"}],"replies":[{"embeddable":true,"href":"https:\/\/infoecos.com.ar\/index.php\/wp-json\/wp\/v2\/comments?post=72576"}],"version-history":[{"count":1,"href":"https:\/\/infoecos.com.ar\/index.php\/wp-json\/wp\/v2\/posts\/72576\/revisions"}],"predecessor-version":[{"id":72577,"href":"https:\/\/infoecos.com.ar\/index.php\/wp-json\/wp\/v2\/posts\/72576\/revisions\/72577"}],"wp:featuredmedia":[{"embeddable":true,"href":"https:\/\/infoecos.com.ar\/index.php\/wp-json\/wp\/v2\/media\/69169"}],"wp:attachment":[{"href":"https:\/\/infoecos.com.ar\/index.php\/wp-json\/wp\/v2\/media?parent=72576"}],"wp:term":[{"taxonomy":"category","embeddable":true,"href":"https:\/\/infoecos.com.ar\/index.php\/wp-json\/wp\/v2\/categories?post=72576"},{"taxonomy":"post_tag","embeddable":true,"href":"https:\/\/infoecos.com.ar\/index.php\/wp-json\/wp\/v2\/tags?post=72576"}],"curies":[{"name":"wp","href":"https:\/\/api.w.org\/{rel}","templated":true}]}}