{"id":72579,"date":"2021-01-12T13:26:20","date_gmt":"2021-01-12T16:26:20","guid":{"rendered":"http:\/\/infoecos.com.ar\/?p=72579"},"modified":"2021-01-12T15:51:45","modified_gmt":"2021-01-12T18:51:45","slug":"se-incrementa-el-numero-de-contagios-en-trenque-lauquen","status":"publish","type":"post","link":"https:\/\/infoecos.com.ar\/index.php\/se-incrementa-el-numero-de-contagios-en-trenque-lauquen\/","title":{"rendered":"Aument\u00f3 el n\u00famero de contagiados por el Covid-19 en Trenque Lauquen"},"content":{"rendered":"\n<p class=\"wp-block-paragraph\">La subsecretar\u00eda de Salud de Trenque Lauquen inform\u00f3 este martes que son 166 los casos activos de Covid-19, tras reportarse en las \u00faltimas 24 horas 21 nuevos casos confirmados \u2013tres (3) por testeo y 18 por criterio o nexo epidemiol\u00f3gico seg\u00fan protocolo actualizado vigente-, 13 personas recuperadas m\u00e1s y 19 casos descartados.<\/p>\n\n\n\n<div class=\"wp-block-image\"><figure class=\"aligncenter size-medium\"><img loading=\"lazy\" decoding=\"async\" width=\"460\" height=\"460\" src=\"http:\/\/infoecos.com.ar\/wp-content\/uploads\/2021\/01\/reportecoronavirusmartes-460x460.jpg\" alt=\"\" class=\"wp-image-72580\" srcset=\"https:\/\/infoecos.com.ar\/wp-content\/uploads\/2021\/01\/reportecoronavirusmartes-460x460.jpg 460w, https:\/\/infoecos.com.ar\/wp-content\/uploads\/2021\/01\/reportecoronavirusmartes-920x920.jpg 920w, https:\/\/infoecos.com.ar\/wp-content\/uploads\/2021\/01\/reportecoronavirusmartes-150x150.jpg 150w, https:\/\/infoecos.com.ar\/wp-content\/uploads\/2021\/01\/reportecoronavirusmartes-768x768.jpg 768w, https:\/\/infoecos.com.ar\/wp-content\/uploads\/2021\/01\/reportecoronavirusmartes-1024x1024.jpg 1024w, https:\/\/infoecos.com.ar\/wp-content\/uploads\/2021\/01\/reportecoronavirusmartes.jpg 1280w\" sizes=\"auto, (max-width: 460px) 100vw, 460px\" \/><\/figure><\/div>\n\n\n\n<p class=\"wp-block-paragraph\">Diecisiete (17) de los 21 nuevos casos confirmados corresponden a Trenque Lauquen \u2013tres (3) fueron detectados por hisopado y 14 por criterio o nexo epidemiol\u00f3gico- y los cuatro (4) restantes a Treinta de Agosto -todos por nexo o criterio epidemiol\u00f3gico-.<\/p>\n\n\n\n<p class=\"wp-block-paragraph\">De los 166 casos activos, 147 pertenecen a Trenque Lauquen y 19 a Treinta de Agosto: ocho (8) se encuentran en el Hospital Municipal, nueve (9) en el Centro Extrahospitalario que funciona en el ex Hotel Pailla Hu\u00e9 y 149 en sus domicilios particulares.<\/p>\n\n\n\n<p class=\"wp-block-paragraph\">Con las 13 personas recuperadas hoy, todas de Trenque Lauquen, ascienden a 1.332 las que recibieron el alta desde el comienzo de la pandemia, en marzo pasado, mientras que en ese mismo per\u00edodo los casos descartados, incluidos los 19 de la fecha -18 de la ciudad cabecera y uno (1) de Treinta de Agosto- suman 3.035.<\/p>\n\n\n\n<p class=\"wp-block-paragraph\">Hasta el momento hay 152 casos sospechosos -143 de Trenque Lauquen y nueve (9) de Treinta de Agosto- y 388 personas en aislamiento, -301 de la ciudad cabecera y 87 de Treinta de Agosto-.<\/p>\n","protected":false},"excerpt":{"rendered":"<p>De los 166 casos activos, 147 pertenecen a Trenque Lauquen y 19 a Treinta de Agosto: ocho (8) se encuentran en el Hospital Municipal, nueve (9) en el Centro Extrahospitalario que funciona en el ex Hotel Pailla Hu\u00e9 y 149 en sus domicilios particulares<\/p>\n","protected":false},"author":2,"featured_media":60374,"comment_status":"closed","ping_status":"open","sticky":false,"template":"","format":"standard","meta":{"footnotes":""},"categories":[1613],"tags":[2577],"class_list":["post-72579","post","type-post","status-publish","format-standard","has-post-thumbnail","hentry","category-noticia-secundaria","tag-se-reportaron-166-casos"],"featured_image_urls":{"full":["https:\/\/infoecos.com.ar\/wp-content\/uploads\/tl45guardiahospital-2.jpg",912,608,false],"thumbnail":["https:\/\/infoecos.com.ar\/wp-content\/uploads\/tl45guardiahospital-2-150x150.jpg",150,150,true],"medium":["https:\/\/infoecos.com.ar\/wp-content\/uploads\/tl45guardiahospital-2-460x307.jpg",460,307,true],"medium_large":["https:\/\/infoecos.com.ar\/wp-content\/uploads\/tl45guardiahospital-2-768x512.jpg",640,427,true],"large":["https:\/\/infoecos.com.ar\/wp-content\/uploads\/tl45guardiahospital-2.jpg",640,427,false],"1536x1536":["https:\/\/infoecos.com.ar\/wp-content\/uploads\/tl45guardiahospital-2.jpg",912,608,false],"2048x2048":["https:\/\/infoecos.com.ar\/wp-content\/uploads\/tl45guardiahospital-2.jpg",912,608,false],"covernews-slider-full":["https:\/\/infoecos.com.ar\/wp-content\/uploads\/tl45guardiahospital-2.jpg",912,608,false],"covernews-slider-center":["https:\/\/infoecos.com.ar\/wp-content\/uploads\/tl45guardiahospital-2.jpg",750,500,false],"covernews-featured":["https:\/\/infoecos.com.ar\/wp-content\/uploads\/tl45guardiahospital-2.jpg",912,608,false],"covernews-medium":["https:\/\/infoecos.com.ar\/wp-content\/uploads\/tl45guardiahospital-2-720x380.jpg",540,285,true],"covernews-medium-square":["https:\/\/infoecos.com.ar\/wp-content\/uploads\/tl45guardiahospital-2-675x450.jpg",375,250,true]},"author_info":{"info":["Jorge Matheus"]},"category_info":"<a href=\"https:\/\/infoecos.com.ar\/index.php\/category\/noticia-secundaria\/\" rel=\"category tag\">Noticia Secundaria<\/a>","tag_info":"Noticia Secundaria","comment_count":"0","_links":{"self":[{"href":"https:\/\/infoecos.com.ar\/index.php\/wp-json\/wp\/v2\/posts\/72579","targetHints":{"allow":["GET"]}}],"collection":[{"href":"https:\/\/infoecos.com.ar\/index.php\/wp-json\/wp\/v2\/posts"}],"about":[{"href":"https:\/\/infoecos.com.ar\/index.php\/wp-json\/wp\/v2\/types\/post"}],"author":[{"embeddable":true,"href":"https:\/\/infoecos.com.ar\/index.php\/wp-json\/wp\/v2\/users\/2"}],"replies":[{"embeddable":true,"href":"https:\/\/infoecos.com.ar\/index.php\/wp-json\/wp\/v2\/comments?post=72579"}],"version-history":[{"count":2,"href":"https:\/\/infoecos.com.ar\/index.php\/wp-json\/wp\/v2\/posts\/72579\/revisions"}],"predecessor-version":[{"id":72605,"href":"https:\/\/infoecos.com.ar\/index.php\/wp-json\/wp\/v2\/posts\/72579\/revisions\/72605"}],"wp:featuredmedia":[{"embeddable":true,"href":"https:\/\/infoecos.com.ar\/index.php\/wp-json\/wp\/v2\/media\/60374"}],"wp:attachment":[{"href":"https:\/\/infoecos.com.ar\/index.php\/wp-json\/wp\/v2\/media?parent=72579"}],"wp:term":[{"taxonomy":"category","embeddable":true,"href":"https:\/\/infoecos.com.ar\/index.php\/wp-json\/wp\/v2\/categories?post=72579"},{"taxonomy":"post_tag","embeddable":true,"href":"https:\/\/infoecos.com.ar\/index.php\/wp-json\/wp\/v2\/tags?post=72579"}],"curies":[{"name":"wp","href":"https:\/\/api.w.org\/{rel}","templated":true}]}}