{"id":72582,"date":"2021-01-12T13:32:33","date_gmt":"2021-01-12T16:32:33","guid":{"rendered":"http:\/\/infoecos.com.ar\/?p=72582"},"modified":"2021-01-14T03:03:08","modified_gmt":"2021-01-14T06:03:08","slug":"se-detecto-un-caso-positivo-de-covid-19-en-el-hogar-de-ancianos-marcelo-castella-de-trenque-lauquen","status":"publish","type":"post","link":"https:\/\/infoecos.com.ar\/index.php\/se-detecto-un-caso-positivo-de-covid-19-en-el-hogar-de-ancianos-marcelo-castella-de-trenque-lauquen\/","title":{"rendered":"Un caso positivo de COVID-19 en el Hogar \u00abMarcelo Castella\u00bb de Trenque Lauquen"},"content":{"rendered":"\n<p>La direcci\u00f3n de Tercera Edad del Municipio de Trenque Lauquen resolvi\u00f3 encapsular el Hogar Marcelo Castella al detectarse un caso positivo de Covid-19 en una de sus residentes y accion\u00f3 todos los mecanismos para extremar las medidas de seguridad y cuidado de los adultos mayores y evitar la propagaci\u00f3n de la enfermedad.<\/p>\n\n\n\n<div class=\"wp-block-image\"><figure class=\"aligncenter size-medium\"><img loading=\"lazy\" decoding=\"async\" width=\"460\" height=\"288\" src=\"http:\/\/infoecos.com.ar\/wp-content\/uploads\/2021\/01\/Hogar-Castella-1-460x288.jpg\" alt=\"\" class=\"wp-image-72583\" srcset=\"https:\/\/infoecos.com.ar\/wp-content\/uploads\/2021\/01\/Hogar-Castella-1-460x288.jpg 460w, https:\/\/infoecos.com.ar\/wp-content\/uploads\/2021\/01\/Hogar-Castella-1-920x575.jpg 920w, https:\/\/infoecos.com.ar\/wp-content\/uploads\/2021\/01\/Hogar-Castella-1-768x480.jpg 768w, https:\/\/infoecos.com.ar\/wp-content\/uploads\/2021\/01\/Hogar-Castella-1-1024x640.jpg 1024w, https:\/\/infoecos.com.ar\/wp-content\/uploads\/2021\/01\/Hogar-Castella-1.jpg 1080w\" sizes=\"(max-width: 460px) 100vw, 460px\" \/><\/figure><\/div>\n\n\n\n<p>\u201cTenemos una residente que es positiva para Covid-19, as\u00ed que tuvimos que encapsular el Hogar Castella, lo que que implica dejar parte del personal trabajando adentro, sin salir, mientras duren los 14 d\u00edas de aislamiento\u201d, inform\u00f3 este martes la directora de Tercera Edad, Cristina Mancini.<\/p>\n\n\n\n<p>La funcionaria precis\u00f3 que en la ma\u00f1ana se procedi\u00f3 a hisopar al personal del Hogar y de acuerdo a la evoluci\u00f3n de la situaci\u00f3n sanitaria en la instituci\u00f3n se determinar\u00e1 si es necesario hisopar al resto de los residentes.<\/p>\n\n\n\n<p>Tras detectarse el caso positivo, personal del Hogar se comunic\u00f3 con los familiares de los residentes para ponerlos al tanto de la situaci\u00f3n y, como explic\u00f3 Mancini, estuvieron dise\u00f1ando y armando \u201cla log\u00edstica adentro del Hogar para organizar la convivencia y la estad\u00eda del personal, reforzando y extremando las medidas de seguridad e higiene y tambi\u00e9n con los residentes, que tendr\u00e1n que aislarse en las habitaciones (durante los 14 d\u00edas) como se hab\u00eda planteado si esto suced\u00eda\u201d.<\/p>\n\n\n\n<p>Asimismo Mancini asegur\u00f3 que \u201clos residentes hasta ahora est\u00e1n bien pero como es caracter\u00edstica de este lugar que haya pacientes ancianos muy a\u00f1osos y fr\u00e1giles hay que extremar los cuidados\u201d, y remarc\u00f3 que \u201ctenemos atenci\u00f3n m\u00e9dica en el Hogar y disponibilidad si se necesitara la atenci\u00f3n del Hospital (Municipal dr. Pedro T. Orellana)\u201d.<\/p>\n","protected":false},"excerpt":{"rendered":"<p>\u201cTenemos una residente que es positiva para Covid-19, as\u00ed que tuvimos que encapsular el Hogar Castella, lo que que implica dejar parte del personal trabajando adentro, sin salir, mientras duren los 14 d\u00edas de aislamiento\u201d, inform\u00f3 este martes la directora de Tercera Edad, Cristina Mancini<\/p>\n","protected":false},"author":2,"featured_media":72583,"comment_status":"closed","ping_status":"open","sticky":false,"template":"","format":"standard","meta":{"footnotes":""},"categories":[201],"tags":[2578],"class_list":["post-72582","post","type-post","status-publish","format-standard","has-post-thumbnail","hentry","category-inferior9","tag-el-lugar-fue-encapsulado"],"yoast_head":"<!-- This site is optimized with the Yoast SEO plugin v23.4 - https:\/\/yoast.com\/wordpress\/plugins\/seo\/ -->\n<title>Un caso positivo de COVID-19 en el Hogar &quot;Marcelo Castella&quot; de Trenque Lauquen - Infoecos<\/title>\n<meta name=\"robots\" content=\"index, follow, max-snippet:-1, max-image-preview:large, max-video-preview:-1\" \/>\n<link rel=\"canonical\" href=\"https:\/\/infoecos.com.ar\/index.php\/se-detecto-un-caso-positivo-de-covid-19-en-el-hogar-de-ancianos-marcelo-castella-de-trenque-lauquen\/\" \/>\n<meta property=\"og:locale\" content=\"es_ES\" \/>\n<meta property=\"og:type\" content=\"article\" \/>\n<meta property=\"og:title\" content=\"Un caso positivo de COVID-19 en el Hogar &quot;Marcelo Castella&quot; de Trenque Lauquen - Infoecos\" \/>\n<meta property=\"og:description\" content=\"\u201cTenemos una residente que es positiva para Covid-19, as\u00ed que tuvimos que encapsular el Hogar Castella, lo que que implica dejar parte del personal trabajando adentro, sin salir, mientras duren los 14 d\u00edas de aislamiento\u201d, inform\u00f3 este martes la directora de Tercera Edad, Cristina Mancini\" \/>\n<meta property=\"og:url\" content=\"https:\/\/infoecos.com.ar\/index.php\/se-detecto-un-caso-positivo-de-covid-19-en-el-hogar-de-ancianos-marcelo-castella-de-trenque-lauquen\/\" \/>\n<meta property=\"og:site_name\" content=\"Infoecos\" \/>\n<meta property=\"article:publisher\" content=\"https:\/\/www.facebook.com\/profile.php?id=100063200290284\" \/>\n<meta property=\"article:published_time\" content=\"2021-01-12T16:32:33+00:00\" \/>\n<meta property=\"article:modified_time\" content=\"2021-01-14T06:03:08+00:00\" \/>\n<meta property=\"og:image\" content=\"https:\/\/infoecos.com.ar\/wp-content\/uploads\/2021\/01\/Hogar-Castella-1.jpg\" \/>\n\t<meta property=\"og:image:width\" content=\"1080\" \/>\n\t<meta property=\"og:image:height\" content=\"675\" \/>\n\t<meta property=\"og:image:type\" content=\"image\/jpeg\" \/>\n<meta name=\"author\" content=\"Jorge Matheus\" \/>\n<meta name=\"twitter:card\" content=\"summary_large_image\" \/>\n<meta name=\"twitter:creator\" content=\"@infoecos\" \/>\n<meta name=\"twitter:site\" content=\"@infoecos\" \/>\n<meta name=\"twitter:label1\" content=\"Escrito por\" \/>\n\t<meta name=\"twitter:data1\" content=\"Jorge Matheus\" \/>\n\t<meta name=\"twitter:label2\" content=\"Tiempo de lectura\" \/>\n\t<meta name=\"twitter:data2\" content=\"1 minuto\" \/>\n<script type=\"application\/ld+json\" class=\"yoast-schema-graph\">{\"@context\":\"https:\/\/schema.org\",\"@graph\":[{\"@type\":\"Article\",\"@id\":\"https:\/\/infoecos.com.ar\/index.php\/se-detecto-un-caso-positivo-de-covid-19-en-el-hogar-de-ancianos-marcelo-castella-de-trenque-lauquen\/#article\",\"isPartOf\":{\"@id\":\"https:\/\/infoecos.com.ar\/index.php\/se-detecto-un-caso-positivo-de-covid-19-en-el-hogar-de-ancianos-marcelo-castella-de-trenque-lauquen\/\"},\"author\":{\"name\":\"Jorge Matheus\",\"@id\":\"https:\/\/infoecos.com.ar\/#\/schema\/person\/8f5ace5ce73b4b4aac4b7245aee6f191\"},\"headline\":\"Un caso positivo de COVID-19 en el Hogar \u00abMarcelo Castella\u00bb de Trenque Lauquen\",\"datePublished\":\"2021-01-12T16:32:33+00:00\",\"dateModified\":\"2021-01-14T06:03:08+00:00\",\"mainEntityOfPage\":{\"@id\":\"https:\/\/infoecos.com.ar\/index.php\/se-detecto-un-caso-positivo-de-covid-19-en-el-hogar-de-ancianos-marcelo-castella-de-trenque-lauquen\/\"},\"wordCount\":300,\"publisher\":{\"@id\":\"https:\/\/infoecos.com.ar\/#organization\"},\"image\":{\"@id\":\"https:\/\/infoecos.com.ar\/index.php\/se-detecto-un-caso-positivo-de-covid-19-en-el-hogar-de-ancianos-marcelo-castella-de-trenque-lauquen\/#primaryimage\"},\"thumbnailUrl\":\"https:\/\/infoecos.com.ar\/wp-content\/uploads\/2021\/01\/Hogar-Castella-1.jpg\",\"keywords\":[\"EL LUGAR FUE ENCAPSULADO\"],\"articleSection\":[\"Bloque inferior - 9\"],\"inLanguage\":\"es\"},{\"@type\":\"WebPage\",\"@id\":\"https:\/\/infoecos.com.ar\/index.php\/se-detecto-un-caso-positivo-de-covid-19-en-el-hogar-de-ancianos-marcelo-castella-de-trenque-lauquen\/\",\"url\":\"https:\/\/infoecos.com.ar\/index.php\/se-detecto-un-caso-positivo-de-covid-19-en-el-hogar-de-ancianos-marcelo-castella-de-trenque-lauquen\/\",\"name\":\"Un caso positivo de COVID-19 en el Hogar \\\"Marcelo Castella\\\" de Trenque Lauquen - Infoecos\",\"isPartOf\":{\"@id\":\"https:\/\/infoecos.com.ar\/#website\"},\"primaryImageOfPage\":{\"@id\":\"https:\/\/infoecos.com.ar\/index.php\/se-detecto-un-caso-positivo-de-covid-19-en-el-hogar-de-ancianos-marcelo-castella-de-trenque-lauquen\/#primaryimage\"},\"image\":{\"@id\":\"https:\/\/infoecos.com.ar\/index.php\/se-detecto-un-caso-positivo-de-covid-19-en-el-hogar-de-ancianos-marcelo-castella-de-trenque-lauquen\/#primaryimage\"},\"thumbnailUrl\":\"https:\/\/infoecos.com.ar\/wp-content\/uploads\/2021\/01\/Hogar-Castella-1.jpg\",\"datePublished\":\"2021-01-12T16:32:33+00:00\",\"dateModified\":\"2021-01-14T06:03:08+00:00\",\"breadcrumb\":{\"@id\":\"https:\/\/infoecos.com.ar\/index.php\/se-detecto-un-caso-positivo-de-covid-19-en-el-hogar-de-ancianos-marcelo-castella-de-trenque-lauquen\/#breadcrumb\"},\"inLanguage\":\"es\",\"potentialAction\":[{\"@type\":\"ReadAction\",\"target\":[\"https:\/\/infoecos.com.ar\/index.php\/se-detecto-un-caso-positivo-de-covid-19-en-el-hogar-de-ancianos-marcelo-castella-de-trenque-lauquen\/\"]}]},{\"@type\":\"ImageObject\",\"inLanguage\":\"es\",\"@id\":\"https:\/\/infoecos.com.ar\/index.php\/se-detecto-un-caso-positivo-de-covid-19-en-el-hogar-de-ancianos-marcelo-castella-de-trenque-lauquen\/#primaryimage\",\"url\":\"https:\/\/infoecos.com.ar\/wp-content\/uploads\/2021\/01\/Hogar-Castella-1.jpg\",\"contentUrl\":\"https:\/\/infoecos.com.ar\/wp-content\/uploads\/2021\/01\/Hogar-Castella-1.jpg\",\"width\":1080,\"height\":675},{\"@type\":\"BreadcrumbList\",\"@id\":\"https:\/\/infoecos.com.ar\/index.php\/se-detecto-un-caso-positivo-de-covid-19-en-el-hogar-de-ancianos-marcelo-castella-de-trenque-lauquen\/#breadcrumb\",\"itemListElement\":[{\"@type\":\"ListItem\",\"position\":1,\"name\":\"Portada\",\"item\":\"https:\/\/infoecos.com.ar\/\"},{\"@type\":\"ListItem\",\"position\":2,\"name\":\"Un caso positivo de COVID-19 en el Hogar \u00abMarcelo Castella\u00bb de Trenque Lauquen\"}]},{\"@type\":\"WebSite\",\"@id\":\"https:\/\/infoecos.com.ar\/#website\",\"url\":\"https:\/\/infoecos.com.ar\/\",\"name\":\"Infoecos\",\"description\":\"Noticias de trenque lauquen y la zona\",\"publisher\":{\"@id\":\"https:\/\/infoecos.com.ar\/#organization\"},\"alternateName\":\"Noticias\",\"potentialAction\":[{\"@type\":\"SearchAction\",\"target\":{\"@type\":\"EntryPoint\",\"urlTemplate\":\"https:\/\/infoecos.com.ar\/?s={search_term_string}\"},\"query-input\":{\"@type\":\"PropertyValueSpecification\",\"valueRequired\":true,\"valueName\":\"search_term_string\"}}],\"inLanguage\":\"es\"},{\"@type\":\"Organization\",\"@id\":\"https:\/\/infoecos.com.ar\/#organization\",\"name\":\"Infoecos\",\"alternateName\":\"Noticias\",\"url\":\"https:\/\/infoecos.com.ar\/\",\"logo\":{\"@type\":\"ImageObject\",\"inLanguage\":\"es\",\"@id\":\"https:\/\/infoecos.com.ar\/#\/schema\/logo\/image\/\",\"url\":\"https:\/\/infoecos.com.ar\/wp-content\/uploads\/2024\/03\/cropped-logo.png\",\"contentUrl\":\"https:\/\/infoecos.com.ar\/wp-content\/uploads\/2024\/03\/cropped-logo.png\",\"width\":374,\"height\":90,\"caption\":\"Infoecos\"},\"image\":{\"@id\":\"https:\/\/infoecos.com.ar\/#\/schema\/logo\/image\/\"},\"sameAs\":[\"https:\/\/www.facebook.com\/profile.php?id=100063200290284\",\"https:\/\/x.com\/infoecos\"]},{\"@type\":\"Person\",\"@id\":\"https:\/\/infoecos.com.ar\/#\/schema\/person\/8f5ace5ce73b4b4aac4b7245aee6f191\",\"name\":\"Jorge Matheus\",\"url\":\"https:\/\/infoecos.com.ar\/index.php\/author\/jomatheus\/\"}]}<\/script>\n<!-- \/ Yoast SEO plugin. -->","yoast_head_json":{"title":"Un caso positivo de COVID-19 en el Hogar \"Marcelo Castella\" de Trenque Lauquen - Infoecos","robots":{"index":"index","follow":"follow","max-snippet":"max-snippet:-1","max-image-preview":"max-image-preview:large","max-video-preview":"max-video-preview:-1"},"canonical":"https:\/\/infoecos.com.ar\/index.php\/se-detecto-un-caso-positivo-de-covid-19-en-el-hogar-de-ancianos-marcelo-castella-de-trenque-lauquen\/","og_locale":"es_ES","og_type":"article","og_title":"Un caso positivo de COVID-19 en el Hogar \"Marcelo Castella\" de Trenque Lauquen - Infoecos","og_description":"\u201cTenemos una residente que es positiva para Covid-19, as\u00ed que tuvimos que encapsular el Hogar Castella, lo que que implica dejar parte del personal trabajando adentro, sin salir, mientras duren los 14 d\u00edas de aislamiento\u201d, inform\u00f3 este martes la directora de Tercera Edad, Cristina Mancini","og_url":"https:\/\/infoecos.com.ar\/index.php\/se-detecto-un-caso-positivo-de-covid-19-en-el-hogar-de-ancianos-marcelo-castella-de-trenque-lauquen\/","og_site_name":"Infoecos","article_publisher":"https:\/\/www.facebook.com\/profile.php?id=100063200290284","article_published_time":"2021-01-12T16:32:33+00:00","article_modified_time":"2021-01-14T06:03:08+00:00","og_image":[{"width":1080,"height":675,"url":"https:\/\/infoecos.com.ar\/wp-content\/uploads\/2021\/01\/Hogar-Castella-1.jpg","type":"image\/jpeg"}],"author":"Jorge Matheus","twitter_card":"summary_large_image","twitter_creator":"@infoecos","twitter_site":"@infoecos","twitter_misc":{"Escrito por":"Jorge Matheus","Tiempo de lectura":"1 minuto"},"schema":{"@context":"https:\/\/schema.org","@graph":[{"@type":"Article","@id":"https:\/\/infoecos.com.ar\/index.php\/se-detecto-un-caso-positivo-de-covid-19-en-el-hogar-de-ancianos-marcelo-castella-de-trenque-lauquen\/#article","isPartOf":{"@id":"https:\/\/infoecos.com.ar\/index.php\/se-detecto-un-caso-positivo-de-covid-19-en-el-hogar-de-ancianos-marcelo-castella-de-trenque-lauquen\/"},"author":{"name":"Jorge Matheus","@id":"https:\/\/infoecos.com.ar\/#\/schema\/person\/8f5ace5ce73b4b4aac4b7245aee6f191"},"headline":"Un caso positivo de COVID-19 en el Hogar \u00abMarcelo Castella\u00bb de Trenque Lauquen","datePublished":"2021-01-12T16:32:33+00:00","dateModified":"2021-01-14T06:03:08+00:00","mainEntityOfPage":{"@id":"https:\/\/infoecos.com.ar\/index.php\/se-detecto-un-caso-positivo-de-covid-19-en-el-hogar-de-ancianos-marcelo-castella-de-trenque-lauquen\/"},"wordCount":300,"publisher":{"@id":"https:\/\/infoecos.com.ar\/#organization"},"image":{"@id":"https:\/\/infoecos.com.ar\/index.php\/se-detecto-un-caso-positivo-de-covid-19-en-el-hogar-de-ancianos-marcelo-castella-de-trenque-lauquen\/#primaryimage"},"thumbnailUrl":"https:\/\/infoecos.com.ar\/wp-content\/uploads\/2021\/01\/Hogar-Castella-1.jpg","keywords":["EL LUGAR FUE ENCAPSULADO"],"articleSection":["Bloque inferior - 9"],"inLanguage":"es"},{"@type":"WebPage","@id":"https:\/\/infoecos.com.ar\/index.php\/se-detecto-un-caso-positivo-de-covid-19-en-el-hogar-de-ancianos-marcelo-castella-de-trenque-lauquen\/","url":"https:\/\/infoecos.com.ar\/index.php\/se-detecto-un-caso-positivo-de-covid-19-en-el-hogar-de-ancianos-marcelo-castella-de-trenque-lauquen\/","name":"Un caso positivo de COVID-19 en el Hogar \"Marcelo Castella\" de Trenque Lauquen - Infoecos","isPartOf":{"@id":"https:\/\/infoecos.com.ar\/#website"},"primaryImageOfPage":{"@id":"https:\/\/infoecos.com.ar\/index.php\/se-detecto-un-caso-positivo-de-covid-19-en-el-hogar-de-ancianos-marcelo-castella-de-trenque-lauquen\/#primaryimage"},"image":{"@id":"https:\/\/infoecos.com.ar\/index.php\/se-detecto-un-caso-positivo-de-covid-19-en-el-hogar-de-ancianos-marcelo-castella-de-trenque-lauquen\/#primaryimage"},"thumbnailUrl":"https:\/\/infoecos.com.ar\/wp-content\/uploads\/2021\/01\/Hogar-Castella-1.jpg","datePublished":"2021-01-12T16:32:33+00:00","dateModified":"2021-01-14T06:03:08+00:00","breadcrumb":{"@id":"https:\/\/infoecos.com.ar\/index.php\/se-detecto-un-caso-positivo-de-covid-19-en-el-hogar-de-ancianos-marcelo-castella-de-trenque-lauquen\/#breadcrumb"},"inLanguage":"es","potentialAction":[{"@type":"ReadAction","target":["https:\/\/infoecos.com.ar\/index.php\/se-detecto-un-caso-positivo-de-covid-19-en-el-hogar-de-ancianos-marcelo-castella-de-trenque-lauquen\/"]}]},{"@type":"ImageObject","inLanguage":"es","@id":"https:\/\/infoecos.com.ar\/index.php\/se-detecto-un-caso-positivo-de-covid-19-en-el-hogar-de-ancianos-marcelo-castella-de-trenque-lauquen\/#primaryimage","url":"https:\/\/infoecos.com.ar\/wp-content\/uploads\/2021\/01\/Hogar-Castella-1.jpg","contentUrl":"https:\/\/infoecos.com.ar\/wp-content\/uploads\/2021\/01\/Hogar-Castella-1.jpg","width":1080,"height":675},{"@type":"BreadcrumbList","@id":"https:\/\/infoecos.com.ar\/index.php\/se-detecto-un-caso-positivo-de-covid-19-en-el-hogar-de-ancianos-marcelo-castella-de-trenque-lauquen\/#breadcrumb","itemListElement":[{"@type":"ListItem","position":1,"name":"Portada","item":"https:\/\/infoecos.com.ar\/"},{"@type":"ListItem","position":2,"name":"Un caso positivo de COVID-19 en el Hogar \u00abMarcelo Castella\u00bb de Trenque Lauquen"}]},{"@type":"WebSite","@id":"https:\/\/infoecos.com.ar\/#website","url":"https:\/\/infoecos.com.ar\/","name":"Infoecos","description":"Noticias de trenque lauquen y la zona","publisher":{"@id":"https:\/\/infoecos.com.ar\/#organization"},"alternateName":"Noticias","potentialAction":[{"@type":"SearchAction","target":{"@type":"EntryPoint","urlTemplate":"https:\/\/infoecos.com.ar\/?s={search_term_string}"},"query-input":{"@type":"PropertyValueSpecification","valueRequired":true,"valueName":"search_term_string"}}],"inLanguage":"es"},{"@type":"Organization","@id":"https:\/\/infoecos.com.ar\/#organization","name":"Infoecos","alternateName":"Noticias","url":"https:\/\/infoecos.com.ar\/","logo":{"@type":"ImageObject","inLanguage":"es","@id":"https:\/\/infoecos.com.ar\/#\/schema\/logo\/image\/","url":"https:\/\/infoecos.com.ar\/wp-content\/uploads\/2024\/03\/cropped-logo.png","contentUrl":"https:\/\/infoecos.com.ar\/wp-content\/uploads\/2024\/03\/cropped-logo.png","width":374,"height":90,"caption":"Infoecos"},"image":{"@id":"https:\/\/infoecos.com.ar\/#\/schema\/logo\/image\/"},"sameAs":["https:\/\/www.facebook.com\/profile.php?id=100063200290284","https:\/\/x.com\/infoecos"]},{"@type":"Person","@id":"https:\/\/infoecos.com.ar\/#\/schema\/person\/8f5ace5ce73b4b4aac4b7245aee6f191","name":"Jorge Matheus","url":"https:\/\/infoecos.com.ar\/index.php\/author\/jomatheus\/"}]}},"featured_image_urls":{"full":["https:\/\/infoecos.com.ar\/wp-content\/uploads\/2021\/01\/Hogar-Castella-1.jpg",1080,675,false],"thumbnail":["https:\/\/infoecos.com.ar\/wp-content\/uploads\/2021\/01\/Hogar-Castella-1-150x150.jpg",150,150,true],"medium":["https:\/\/infoecos.com.ar\/wp-content\/uploads\/2021\/01\/Hogar-Castella-1-460x288.jpg",460,288,true],"medium_large":["https:\/\/infoecos.com.ar\/wp-content\/uploads\/2021\/01\/Hogar-Castella-1-768x480.jpg",640,400,true],"large":["https:\/\/infoecos.com.ar\/wp-content\/uploads\/2021\/01\/Hogar-Castella-1-920x575.jpg",640,400,true],"1536x1536":["https:\/\/infoecos.com.ar\/wp-content\/uploads\/2021\/01\/Hogar-Castella-1.jpg",1080,675,false],"2048x2048":["https:\/\/infoecos.com.ar\/wp-content\/uploads\/2021\/01\/Hogar-Castella-1.jpg",1080,675,false],"covernews-slider-full":["https:\/\/infoecos.com.ar\/wp-content\/uploads\/2021\/01\/Hogar-Castella-1.jpg",1080,675,false],"covernews-slider-center":["https:\/\/infoecos.com.ar\/wp-content\/uploads\/2021\/01\/Hogar-Castella-1-936x675.jpg",693,500,true],"covernews-featured":["https:\/\/infoecos.com.ar\/wp-content\/uploads\/2021\/01\/Hogar-Castella-1-1024x640.jpg",1024,640,true],"covernews-medium":["https:\/\/infoecos.com.ar\/wp-content\/uploads\/2021\/01\/Hogar-Castella-1-720x380.jpg",540,285,true],"covernews-medium-square":["https:\/\/infoecos.com.ar\/wp-content\/uploads\/2021\/01\/Hogar-Castella-1-675x450.jpg",375,250,true]},"author_info":{"info":["Jorge Matheus"]},"category_info":"<a href=\"https:\/\/infoecos.com.ar\/index.php\/category\/inferior9\/\" rel=\"category tag\">Bloque inferior - 9<\/a>","tag_info":"Bloque inferior - 9","comment_count":"0","_links":{"self":[{"href":"https:\/\/infoecos.com.ar\/index.php\/wp-json\/wp\/v2\/posts\/72582"}],"collection":[{"href":"https:\/\/infoecos.com.ar\/index.php\/wp-json\/wp\/v2\/posts"}],"about":[{"href":"https:\/\/infoecos.com.ar\/index.php\/wp-json\/wp\/v2\/types\/post"}],"author":[{"embeddable":true,"href":"https:\/\/infoecos.com.ar\/index.php\/wp-json\/wp\/v2\/users\/2"}],"replies":[{"embeddable":true,"href":"https:\/\/infoecos.com.ar\/index.php\/wp-json\/wp\/v2\/comments?post=72582"}],"version-history":[{"count":3,"href":"https:\/\/infoecos.com.ar\/index.php\/wp-json\/wp\/v2\/posts\/72582\/revisions"}],"predecessor-version":[{"id":72603,"href":"https:\/\/infoecos.com.ar\/index.php\/wp-json\/wp\/v2\/posts\/72582\/revisions\/72603"}],"wp:featuredmedia":[{"embeddable":true,"href":"https:\/\/infoecos.com.ar\/index.php\/wp-json\/wp\/v2\/media\/72583"}],"wp:attachment":[{"href":"https:\/\/infoecos.com.ar\/index.php\/wp-json\/wp\/v2\/media?parent=72582"}],"wp:term":[{"taxonomy":"category","embeddable":true,"href":"https:\/\/infoecos.com.ar\/index.php\/wp-json\/wp\/v2\/categories?post=72582"},{"taxonomy":"post_tag","embeddable":true,"href":"https:\/\/infoecos.com.ar\/index.php\/wp-json\/wp\/v2\/tags?post=72582"}],"curies":[{"name":"wp","href":"https:\/\/api.w.org\/{rel}","templated":true}]}}