{"id":72586,"date":"2021-01-12T13:49:56","date_gmt":"2021-01-12T16:49:56","guid":{"rendered":"http:\/\/infoecos.com.ar\/?p=72586"},"modified":"2021-01-12T13:49:58","modified_gmt":"2021-01-12T16:49:58","slug":"el-gobernador-kicillof-con-los-intendentes-de-la-costa-atlantica","status":"publish","type":"post","link":"https:\/\/infoecos.com.ar\/index.php\/el-gobernador-kicillof-con-los-intendentes-de-la-costa-atlantica\/","title":{"rendered":"El gobernador Kicillof con los intendentes de la Costa Atl\u00e1ntica"},"content":{"rendered":"\n<p class=\"wp-block-paragraph\">El gobernador de Buenos Aires, Axel Kicillof, mantuvo este martes una reuni\u00f3n con intendentes bonaerenses en Mar Chiquita para analizar la situaci\u00f3n epidemiol\u00f3gica y la aplicaci\u00f3n de las nuevas medidas dispuestas para frenar los contagios de coronavirus.<\/p>\n\n\n\n<div class=\"wp-block-image\"><figure class=\"aligncenter size-medium\"><img loading=\"lazy\" decoding=\"async\" width=\"460\" height=\"259\" src=\"http:\/\/infoecos.com.ar\/wp-content\/uploads\/2021\/01\/kicillofmdp-460x259.jpg\" alt=\"\" class=\"wp-image-72587\" srcset=\"https:\/\/infoecos.com.ar\/wp-content\/uploads\/2021\/01\/kicillofmdp-460x259.jpg 460w, https:\/\/infoecos.com.ar\/wp-content\/uploads\/2021\/01\/kicillofmdp-920x518.jpg 920w, https:\/\/infoecos.com.ar\/wp-content\/uploads\/2021\/01\/kicillofmdp-768x432.jpg 768w, https:\/\/infoecos.com.ar\/wp-content\/uploads\/2021\/01\/kicillofmdp.jpg 1004w\" sizes=\"auto, (max-width: 460px) 100vw, 460px\" \/><\/figure><\/div>\n\n\n\n<p class=\"wp-block-paragraph\">El mandatario encabez\u00f3 el encuentro con los jefes comunales de los municipios tur\u00edsticos para analizar la cantidad de casos de coronavirus, la ocupaci\u00f3n de camas en cada distrito y el modo en que se est\u00e1n aplicando las restricciones dispuestas el \u00faltimo fin de semana.<\/p>\n\n\n\n<p class=\"wp-block-paragraph\">En declaraciones radiales,\u00a0<strong>el gobernador dijo que prefiere ser tomado por \u00abantip\u00e1tico\u00bb que por \u00abirresponsable\u00bb<\/strong>, al referirse a las nuevas medidas dispuestas en territorio bonaerense para evitar la propagaci\u00f3n del coronavirus.<\/p>\n\n\n\n<p class=\"wp-block-paragraph\">El mandatario provincial dijo que la situaci\u00f3n actual da cuenta de la presencia de una \u00absegunda ola\u00bb de Covid-19.<\/p>\n\n\n\n<p class=\"wp-block-paragraph\">\u00abComo en Europa y Estados Unidos la segunda ola lleg\u00f3 con la vuelta del fr\u00edo, ac\u00e1 se esperaba que llegara despu\u00e9s el crecimiento fuerte de contagios. Pero empezaron a crecer los casos y esta segunda ola lleg\u00f3 a la Argentina hace un mes\u00bb, explic\u00f3.<\/p>\n\n\n\n<p class=\"wp-block-paragraph\">Kicillof remarc\u00f3 que \u00abla ciudad de Buenos Aires sigue liderando la cantidad de casos por mill\u00f3n de habitantes\u00bb y expuso que \u00ablos contagios que hay en la Costa tienen que ver con la movilidad de las vacaciones\u00bb.<\/p>\n\n\n\n<p class=\"wp-block-paragraph\">\u00abHoy no s\u00f3lo estamos decidiendo sobre los habitantes de la provincia sino sobre turistas que vienen de otras provincias y de la Ciudad\u00bb, prosigui\u00f3.<\/p>\n","protected":false},"excerpt":{"rendered":"<p>El mandatario encabez\u00f3 el encuentro con los jefes comunales de los municipios tur\u00edsticos para analizar la cantidad de casos de coronavirus, la ocupaci\u00f3n de camas en cada distrito y el modo en que se est\u00e1n aplicando las restricciones dispuestas el \u00faltimo fin de semana<\/p>\n","protected":false},"author":2,"featured_media":72587,"comment_status":"closed","ping_status":"open","sticky":false,"template":"","format":"standard","meta":{"footnotes":""},"categories":[1612],"tags":[],"class_list":["post-72586","post","type-post","status-publish","format-standard","has-post-thumbnail","hentry","category-noticia-principal"],"featured_image_urls":{"full":["https:\/\/infoecos.com.ar\/wp-content\/uploads\/2021\/01\/kicillofmdp.jpg",1004,565,false],"thumbnail":["https:\/\/infoecos.com.ar\/wp-content\/uploads\/2021\/01\/kicillofmdp-150x150.jpg",150,150,true],"medium":["https:\/\/infoecos.com.ar\/wp-content\/uploads\/2021\/01\/kicillofmdp-460x259.jpg",460,259,true],"medium_large":["https:\/\/infoecos.com.ar\/wp-content\/uploads\/2021\/01\/kicillofmdp-768x432.jpg",640,360,true],"large":["https:\/\/infoecos.com.ar\/wp-content\/uploads\/2021\/01\/kicillofmdp-920x518.jpg",640,360,true],"1536x1536":["https:\/\/infoecos.com.ar\/wp-content\/uploads\/2021\/01\/kicillofmdp.jpg",1004,565,false],"2048x2048":["https:\/\/infoecos.com.ar\/wp-content\/uploads\/2021\/01\/kicillofmdp.jpg",1004,565,false],"covernews-slider-full":["https:\/\/infoecos.com.ar\/wp-content\/uploads\/2021\/01\/kicillofmdp.jpg",1004,565,false],"covernews-slider-center":["https:\/\/infoecos.com.ar\/wp-content\/uploads\/2021\/01\/kicillofmdp-936x565.jpg",800,483,true],"covernews-featured":["https:\/\/infoecos.com.ar\/wp-content\/uploads\/2021\/01\/kicillofmdp.jpg",1004,565,false],"covernews-medium":["https:\/\/infoecos.com.ar\/wp-content\/uploads\/2021\/01\/kicillofmdp-720x380.jpg",540,285,true],"covernews-medium-square":["https:\/\/infoecos.com.ar\/wp-content\/uploads\/2021\/01\/kicillofmdp-675x450.jpg",375,250,true]},"author_info":{"info":["Jorge Matheus"]},"category_info":"<a href=\"https:\/\/infoecos.com.ar\/index.php\/category\/noticia-principal\/\" rel=\"category tag\">Noticia Principal<\/a>","tag_info":"Noticia Principal","comment_count":"0","_links":{"self":[{"href":"https:\/\/infoecos.com.ar\/index.php\/wp-json\/wp\/v2\/posts\/72586","targetHints":{"allow":["GET"]}}],"collection":[{"href":"https:\/\/infoecos.com.ar\/index.php\/wp-json\/wp\/v2\/posts"}],"about":[{"href":"https:\/\/infoecos.com.ar\/index.php\/wp-json\/wp\/v2\/types\/post"}],"author":[{"embeddable":true,"href":"https:\/\/infoecos.com.ar\/index.php\/wp-json\/wp\/v2\/users\/2"}],"replies":[{"embeddable":true,"href":"https:\/\/infoecos.com.ar\/index.php\/wp-json\/wp\/v2\/comments?post=72586"}],"version-history":[{"count":1,"href":"https:\/\/infoecos.com.ar\/index.php\/wp-json\/wp\/v2\/posts\/72586\/revisions"}],"predecessor-version":[{"id":72588,"href":"https:\/\/infoecos.com.ar\/index.php\/wp-json\/wp\/v2\/posts\/72586\/revisions\/72588"}],"wp:featuredmedia":[{"embeddable":true,"href":"https:\/\/infoecos.com.ar\/index.php\/wp-json\/wp\/v2\/media\/72587"}],"wp:attachment":[{"href":"https:\/\/infoecos.com.ar\/index.php\/wp-json\/wp\/v2\/media?parent=72586"}],"wp:term":[{"taxonomy":"category","embeddable":true,"href":"https:\/\/infoecos.com.ar\/index.php\/wp-json\/wp\/v2\/categories?post=72586"},{"taxonomy":"post_tag","embeddable":true,"href":"https:\/\/infoecos.com.ar\/index.php\/wp-json\/wp\/v2\/tags?post=72586"}],"curies":[{"name":"wp","href":"https:\/\/api.w.org\/{rel}","templated":true}]}}