{"id":72593,"date":"2021-01-12T14:29:26","date_gmt":"2021-01-12T17:29:26","guid":{"rendered":"http:\/\/infoecos.com.ar\/?p=72593"},"modified":"2021-01-14T03:01:13","modified_gmt":"2021-01-14T06:01:13","slug":"la-juventud-radical-hizo-publico-su-respaldo-a-maximiliano-abad-para-la-presidencia-del-comite-provincia","status":"publish","type":"post","link":"https:\/\/infoecos.com.ar\/index.php\/la-juventud-radical-hizo-publico-su-respaldo-a-maximiliano-abad-para-la-presidencia-del-comite-provincia\/","title":{"rendered":"La Juventud Radical hizo p\u00fablico su respaldo a Maximiliano Abad para la presidencia del comit\u00e9 provincia"},"content":{"rendered":"\n<p class=\"wp-block-paragraph\">La Juventud Radical (JR) de la provincia de Buenos Aires que encabeza el trenquelauquense Mart\u00edn Borrazas hizo p\u00fablica su postura a favor  de <strong>Maximiliano Abad<\/strong>&nbsp;para que presida el comit\u00e9 bonaerense. <\/p>\n\n\n\n<div class=\"wp-block-image\"><figure class=\"aligncenter size-medium\"><img loading=\"lazy\" decoding=\"async\" width=\"460\" height=\"460\" src=\"http:\/\/infoecos.com.ar\/wp-content\/uploads\/2021\/01\/BORRAZAS-460x460.jpg\" alt=\"\" class=\"wp-image-72594\" srcset=\"https:\/\/infoecos.com.ar\/wp-content\/uploads\/2021\/01\/BORRAZAS-460x460.jpg 460w, https:\/\/infoecos.com.ar\/wp-content\/uploads\/2021\/01\/BORRAZAS-150x150.jpg 150w, https:\/\/infoecos.com.ar\/wp-content\/uploads\/2021\/01\/BORRAZAS.jpg 654w\" sizes=\"auto, (max-width: 460px) 100vw, 460px\" \/><\/figure><\/div>\n\n\n\n<p class=\"wp-block-paragraph\">\u201cLos j\u00f3venes radicales vamos a concurrir masivamente ese d\u00eda a apoyar y acompa\u00f1ar a los dirigentes que en su trayectoria pol\u00edtica han tenido siempre una sola camiseta\u201d se\u00f1al\u00f3<strong>&nbsp;Mart\u00edn Borrazas<\/strong>, presidente de la JR, refiri\u00e9ndose a Abad.<\/p>\n\n\n\n<p class=\"wp-block-paragraph\">Y agreg\u00f3: \u201cLa conducta, la identidad y la pertenencia son cualidades que los j\u00f3venes valoramos y debemos preservar y por eso acompa\u00f1amos con toda nuestra fuerza y convicci\u00f3n la candidatura de Maxi Abad quien, sin dudas, ser\u00e1 el pr\u00f3ximo Presidente del Comit\u00e9 de la provincia de Buenos Aires\u201d.<\/p>\n\n\n\n<p class=\"wp-block-paragraph\">La fecha establecida, hasta el momento, para las elecciones internas en la UCR es el 21 de marzo. Abad se enfrentar\u00e1 a<strong>&nbsp;Gustavo Posse<\/strong>, intendente de San Isidro, por la lista opositora.&nbsp;<\/p>\n","protected":false},"excerpt":{"rendered":"<p>\u201cLos j\u00f3venes radicales vamos a concurrir masivamente ese d\u00eda a apoyar y acompa\u00f1ar a los dirigentes que en su trayectoria pol\u00edtica han tenido siempre una sola camiseta\u201d se\u00f1al\u00f3<\/p>\n","protected":false},"author":2,"featured_media":72594,"comment_status":"closed","ping_status":"open","sticky":false,"template":"","format":"standard","meta":{"footnotes":""},"categories":[199],"tags":[2580],"class_list":["post-72593","post","type-post","status-publish","format-standard","has-post-thumbnail","hentry","category-inferior7","tag-declaraciones-de-martin-borrazas"],"featured_image_urls":{"full":["https:\/\/infoecos.com.ar\/wp-content\/uploads\/2021\/01\/BORRAZAS.jpg",654,654,false],"thumbnail":["https:\/\/infoecos.com.ar\/wp-content\/uploads\/2021\/01\/BORRAZAS-150x150.jpg",150,150,true],"medium":["https:\/\/infoecos.com.ar\/wp-content\/uploads\/2021\/01\/BORRAZAS-460x460.jpg",460,460,true],"medium_large":["https:\/\/infoecos.com.ar\/wp-content\/uploads\/2021\/01\/BORRAZAS.jpg",640,640,false],"large":["https:\/\/infoecos.com.ar\/wp-content\/uploads\/2021\/01\/BORRAZAS.jpg",640,640,false],"1536x1536":["https:\/\/infoecos.com.ar\/wp-content\/uploads\/2021\/01\/BORRAZAS.jpg",654,654,false],"2048x2048":["https:\/\/infoecos.com.ar\/wp-content\/uploads\/2021\/01\/BORRAZAS.jpg",654,654,false],"covernews-slider-full":["https:\/\/infoecos.com.ar\/wp-content\/uploads\/2021\/01\/BORRAZAS.jpg",654,654,false],"covernews-slider-center":["https:\/\/infoecos.com.ar\/wp-content\/uploads\/2021\/01\/BORRAZAS.jpg",500,500,false],"covernews-featured":["https:\/\/infoecos.com.ar\/wp-content\/uploads\/2021\/01\/BORRAZAS.jpg",654,654,false],"covernews-medium":["https:\/\/infoecos.com.ar\/wp-content\/uploads\/2021\/01\/BORRAZAS-654x380.jpg",540,314,true],"covernews-medium-square":["https:\/\/infoecos.com.ar\/wp-content\/uploads\/2021\/01\/BORRAZAS-654x450.jpg",363,250,true]},"author_info":{"info":["Jorge Matheus"]},"category_info":"<a href=\"https:\/\/infoecos.com.ar\/index.php\/category\/inferior7\/\" rel=\"category tag\">Bloque inferior - 7<\/a>","tag_info":"Bloque inferior - 7","comment_count":"0","_links":{"self":[{"href":"https:\/\/infoecos.com.ar\/index.php\/wp-json\/wp\/v2\/posts\/72593","targetHints":{"allow":["GET"]}}],"collection":[{"href":"https:\/\/infoecos.com.ar\/index.php\/wp-json\/wp\/v2\/posts"}],"about":[{"href":"https:\/\/infoecos.com.ar\/index.php\/wp-json\/wp\/v2\/types\/post"}],"author":[{"embeddable":true,"href":"https:\/\/infoecos.com.ar\/index.php\/wp-json\/wp\/v2\/users\/2"}],"replies":[{"embeddable":true,"href":"https:\/\/infoecos.com.ar\/index.php\/wp-json\/wp\/v2\/comments?post=72593"}],"version-history":[{"count":2,"href":"https:\/\/infoecos.com.ar\/index.php\/wp-json\/wp\/v2\/posts\/72593\/revisions"}],"predecessor-version":[{"id":72719,"href":"https:\/\/infoecos.com.ar\/index.php\/wp-json\/wp\/v2\/posts\/72593\/revisions\/72719"}],"wp:featuredmedia":[{"embeddable":true,"href":"https:\/\/infoecos.com.ar\/index.php\/wp-json\/wp\/v2\/media\/72594"}],"wp:attachment":[{"href":"https:\/\/infoecos.com.ar\/index.php\/wp-json\/wp\/v2\/media?parent=72593"}],"wp:term":[{"taxonomy":"category","embeddable":true,"href":"https:\/\/infoecos.com.ar\/index.php\/wp-json\/wp\/v2\/categories?post=72593"},{"taxonomy":"post_tag","embeddable":true,"href":"https:\/\/infoecos.com.ar\/index.php\/wp-json\/wp\/v2\/tags?post=72593"}],"curies":[{"name":"wp","href":"https:\/\/api.w.org\/{rel}","templated":true}]}}