{"id":72600,"date":"2021-01-12T15:19:00","date_gmt":"2021-01-12T18:19:00","guid":{"rendered":"http:\/\/infoecos.com.ar\/?p=72600"},"modified":"2021-01-14T03:00:27","modified_gmt":"2021-01-14T06:00:27","slug":"la-discusion-salarial-con-los-docentes-bonaerenses-sera-en-febrero","status":"publish","type":"post","link":"https:\/\/infoecos.com.ar\/index.php\/la-discusion-salarial-con-los-docentes-bonaerenses-sera-en-febrero\/","title":{"rendered":"La discusi\u00f3n salarial con los docentes bonaerenses ser\u00e1 en Febrero"},"content":{"rendered":"\n<p class=\"wp-block-paragraph\">La discusi\u00f3n salarial con los docentes de la provincia de Buenos Aires ser\u00e1 durante el mes de Febrero. As\u00ed lo anticip\u00f3, en declaraciones que formul\u00f3 a FM Cielo de la ciudad de La Plata, la ministra de Trabajo, Mara Ruiz Malec. <\/p>\n\n\n\n<div class=\"wp-block-image\"><figure class=\"aligncenter size-medium\"><img loading=\"lazy\" decoding=\"async\" width=\"460\" height=\"258\" src=\"http:\/\/infoecos.com.ar\/wp-content\/uploads\/2021\/01\/ruizmalec-460x258.png\" alt=\"\" class=\"wp-image-72601\" srcset=\"https:\/\/infoecos.com.ar\/wp-content\/uploads\/2021\/01\/ruizmalec-460x258.png 460w, https:\/\/infoecos.com.ar\/wp-content\/uploads\/2021\/01\/ruizmalec-768x430.png 768w, https:\/\/infoecos.com.ar\/wp-content\/uploads\/2021\/01\/ruizmalec.png 880w\" sizes=\"auto, (max-width: 460px) 100vw, 460px\" \/><\/figure><\/div>\n\n\n\n<p class=\"wp-block-paragraph\">Las manifestaciones de la funcionaria del gabinete bonaerense se dan luego de haberse acordado con los estatales enrolados en la ley 10.430.<\/p>\n\n\n\n<p class=\"wp-block-paragraph\">Ru\u00edz Malec dijo, adem\u00e1s, que en febrero se va a iniciar la discusi\u00f3n con todos los reg\u00edmenes, docentes y estatales, para 2021. <\/p>\n\n\n\n<p class=\"wp-block-paragraph\"><\/p>\n","protected":false},"excerpt":{"rendered":"<p>Las manifestaciones de la funcionaria del gabinete bonaerense se dan luego de haberse acordado con los estatales enrolados en la ley 10.430<\/p>\n","protected":false},"author":2,"featured_media":72601,"comment_status":"closed","ping_status":"open","sticky":false,"template":"","format":"standard","meta":{"footnotes":""},"categories":[26],"tags":[2581],"class_list":["post-72600","post","type-post","status-publish","format-standard","has-post-thumbnail","hentry","category-inferior6","tag-declaraciones-de-ruiz-malec"],"featured_image_urls":{"full":["https:\/\/infoecos.com.ar\/wp-content\/uploads\/2021\/01\/ruizmalec.png",880,493,false],"thumbnail":["https:\/\/infoecos.com.ar\/wp-content\/uploads\/2021\/01\/ruizmalec-150x150.png",150,150,true],"medium":["https:\/\/infoecos.com.ar\/wp-content\/uploads\/2021\/01\/ruizmalec-460x258.png",460,258,true],"medium_large":["https:\/\/infoecos.com.ar\/wp-content\/uploads\/2021\/01\/ruizmalec-768x430.png",640,358,true],"large":["https:\/\/infoecos.com.ar\/wp-content\/uploads\/2021\/01\/ruizmalec.png",640,359,false],"1536x1536":["https:\/\/infoecos.com.ar\/wp-content\/uploads\/2021\/01\/ruizmalec.png",880,493,false],"2048x2048":["https:\/\/infoecos.com.ar\/wp-content\/uploads\/2021\/01\/ruizmalec.png",880,493,false],"covernews-slider-full":["https:\/\/infoecos.com.ar\/wp-content\/uploads\/2021\/01\/ruizmalec.png",880,493,false],"covernews-slider-center":["https:\/\/infoecos.com.ar\/wp-content\/uploads\/2021\/01\/ruizmalec.png",800,448,false],"covernews-featured":["https:\/\/infoecos.com.ar\/wp-content\/uploads\/2021\/01\/ruizmalec.png",880,493,false],"covernews-medium":["https:\/\/infoecos.com.ar\/wp-content\/uploads\/2021\/01\/ruizmalec-720x380.png",540,285,true],"covernews-medium-square":["https:\/\/infoecos.com.ar\/wp-content\/uploads\/2021\/01\/ruizmalec-675x450.png",375,250,true]},"author_info":{"info":["Jorge Matheus"]},"category_info":"<a href=\"https:\/\/infoecos.com.ar\/index.php\/category\/inferior6\/\" rel=\"category tag\">Bloque inferior - 6<\/a>","tag_info":"Bloque inferior - 6","comment_count":"0","_links":{"self":[{"href":"https:\/\/infoecos.com.ar\/index.php\/wp-json\/wp\/v2\/posts\/72600","targetHints":{"allow":["GET"]}}],"collection":[{"href":"https:\/\/infoecos.com.ar\/index.php\/wp-json\/wp\/v2\/posts"}],"about":[{"href":"https:\/\/infoecos.com.ar\/index.php\/wp-json\/wp\/v2\/types\/post"}],"author":[{"embeddable":true,"href":"https:\/\/infoecos.com.ar\/index.php\/wp-json\/wp\/v2\/users\/2"}],"replies":[{"embeddable":true,"href":"https:\/\/infoecos.com.ar\/index.php\/wp-json\/wp\/v2\/comments?post=72600"}],"version-history":[{"count":1,"href":"https:\/\/infoecos.com.ar\/index.php\/wp-json\/wp\/v2\/posts\/72600\/revisions"}],"predecessor-version":[{"id":72602,"href":"https:\/\/infoecos.com.ar\/index.php\/wp-json\/wp\/v2\/posts\/72600\/revisions\/72602"}],"wp:featuredmedia":[{"embeddable":true,"href":"https:\/\/infoecos.com.ar\/index.php\/wp-json\/wp\/v2\/media\/72601"}],"wp:attachment":[{"href":"https:\/\/infoecos.com.ar\/index.php\/wp-json\/wp\/v2\/media?parent=72600"}],"wp:term":[{"taxonomy":"category","embeddable":true,"href":"https:\/\/infoecos.com.ar\/index.php\/wp-json\/wp\/v2\/categories?post=72600"},{"taxonomy":"post_tag","embeddable":true,"href":"https:\/\/infoecos.com.ar\/index.php\/wp-json\/wp\/v2\/tags?post=72600"}],"curies":[{"name":"wp","href":"https:\/\/api.w.org\/{rel}","templated":true}]}}