{"id":72615,"date":"2021-01-12T16:24:32","date_gmt":"2021-01-12T19:24:32","guid":{"rendered":"http:\/\/infoecos.com.ar\/?p=72615"},"modified":"2021-01-12T16:24:36","modified_gmt":"2021-01-12T19:24:36","slug":"tres-lomas-lincoln-salliquelo-descendieron-a-fase-3","status":"publish","type":"post","link":"https:\/\/infoecos.com.ar\/index.php\/tres-lomas-lincoln-salliquelo-descendieron-a-fase-3\/","title":{"rendered":"Tres Lomas, Lincoln, Salliquel\u00f3 descendieron a fase 3"},"content":{"rendered":"\n<p class=\"wp-block-paragraph\">El jefe de Gabinete\u00a0Carlos Bianco precis\u00f3 que\u00a0seis municipios bajaron a fase 3 y cuatro pasaron a fase 4. \u00a0\u00a0<\/p>\n\n\n\n<div class=\"wp-block-image\"><figure class=\"aligncenter size-medium\"><img loading=\"lazy\" decoding=\"async\" width=\"460\" height=\"307\" src=\"http:\/\/infoecos.com.ar\/wp-content\/uploads\/2021\/01\/MG_2305_2-1-460x307.jpg\" alt=\"\" class=\"wp-image-72616\" srcset=\"https:\/\/infoecos.com.ar\/wp-content\/uploads\/2021\/01\/MG_2305_2-1-460x307.jpg 460w, https:\/\/infoecos.com.ar\/wp-content\/uploads\/2021\/01\/MG_2305_2-1-920x614.jpg 920w, https:\/\/infoecos.com.ar\/wp-content\/uploads\/2021\/01\/MG_2305_2-1-768x512.jpg 768w, https:\/\/infoecos.com.ar\/wp-content\/uploads\/2021\/01\/MG_2305_2-1-1536x1024.jpg 1536w, https:\/\/infoecos.com.ar\/wp-content\/uploads\/2021\/01\/MG_2305_2-1-2048x1366.jpg 2048w, https:\/\/infoecos.com.ar\/wp-content\/uploads\/2021\/01\/MG_2305_2-1-1024x683.jpg 1024w, https:\/\/infoecos.com.ar\/wp-content\/uploads\/2021\/01\/MG_2305_2-1-675x450.jpg 675w\" sizes=\"auto, (max-width: 460px) 100vw, 460px\" \/><\/figure><\/div>\n\n\n\n<p class=\"wp-block-paragraph\">A\u00a0fase 3, descendieron\u00a0Carmen de Areco, General Pinto, Maip\u00fa y Tres Lomas. La lista la completan\u00a0Arrecifes, Balcarce, Lincoln, Lober\u00eda, Salliquel\u00f3, Pu\u00e1n y Suipacha, Bol\u00edvar y Rauch que se estaban en la misma situaci\u00f3n sanitaria.<\/p>\n\n\n\n<p class=\"wp-block-paragraph\">En tanto, en fase 4,\u00a0se ubicaron seis distritos m\u00e1s a los 109 que estaban en la categor\u00eda. Estos son,\u00a0Adolfo Gonzales Chaves, General Belgrano,\u00a0Leandro N. Alem, San Cayetano, Tapalqu\u00e9 y Tordillo.<\/p>\n","protected":false},"excerpt":{"rendered":"<p>En tanto, en fase 4, se ubicaron seis distritos m\u00e1s a los 109 que estaban en la categor\u00eda<\/p>\n","protected":false},"author":2,"featured_media":72612,"comment_status":"closed","ping_status":"open","sticky":false,"template":"","format":"standard","meta":{"footnotes":""},"categories":[25],"tags":[2537],"class_list":["post-72615","post","type-post","status-publish","format-standard","has-post-thumbnail","hentry","category-c3nota1","tag-situacion-epidemiologica"],"featured_image_urls":{"full":["https:\/\/infoecos.com.ar\/wp-content\/uploads\/2021\/01\/MG_2305_2-scaled.jpg",2560,1707,false],"thumbnail":["https:\/\/infoecos.com.ar\/wp-content\/uploads\/2021\/01\/MG_2305_2-150x150.jpg",150,150,true],"medium":["https:\/\/infoecos.com.ar\/wp-content\/uploads\/2021\/01\/MG_2305_2-460x307.jpg",460,307,true],"medium_large":["https:\/\/infoecos.com.ar\/wp-content\/uploads\/2021\/01\/MG_2305_2-768x512.jpg",640,427,true],"large":["https:\/\/infoecos.com.ar\/wp-content\/uploads\/2021\/01\/MG_2305_2-920x614.jpg",640,427,true],"1536x1536":["https:\/\/infoecos.com.ar\/wp-content\/uploads\/2021\/01\/MG_2305_2-1536x1024.jpg",1536,1024,true],"2048x2048":["https:\/\/infoecos.com.ar\/wp-content\/uploads\/2021\/01\/MG_2305_2-2048x1366.jpg",2048,1366,true],"covernews-slider-full":["https:\/\/infoecos.com.ar\/wp-content\/uploads\/2021\/01\/MG_2305_2-1536x1020.jpg",1077,715,true],"covernews-slider-center":["https:\/\/infoecos.com.ar\/wp-content\/uploads\/2021\/01\/MG_2305_2-936x897.jpg",522,500,true],"covernews-featured":["https:\/\/infoecos.com.ar\/wp-content\/uploads\/2021\/01\/MG_2305_2-1024x683.jpg",1024,683,true],"covernews-medium":["https:\/\/infoecos.com.ar\/wp-content\/uploads\/2021\/01\/MG_2305_2-720x380.jpg",540,285,true],"covernews-medium-square":["https:\/\/infoecos.com.ar\/wp-content\/uploads\/2021\/01\/MG_2305_2-675x450.jpg",375,250,true]},"author_info":{"info":["Jorge Matheus"]},"category_info":"<a href=\"https:\/\/infoecos.com.ar\/index.php\/category\/c3nota1\/\" rel=\"category tag\">C3 N1<\/a>","tag_info":"C3 N1","comment_count":"0","_links":{"self":[{"href":"https:\/\/infoecos.com.ar\/index.php\/wp-json\/wp\/v2\/posts\/72615","targetHints":{"allow":["GET"]}}],"collection":[{"href":"https:\/\/infoecos.com.ar\/index.php\/wp-json\/wp\/v2\/posts"}],"about":[{"href":"https:\/\/infoecos.com.ar\/index.php\/wp-json\/wp\/v2\/types\/post"}],"author":[{"embeddable":true,"href":"https:\/\/infoecos.com.ar\/index.php\/wp-json\/wp\/v2\/users\/2"}],"replies":[{"embeddable":true,"href":"https:\/\/infoecos.com.ar\/index.php\/wp-json\/wp\/v2\/comments?post=72615"}],"version-history":[{"count":1,"href":"https:\/\/infoecos.com.ar\/index.php\/wp-json\/wp\/v2\/posts\/72615\/revisions"}],"predecessor-version":[{"id":72617,"href":"https:\/\/infoecos.com.ar\/index.php\/wp-json\/wp\/v2\/posts\/72615\/revisions\/72617"}],"wp:featuredmedia":[{"embeddable":true,"href":"https:\/\/infoecos.com.ar\/index.php\/wp-json\/wp\/v2\/media\/72612"}],"wp:attachment":[{"href":"https:\/\/infoecos.com.ar\/index.php\/wp-json\/wp\/v2\/media?parent=72615"}],"wp:term":[{"taxonomy":"category","embeddable":true,"href":"https:\/\/infoecos.com.ar\/index.php\/wp-json\/wp\/v2\/categories?post=72615"},{"taxonomy":"post_tag","embeddable":true,"href":"https:\/\/infoecos.com.ar\/index.php\/wp-json\/wp\/v2\/tags?post=72615"}],"curies":[{"name":"wp","href":"https:\/\/api.w.org\/{rel}","templated":true}]}}