{"id":72622,"date":"2021-01-12T23:08:37","date_gmt":"2021-01-13T02:08:37","guid":{"rendered":"http:\/\/infoecos.com.ar\/?p=72622"},"modified":"2021-01-12T23:11:39","modified_gmt":"2021-01-13T02:11:39","slug":"jose-martins-del-consejo-agroindustrial-argentino-dijo-que-celebraban-la-voluntad-de-dialogo","status":"publish","type":"post","link":"https:\/\/infoecos.com.ar\/index.php\/jose-martins-del-consejo-agroindustrial-argentino-dijo-que-celebraban-la-voluntad-de-dialogo\/","title":{"rendered":"Jos\u00e9 Martins del Consejo Agroindustrial Argentino dijo que celebraban la voluntad de di\u00e1logo"},"content":{"rendered":"\n<p class=\"wp-block-paragraph\">En representaci\u00f3n del Consejo Agroindustrial Argentino, conformado por m\u00e1s de 32 entidades de la cadena, Jos\u00e9 Martins se\u00f1al\u00f3 a algunos medios luego de la reuni\u00f3n realizada este martes y donde se comunic\u00f3 la decisi\u00f3n del Gobierno Nacional. \u00abLo primero que se debe destacar y celebrar es la voluntad de di\u00e1logo que es lo \u00fanico que construye en este pa\u00eds: dialogar, proponer y llegar a acuerdos\u00bb, apunt\u00f3.<\/p>\n\n\n\n<div class=\"wp-block-image\"><figure class=\"aligncenter size-medium\"><img loading=\"lazy\" decoding=\"async\" width=\"460\" height=\"259\" src=\"http:\/\/infoecos.com.ar\/wp-content\/uploads\/2021\/01\/basterraconcaa-460x259.jpg\" alt=\"\" class=\"wp-image-72623\" srcset=\"https:\/\/infoecos.com.ar\/wp-content\/uploads\/2021\/01\/basterraconcaa-460x259.jpg 460w, https:\/\/infoecos.com.ar\/wp-content\/uploads\/2021\/01\/basterraconcaa-920x518.jpg 920w, https:\/\/infoecos.com.ar\/wp-content\/uploads\/2021\/01\/basterraconcaa-768x432.jpg 768w, https:\/\/infoecos.com.ar\/wp-content\/uploads\/2021\/01\/basterraconcaa.jpg 1004w\" sizes=\"auto, (max-width: 460px) 100vw, 460px\" \/><\/figure><\/div>\n\n\n\n<p class=\"wp-block-paragraph\">\u00abDesde el sector privado hemos conformado una mesa intersectorial del ma\u00edz, con la representaci\u00f3n entidades del sector, con quienes vamos a trabajar con el compromiso de encontrar herramientas que permitan desacoplar el buen momento que estamos atravesando en t\u00e9rminos de precios internacionales, que es positivo porque es generaci\u00f3n de divisas, pero tambi\u00e9n somos conscientes que esto impacta en los precios internos\u00bb, se\u00f1al\u00f3.<\/p>\n","protected":false},"excerpt":{"rendered":"<p>\u00abDesde el sector privado hemos conformado una mesa intersectorial del ma\u00edz, con la representaci\u00f3n entidades del sector\u00bb, se\u00f1al\u00f3 tambi\u00e9n<\/p>\n","protected":false},"author":2,"featured_media":53990,"comment_status":"closed","ping_status":"open","sticky":false,"template":"","format":"standard","meta":{"footnotes":""},"categories":[46],"tags":[97],"class_list":["post-72622","post","type-post","status-publish","format-standard","has-post-thumbnail","hentry","category-c2nota2","tag-economia"],"featured_image_urls":{"full":"","thumbnail":"","medium":"","medium_large":"","large":"","1536x1536":"","2048x2048":"","covernews-slider-full":"","covernews-slider-center":"","covernews-featured":"","covernews-medium":"","covernews-medium-square":""},"author_info":{"info":["Jorge Matheus"]},"category_info":"<a href=\"https:\/\/infoecos.com.ar\/index.php\/category\/c2nota2\/\" rel=\"category tag\">C2 N2<\/a>","tag_info":"C2 N2","comment_count":"0","_links":{"self":[{"href":"https:\/\/infoecos.com.ar\/index.php\/wp-json\/wp\/v2\/posts\/72622","targetHints":{"allow":["GET"]}}],"collection":[{"href":"https:\/\/infoecos.com.ar\/index.php\/wp-json\/wp\/v2\/posts"}],"about":[{"href":"https:\/\/infoecos.com.ar\/index.php\/wp-json\/wp\/v2\/types\/post"}],"author":[{"embeddable":true,"href":"https:\/\/infoecos.com.ar\/index.php\/wp-json\/wp\/v2\/users\/2"}],"replies":[{"embeddable":true,"href":"https:\/\/infoecos.com.ar\/index.php\/wp-json\/wp\/v2\/comments?post=72622"}],"version-history":[{"count":1,"href":"https:\/\/infoecos.com.ar\/index.php\/wp-json\/wp\/v2\/posts\/72622\/revisions"}],"predecessor-version":[{"id":72624,"href":"https:\/\/infoecos.com.ar\/index.php\/wp-json\/wp\/v2\/posts\/72622\/revisions\/72624"}],"wp:attachment":[{"href":"https:\/\/infoecos.com.ar\/index.php\/wp-json\/wp\/v2\/media?parent=72622"}],"wp:term":[{"taxonomy":"category","embeddable":true,"href":"https:\/\/infoecos.com.ar\/index.php\/wp-json\/wp\/v2\/categories?post=72622"},{"taxonomy":"post_tag","embeddable":true,"href":"https:\/\/infoecos.com.ar\/index.php\/wp-json\/wp\/v2\/tags?post=72622"}],"curies":[{"name":"wp","href":"https:\/\/api.w.org\/{rel}","templated":true}]}}