{"id":72628,"date":"2021-01-12T23:40:23","date_gmt":"2021-01-13T02:40:23","guid":{"rendered":"http:\/\/infoecos.com.ar\/?p=72628"},"modified":"2021-01-14T02:58:59","modified_gmt":"2021-01-14T05:58:59","slug":"general-villegas-tambien-adhiere-a-la-restriccion-nocturna","status":"publish","type":"post","link":"https:\/\/infoecos.com.ar\/index.php\/general-villegas-tambien-adhiere-a-la-restriccion-nocturna\/","title":{"rendered":"General Villegas tambi\u00e9n adhiere a la restricci\u00f3n nocturna"},"content":{"rendered":"\n<p>El intendente municipal de General Villegas, Eduardo Campana, anunci\u00f3 que tambi\u00e9n habr\u00e1 restricci\u00f3n nocturna en su distrito, entre la 1 y las 6 de la ma\u00f1ana. <\/p>\n\n\n\n<div class=\"wp-block-image\"><figure class=\"aligncenter size-medium\"><img loading=\"lazy\" decoding=\"async\" width=\"460\" height=\"291\" src=\"http:\/\/infoecos.com.ar\/wp-content\/uploads\/2021\/01\/campana12-460x291.jpg\" alt=\"\" class=\"wp-image-72629\" srcset=\"https:\/\/infoecos.com.ar\/wp-content\/uploads\/2021\/01\/campana12-460x291.jpg 460w, https:\/\/infoecos.com.ar\/wp-content\/uploads\/2021\/01\/campana12.jpg 696w\" sizes=\"(max-width: 460px) 100vw, 460px\" \/><\/figure><\/div>\n\n\n\n<p>El mandatario comunal transmiti\u00f3 un mensaje a la comunidad donde inform\u00f3, adem\u00e1s, que habr\u00e1 severas multas \u00abpara profundizar las medidas y tratar de trabajar contra este mal que nos est\u00e1 aquejando desde hace bastante tiempo; y tiene un recrudecimiento en este momento\u00bb<strong>.<\/strong><\/p>\n\n\n\n<p>Luego de una reuni\u00f3n del Comit\u00e9 de Crisis del distrito y de una videoconferencia con el gobernador Kicillof, Campana expres\u00f3 textualmente:<\/p>\n\n\n\n<p>\u00abAnte el recrudecimiento de la cantidad de casos de esta pandemia Covid-19 hemos tenido una reuni\u00f3n del comit\u00e9 de crisis (nos hab\u00edamos reunido con las diferentes \u00e1reas para tratar estos temas tambi\u00e9n en d\u00edas anteriores) y acabamos de terminar una reuni\u00f3n con el gobernador de la provincia de Buenos Aires. Al d\u00eda de hoy tenemos 36 casos activos, 460 casos recuperados, 214 personas est\u00e1n aisladas, hay 30 sospechosos y 6 personas han fallecido por esta enfermedad.<\/p>\n\n\n\n<p>Realmente es preocupante la cantidad de casos y, en l\u00ednea con el Gobierno Nacional y fundamentalmente con el Decreto Provincial, el municipio de General Villegas va a adherir a las restricciones que impone ese decreto. Significa que va haber un horario que debe ser respetado, que es a partir de la 1 hasta las 6 de la ma\u00f1ana. Tambi\u00e9n va haber una adhesi\u00f3n al decreto y una notificaci\u00f3n al Concejo Deliberante en cuanto las multas, que son severas, fundamentalmente para profundizar las medidas y tratar de trabajar contra este mal que nos est\u00e1 aquejando desde hace bastante tiempo; y tiene un recrudecimiento en este momento.<\/p>\n\n\n\n<p>En la charla que hemos tenido con el Gobernador ya se han vacunado en nuestro distrito una gran cantidad de personas; lo mismo se ha hecho en todo el territorio de la Provincia. Se est\u00e1n inscribiendo aquellas personas para ser vacunadas y se est\u00e1 articulando el trabajo para cuando llegue esa gran cantidad de vacunas que van a ser necesarias; y que ser\u00e1n en una segunda etapa. Tambi\u00e9n se habla de una tercera etapa para vacunar a las personas de 70 a\u00f1os o 60 a\u00f1os. Esto es un trabajo complejo, pero lo vamos a llevar a cabo los municipios y la Provincia.<\/p>\n\n\n\n<p>De m\u00e1s est\u00e1 decir que tenemos que cuidarnos mucho, se est\u00e1 trabajando tambi\u00e9n en un protocolo desde el \u00e1rea de salud, sobre todo para esas personas que viajen a puntos calientes o a ciudades vecinas que tienen gran cantidad de contagios; y el Partido de General Villegas no escapa a eso. Hoy el foco est\u00e1 concentrado en la ciudad cabecera, hay muy pocos casos en los pueblos y vaya en eso un agradecimiento al comportamiento que tienen los vecinos y la comunidad. En los j\u00f3venes que tienen que pensar en sus padres y sus abuelos. Los j\u00f3venes pueden reunirse en grupos reducidos, en espacios abiertos y al aire libre; y cuando haya alguna reuni\u00f3n o alg\u00fan evento presenten sus protocolos. Si trabajamos de manera ordenada y prolija vamos a poder sobrellevar los encuentros, las reuniones sociales, las reuniones de los amigos y vamos a evitar los contagios.<\/p>\n\n\n\n<p>Quiero remarcar el uso del barbijo o tapaboca, el distanciamiento social, la higiene y el uso del alcohol en manos. Vemos que el comportamiento dentro de los comercios es el adecuado en la mayor\u00eda de ellos; y si se puede cumplir con esos protocolos en los comercios, en los clubes, en los bares, en los restaurantes, creo que lo podemos hacer cada uno de nosotros en nuestros domicilios.<\/p>\n\n\n\n<p>Y un particular cuidado o llamado de atenci\u00f3n para aquellas personas que est\u00e9n gozando de sus vacaciones y que se desplacen a centros tur\u00edsticos, a la Costa, a C\u00f3rdoba, o hacia lugares donde hay mucha concentraci\u00f3n de personas. Si se cuidan, si usan el barbijo, si hay distanciamiento social, no se van a contagiar y, lo m\u00e1s importante, es que no van a traer el virus a nuestro Partido de General Villegas. Y ah\u00ed es donde tenemos que cuidarnos. Fundamentalmente para que el sistema de salud pueda desarrollar su tarea, para que no colapse y para que la fuerza de seguridad no tenga que estar todo el tiempo haciendo notificaciones y\/o llamados de atenci\u00f3n.<\/p>\n\n\n\n<p>Queridos vecinos, si nosotros nos cuidamos y somos respetuosos de las normas y los protocolos, vamos a saber sobrellevar esta pandemia como lo estamos haciendo hasta ahora. Necesitamos que haya muy poca gente enferma o ninguna si fuese posible, no tener fallecidos y ser responsables de nuestros actos y nuestras conductas\u00bb.<\/p>\n\n\n\n<p><strong>Informaci\u00f3n proporcionada por el \u00e1rea de prensa del municipio<\/strong>.<\/p>\n\n\n\n<h1 class=\"wp-block-heading\"><\/h1>\n","protected":false},"excerpt":{"rendered":"<p>El mandatario comunal transmiti\u00f3 un mensaje a la comunidad donde inform\u00f3, adem\u00e1s, que habr\u00e1 severas multas \u00abpara profundizar las medidas y tratar de trabajar contra este mal que nos est\u00e1 aquejando desde hace bastante tiempo\u00bb<\/p>\n","protected":false},"author":2,"featured_media":72629,"comment_status":"closed","ping_status":"open","sticky":false,"template":"","format":"standard","meta":{"footnotes":""},"categories":[43],"tags":[2583],"class_list":["post-72628","post","type-post","status-publish","format-standard","has-post-thumbnail","hentry","category-inferior4","tag-anuncios-de-campana"],"yoast_head":"<!-- This site is optimized with the Yoast SEO plugin v23.4 - https:\/\/yoast.com\/wordpress\/plugins\/seo\/ -->\n<title>General Villegas tambi\u00e9n adhiere a la restricci\u00f3n nocturna - Infoecos<\/title>\n<meta name=\"robots\" content=\"index, follow, max-snippet:-1, max-image-preview:large, max-video-preview:-1\" \/>\n<link rel=\"canonical\" href=\"https:\/\/infoecos.com.ar\/index.php\/general-villegas-tambien-adhiere-a-la-restriccion-nocturna\/\" \/>\n<meta property=\"og:locale\" content=\"es_ES\" \/>\n<meta property=\"og:type\" content=\"article\" \/>\n<meta property=\"og:title\" content=\"General Villegas tambi\u00e9n adhiere a la restricci\u00f3n nocturna - Infoecos\" \/>\n<meta property=\"og:description\" content=\"El mandatario comunal transmiti\u00f3 un mensaje a la comunidad donde inform\u00f3, adem\u00e1s, que habr\u00e1 severas multas \u00abpara profundizar las medidas y tratar de trabajar contra este mal que nos est\u00e1 aquejando desde hace bastante tiempo&quot;\" \/>\n<meta property=\"og:url\" content=\"https:\/\/infoecos.com.ar\/index.php\/general-villegas-tambien-adhiere-a-la-restriccion-nocturna\/\" \/>\n<meta property=\"og:site_name\" content=\"Infoecos\" \/>\n<meta property=\"article:publisher\" content=\"https:\/\/www.facebook.com\/profile.php?id=100063200290284\" \/>\n<meta property=\"article:published_time\" content=\"2021-01-13T02:40:23+00:00\" \/>\n<meta property=\"article:modified_time\" content=\"2021-01-14T05:58:59+00:00\" \/>\n<meta property=\"og:image\" content=\"https:\/\/infoecos.com.ar\/wp-content\/uploads\/2021\/01\/campana12.jpg\" \/>\n\t<meta property=\"og:image:width\" content=\"696\" \/>\n\t<meta property=\"og:image:height\" content=\"441\" \/>\n\t<meta property=\"og:image:type\" content=\"image\/jpeg\" \/>\n<meta name=\"author\" content=\"Jorge Matheus\" \/>\n<meta name=\"twitter:card\" content=\"summary_large_image\" \/>\n<meta name=\"twitter:creator\" content=\"@infoecos\" \/>\n<meta name=\"twitter:site\" content=\"@infoecos\" \/>\n<meta name=\"twitter:label1\" content=\"Escrito por\" \/>\n\t<meta name=\"twitter:data1\" content=\"Jorge Matheus\" \/>\n\t<meta name=\"twitter:label2\" content=\"Tiempo de lectura\" \/>\n\t<meta name=\"twitter:data2\" content=\"4 minutos\" \/>\n<script type=\"application\/ld+json\" class=\"yoast-schema-graph\">{\"@context\":\"https:\/\/schema.org\",\"@graph\":[{\"@type\":\"Article\",\"@id\":\"https:\/\/infoecos.com.ar\/index.php\/general-villegas-tambien-adhiere-a-la-restriccion-nocturna\/#article\",\"isPartOf\":{\"@id\":\"https:\/\/infoecos.com.ar\/index.php\/general-villegas-tambien-adhiere-a-la-restriccion-nocturna\/\"},\"author\":{\"name\":\"Jorge Matheus\",\"@id\":\"https:\/\/infoecos.com.ar\/#\/schema\/person\/8f5ace5ce73b4b4aac4b7245aee6f191\"},\"headline\":\"General Villegas tambi\u00e9n adhiere a la restricci\u00f3n nocturna\",\"datePublished\":\"2021-01-13T02:40:23+00:00\",\"dateModified\":\"2021-01-14T05:58:59+00:00\",\"mainEntityOfPage\":{\"@id\":\"https:\/\/infoecos.com.ar\/index.php\/general-villegas-tambien-adhiere-a-la-restriccion-nocturna\/\"},\"wordCount\":798,\"publisher\":{\"@id\":\"https:\/\/infoecos.com.ar\/#organization\"},\"image\":{\"@id\":\"https:\/\/infoecos.com.ar\/index.php\/general-villegas-tambien-adhiere-a-la-restriccion-nocturna\/#primaryimage\"},\"thumbnailUrl\":\"https:\/\/infoecos.com.ar\/wp-content\/uploads\/2021\/01\/campana12.jpg\",\"keywords\":[\"ANUNCIOS DE CAMPANA\"],\"articleSection\":[\"Bloque inferior - 4\"],\"inLanguage\":\"es\"},{\"@type\":\"WebPage\",\"@id\":\"https:\/\/infoecos.com.ar\/index.php\/general-villegas-tambien-adhiere-a-la-restriccion-nocturna\/\",\"url\":\"https:\/\/infoecos.com.ar\/index.php\/general-villegas-tambien-adhiere-a-la-restriccion-nocturna\/\",\"name\":\"General Villegas tambi\u00e9n adhiere a la restricci\u00f3n nocturna - Infoecos\",\"isPartOf\":{\"@id\":\"https:\/\/infoecos.com.ar\/#website\"},\"primaryImageOfPage\":{\"@id\":\"https:\/\/infoecos.com.ar\/index.php\/general-villegas-tambien-adhiere-a-la-restriccion-nocturna\/#primaryimage\"},\"image\":{\"@id\":\"https:\/\/infoecos.com.ar\/index.php\/general-villegas-tambien-adhiere-a-la-restriccion-nocturna\/#primaryimage\"},\"thumbnailUrl\":\"https:\/\/infoecos.com.ar\/wp-content\/uploads\/2021\/01\/campana12.jpg\",\"datePublished\":\"2021-01-13T02:40:23+00:00\",\"dateModified\":\"2021-01-14T05:58:59+00:00\",\"breadcrumb\":{\"@id\":\"https:\/\/infoecos.com.ar\/index.php\/general-villegas-tambien-adhiere-a-la-restriccion-nocturna\/#breadcrumb\"},\"inLanguage\":\"es\",\"potentialAction\":[{\"@type\":\"ReadAction\",\"target\":[\"https:\/\/infoecos.com.ar\/index.php\/general-villegas-tambien-adhiere-a-la-restriccion-nocturna\/\"]}]},{\"@type\":\"ImageObject\",\"inLanguage\":\"es\",\"@id\":\"https:\/\/infoecos.com.ar\/index.php\/general-villegas-tambien-adhiere-a-la-restriccion-nocturna\/#primaryimage\",\"url\":\"https:\/\/infoecos.com.ar\/wp-content\/uploads\/2021\/01\/campana12.jpg\",\"contentUrl\":\"https:\/\/infoecos.com.ar\/wp-content\/uploads\/2021\/01\/campana12.jpg\",\"width\":696,\"height\":441},{\"@type\":\"BreadcrumbList\",\"@id\":\"https:\/\/infoecos.com.ar\/index.php\/general-villegas-tambien-adhiere-a-la-restriccion-nocturna\/#breadcrumb\",\"itemListElement\":[{\"@type\":\"ListItem\",\"position\":1,\"name\":\"Portada\",\"item\":\"https:\/\/infoecos.com.ar\/\"},{\"@type\":\"ListItem\",\"position\":2,\"name\":\"General Villegas tambi\u00e9n adhiere a la restricci\u00f3n nocturna\"}]},{\"@type\":\"WebSite\",\"@id\":\"https:\/\/infoecos.com.ar\/#website\",\"url\":\"https:\/\/infoecos.com.ar\/\",\"name\":\"Infoecos\",\"description\":\"Noticias de trenque lauquen y la zona\",\"publisher\":{\"@id\":\"https:\/\/infoecos.com.ar\/#organization\"},\"alternateName\":\"Noticias\",\"potentialAction\":[{\"@type\":\"SearchAction\",\"target\":{\"@type\":\"EntryPoint\",\"urlTemplate\":\"https:\/\/infoecos.com.ar\/?s={search_term_string}\"},\"query-input\":{\"@type\":\"PropertyValueSpecification\",\"valueRequired\":true,\"valueName\":\"search_term_string\"}}],\"inLanguage\":\"es\"},{\"@type\":\"Organization\",\"@id\":\"https:\/\/infoecos.com.ar\/#organization\",\"name\":\"Infoecos\",\"alternateName\":\"Noticias\",\"url\":\"https:\/\/infoecos.com.ar\/\",\"logo\":{\"@type\":\"ImageObject\",\"inLanguage\":\"es\",\"@id\":\"https:\/\/infoecos.com.ar\/#\/schema\/logo\/image\/\",\"url\":\"https:\/\/infoecos.com.ar\/wp-content\/uploads\/2024\/03\/cropped-logo.png\",\"contentUrl\":\"https:\/\/infoecos.com.ar\/wp-content\/uploads\/2024\/03\/cropped-logo.png\",\"width\":374,\"height\":90,\"caption\":\"Infoecos\"},\"image\":{\"@id\":\"https:\/\/infoecos.com.ar\/#\/schema\/logo\/image\/\"},\"sameAs\":[\"https:\/\/www.facebook.com\/profile.php?id=100063200290284\",\"https:\/\/x.com\/infoecos\"]},{\"@type\":\"Person\",\"@id\":\"https:\/\/infoecos.com.ar\/#\/schema\/person\/8f5ace5ce73b4b4aac4b7245aee6f191\",\"name\":\"Jorge Matheus\",\"url\":\"https:\/\/infoecos.com.ar\/index.php\/author\/jomatheus\/\"}]}<\/script>\n<!-- \/ Yoast SEO plugin. -->","yoast_head_json":{"title":"General Villegas tambi\u00e9n adhiere a la restricci\u00f3n nocturna - Infoecos","robots":{"index":"index","follow":"follow","max-snippet":"max-snippet:-1","max-image-preview":"max-image-preview:large","max-video-preview":"max-video-preview:-1"},"canonical":"https:\/\/infoecos.com.ar\/index.php\/general-villegas-tambien-adhiere-a-la-restriccion-nocturna\/","og_locale":"es_ES","og_type":"article","og_title":"General Villegas tambi\u00e9n adhiere a la restricci\u00f3n nocturna - Infoecos","og_description":"El mandatario comunal transmiti\u00f3 un mensaje a la comunidad donde inform\u00f3, adem\u00e1s, que habr\u00e1 severas multas \u00abpara profundizar las medidas y tratar de trabajar contra este mal que nos est\u00e1 aquejando desde hace bastante tiempo\"","og_url":"https:\/\/infoecos.com.ar\/index.php\/general-villegas-tambien-adhiere-a-la-restriccion-nocturna\/","og_site_name":"Infoecos","article_publisher":"https:\/\/www.facebook.com\/profile.php?id=100063200290284","article_published_time":"2021-01-13T02:40:23+00:00","article_modified_time":"2021-01-14T05:58:59+00:00","og_image":[{"width":696,"height":441,"url":"https:\/\/infoecos.com.ar\/wp-content\/uploads\/2021\/01\/campana12.jpg","type":"image\/jpeg"}],"author":"Jorge Matheus","twitter_card":"summary_large_image","twitter_creator":"@infoecos","twitter_site":"@infoecos","twitter_misc":{"Escrito por":"Jorge Matheus","Tiempo de lectura":"4 minutos"},"schema":{"@context":"https:\/\/schema.org","@graph":[{"@type":"Article","@id":"https:\/\/infoecos.com.ar\/index.php\/general-villegas-tambien-adhiere-a-la-restriccion-nocturna\/#article","isPartOf":{"@id":"https:\/\/infoecos.com.ar\/index.php\/general-villegas-tambien-adhiere-a-la-restriccion-nocturna\/"},"author":{"name":"Jorge Matheus","@id":"https:\/\/infoecos.com.ar\/#\/schema\/person\/8f5ace5ce73b4b4aac4b7245aee6f191"},"headline":"General Villegas tambi\u00e9n adhiere a la restricci\u00f3n nocturna","datePublished":"2021-01-13T02:40:23+00:00","dateModified":"2021-01-14T05:58:59+00:00","mainEntityOfPage":{"@id":"https:\/\/infoecos.com.ar\/index.php\/general-villegas-tambien-adhiere-a-la-restriccion-nocturna\/"},"wordCount":798,"publisher":{"@id":"https:\/\/infoecos.com.ar\/#organization"},"image":{"@id":"https:\/\/infoecos.com.ar\/index.php\/general-villegas-tambien-adhiere-a-la-restriccion-nocturna\/#primaryimage"},"thumbnailUrl":"https:\/\/infoecos.com.ar\/wp-content\/uploads\/2021\/01\/campana12.jpg","keywords":["ANUNCIOS DE CAMPANA"],"articleSection":["Bloque inferior - 4"],"inLanguage":"es"},{"@type":"WebPage","@id":"https:\/\/infoecos.com.ar\/index.php\/general-villegas-tambien-adhiere-a-la-restriccion-nocturna\/","url":"https:\/\/infoecos.com.ar\/index.php\/general-villegas-tambien-adhiere-a-la-restriccion-nocturna\/","name":"General Villegas tambi\u00e9n adhiere a la restricci\u00f3n nocturna - Infoecos","isPartOf":{"@id":"https:\/\/infoecos.com.ar\/#website"},"primaryImageOfPage":{"@id":"https:\/\/infoecos.com.ar\/index.php\/general-villegas-tambien-adhiere-a-la-restriccion-nocturna\/#primaryimage"},"image":{"@id":"https:\/\/infoecos.com.ar\/index.php\/general-villegas-tambien-adhiere-a-la-restriccion-nocturna\/#primaryimage"},"thumbnailUrl":"https:\/\/infoecos.com.ar\/wp-content\/uploads\/2021\/01\/campana12.jpg","datePublished":"2021-01-13T02:40:23+00:00","dateModified":"2021-01-14T05:58:59+00:00","breadcrumb":{"@id":"https:\/\/infoecos.com.ar\/index.php\/general-villegas-tambien-adhiere-a-la-restriccion-nocturna\/#breadcrumb"},"inLanguage":"es","potentialAction":[{"@type":"ReadAction","target":["https:\/\/infoecos.com.ar\/index.php\/general-villegas-tambien-adhiere-a-la-restriccion-nocturna\/"]}]},{"@type":"ImageObject","inLanguage":"es","@id":"https:\/\/infoecos.com.ar\/index.php\/general-villegas-tambien-adhiere-a-la-restriccion-nocturna\/#primaryimage","url":"https:\/\/infoecos.com.ar\/wp-content\/uploads\/2021\/01\/campana12.jpg","contentUrl":"https:\/\/infoecos.com.ar\/wp-content\/uploads\/2021\/01\/campana12.jpg","width":696,"height":441},{"@type":"BreadcrumbList","@id":"https:\/\/infoecos.com.ar\/index.php\/general-villegas-tambien-adhiere-a-la-restriccion-nocturna\/#breadcrumb","itemListElement":[{"@type":"ListItem","position":1,"name":"Portada","item":"https:\/\/infoecos.com.ar\/"},{"@type":"ListItem","position":2,"name":"General Villegas tambi\u00e9n adhiere a la restricci\u00f3n nocturna"}]},{"@type":"WebSite","@id":"https:\/\/infoecos.com.ar\/#website","url":"https:\/\/infoecos.com.ar\/","name":"Infoecos","description":"Noticias de trenque lauquen y la zona","publisher":{"@id":"https:\/\/infoecos.com.ar\/#organization"},"alternateName":"Noticias","potentialAction":[{"@type":"SearchAction","target":{"@type":"EntryPoint","urlTemplate":"https:\/\/infoecos.com.ar\/?s={search_term_string}"},"query-input":{"@type":"PropertyValueSpecification","valueRequired":true,"valueName":"search_term_string"}}],"inLanguage":"es"},{"@type":"Organization","@id":"https:\/\/infoecos.com.ar\/#organization","name":"Infoecos","alternateName":"Noticias","url":"https:\/\/infoecos.com.ar\/","logo":{"@type":"ImageObject","inLanguage":"es","@id":"https:\/\/infoecos.com.ar\/#\/schema\/logo\/image\/","url":"https:\/\/infoecos.com.ar\/wp-content\/uploads\/2024\/03\/cropped-logo.png","contentUrl":"https:\/\/infoecos.com.ar\/wp-content\/uploads\/2024\/03\/cropped-logo.png","width":374,"height":90,"caption":"Infoecos"},"image":{"@id":"https:\/\/infoecos.com.ar\/#\/schema\/logo\/image\/"},"sameAs":["https:\/\/www.facebook.com\/profile.php?id=100063200290284","https:\/\/x.com\/infoecos"]},{"@type":"Person","@id":"https:\/\/infoecos.com.ar\/#\/schema\/person\/8f5ace5ce73b4b4aac4b7245aee6f191","name":"Jorge Matheus","url":"https:\/\/infoecos.com.ar\/index.php\/author\/jomatheus\/"}]}},"featured_image_urls":{"full":["https:\/\/infoecos.com.ar\/wp-content\/uploads\/2021\/01\/campana12.jpg",696,441,false],"thumbnail":["https:\/\/infoecos.com.ar\/wp-content\/uploads\/2021\/01\/campana12-150x150.jpg",150,150,true],"medium":["https:\/\/infoecos.com.ar\/wp-content\/uploads\/2021\/01\/campana12-460x291.jpg",460,291,true],"medium_large":["https:\/\/infoecos.com.ar\/wp-content\/uploads\/2021\/01\/campana12.jpg",640,406,false],"large":["https:\/\/infoecos.com.ar\/wp-content\/uploads\/2021\/01\/campana12.jpg",640,406,false],"1536x1536":["https:\/\/infoecos.com.ar\/wp-content\/uploads\/2021\/01\/campana12.jpg",696,441,false],"2048x2048":["https:\/\/infoecos.com.ar\/wp-content\/uploads\/2021\/01\/campana12.jpg",696,441,false],"covernews-slider-full":["https:\/\/infoecos.com.ar\/wp-content\/uploads\/2021\/01\/campana12.jpg",696,441,false],"covernews-slider-center":["https:\/\/infoecos.com.ar\/wp-content\/uploads\/2021\/01\/campana12.jpg",696,441,false],"covernews-featured":["https:\/\/infoecos.com.ar\/wp-content\/uploads\/2021\/01\/campana12.jpg",696,441,false],"covernews-medium":["https:\/\/infoecos.com.ar\/wp-content\/uploads\/2021\/01\/campana12-696x380.jpg",540,295,true],"covernews-medium-square":["https:\/\/infoecos.com.ar\/wp-content\/uploads\/2021\/01\/campana12-675x441.jpg",383,250,true]},"author_info":{"info":["Jorge Matheus"]},"category_info":"<a href=\"https:\/\/infoecos.com.ar\/index.php\/category\/inferior4\/\" rel=\"category tag\">Bloque inferior - 4<\/a>","tag_info":"Bloque inferior - 4","comment_count":"0","_links":{"self":[{"href":"https:\/\/infoecos.com.ar\/index.php\/wp-json\/wp\/v2\/posts\/72628"}],"collection":[{"href":"https:\/\/infoecos.com.ar\/index.php\/wp-json\/wp\/v2\/posts"}],"about":[{"href":"https:\/\/infoecos.com.ar\/index.php\/wp-json\/wp\/v2\/types\/post"}],"author":[{"embeddable":true,"href":"https:\/\/infoecos.com.ar\/index.php\/wp-json\/wp\/v2\/users\/2"}],"replies":[{"embeddable":true,"href":"https:\/\/infoecos.com.ar\/index.php\/wp-json\/wp\/v2\/comments?post=72628"}],"version-history":[{"count":2,"href":"https:\/\/infoecos.com.ar\/index.php\/wp-json\/wp\/v2\/posts\/72628\/revisions"}],"predecessor-version":[{"id":72631,"href":"https:\/\/infoecos.com.ar\/index.php\/wp-json\/wp\/v2\/posts\/72628\/revisions\/72631"}],"wp:featuredmedia":[{"embeddable":true,"href":"https:\/\/infoecos.com.ar\/index.php\/wp-json\/wp\/v2\/media\/72629"}],"wp:attachment":[{"href":"https:\/\/infoecos.com.ar\/index.php\/wp-json\/wp\/v2\/media?parent=72628"}],"wp:term":[{"taxonomy":"category","embeddable":true,"href":"https:\/\/infoecos.com.ar\/index.php\/wp-json\/wp\/v2\/categories?post=72628"},{"taxonomy":"post_tag","embeddable":true,"href":"https:\/\/infoecos.com.ar\/index.php\/wp-json\/wp\/v2\/tags?post=72628"}],"curies":[{"name":"wp","href":"https:\/\/api.w.org\/{rel}","templated":true}]}}