{"id":72655,"date":"2021-01-13T00:57:08","date_gmt":"2021-01-13T03:57:08","guid":{"rendered":"http:\/\/infoecos.com.ar\/?p=72655"},"modified":"2021-01-14T02:57:33","modified_gmt":"2021-01-14T05:57:33","slug":"mara-ruiz-malec-destaco-el-acuerdo-paritario-con-estatales-bonaerenses","status":"publish","type":"post","link":"https:\/\/infoecos.com.ar\/index.php\/mara-ruiz-malec-destaco-el-acuerdo-paritario-con-estatales-bonaerenses\/","title":{"rendered":"Mara Ruiz Malec destac\u00f3 el acuerdo paritario con estatales bonaerenses"},"content":{"rendered":"\n<p class=\"wp-block-paragraph\">La Ministra de Trabajo de la provincia de Buenos Aires estim\u00f3 que el aumento anual otorgado en paritarias a trabajadores comprendidos en la Ley 10.430 representa un 38%.<\/p>\n\n\n\n<div class=\"wp-block-image\"><figure class=\"aligncenter size-large\"><img loading=\"lazy\" decoding=\"async\" width=\"400\" height=\"350\" src=\"http:\/\/infoecos.com.ar\/wp-content\/uploads\/A-76-400x350-1.jpg\" alt=\"\" class=\"wp-image-62623\"\/><\/figure><\/div>\n\n\n\n<p class=\"wp-block-paragraph\">Ruiz Malec hizo un balance y dijo que \u201cal asumir no pensamos tener una paritaria en medio de una pandemia. Ven\u00edamos de una crisis fuert\u00edsima de dos a\u00f1os y una provincia con pocas capacidades de pagar los compromisos. Sab\u00edamos que iba a ser muy dif\u00edcil, pero no pensamos que al tercer mes tuvi\u00e9ramos que afrontar otra tormenta terrible que fue la pandemia, que nos oblig\u00f3 a replantear los objetivos del a\u00f1o e instrumentar inversi\u00f3n en salud, en sostener el empleo y los salarios\u201d.<\/p>\n\n\n\n<p class=\"wp-block-paragraph\">En di\u00e1logo con <strong>la FM de Radio Provincia<\/strong>, la ministra de Trabajo bonaerense estim\u00f3 que el aumento anual otorgado en paritarias a los estatales comprendidos por la ley 10.430 representa un 38%, y que a diferencia de la primera parte del a\u00f1o donde el gobierno provincial dispuso un bono similar al otorgado por el gobierno nacional, en la paritaria cerrada ayer \u201cse apunt\u00f3 a poner m\u00e1s plata en el b\u00e1sico\u201d y agreg\u00f3 que \u201cun problema muy grande que tuvimos fue el punto de partida\u201d ya que \u201cen 4 a\u00f1os se experiment\u00f3 una ca\u00edda importante del poder adquisitivo y la expectativa de recuperarlo era muy grande. A nivel general fue dif\u00edcil lograr el objetivo, pero hubo que contemplar la necesidad de recuperar salarios, de apuntalar a los ingresos m\u00e1s bajos y reconocer a dos sectores muy rezagados como salud y seguridad\u201d.&nbsp;<\/p>\n\n\n\n<p class=\"wp-block-paragraph\">En este contexto, consider\u00f3 \u201centendible que los gremios quisieran ganarle a la inflaci\u00f3n y recuperar lo perdido. Hicimos lo mejor que pudimos intentando que el di\u00e1logo fuera fruct\u00edfero, poniendo prioridades en cuestiones que no eran salariales, pero que es importante ir regularizando\u201d.&nbsp;<\/p>\n\n\n\n<p class=\"wp-block-paragraph\">Finalmente Ru\u00edz Malec inform\u00f3 que en las pr\u00f3ximas semanas desde el Ministerio de Trabajo se har\u00e1n campa\u00f1as referidas a difundir programas de protecci\u00f3n del trabajo, programas para emprendedores como \u201cAlas\u201d, y tambi\u00e9n dar a conocer a la comunidad el derecho al cupo laboral del 4% para personas con discapacidad y del 1% para trabajadoras travestis, transexuales y transg\u00e9nero.<\/p>\n","protected":false},"excerpt":{"rendered":"<p>En di\u00e1logo con la FM de Radio Provincia, la ministra de Trabajo bonaerense estim\u00f3 que el aumento anual otorgado en paritarias a los estatales comprendidos por la ley 10.430 representa un 38%<\/p>\n","protected":false},"author":2,"featured_media":62623,"comment_status":"closed","ping_status":"open","sticky":false,"template":"","format":"standard","meta":{"footnotes":""},"categories":[41,1323],"tags":[2586],"class_list":["post-72655","post","type-post","status-publish","format-standard","has-post-thumbnail","hentry","category-inferior2","category-c2nota5","tag-aumento-salarial"],"featured_image_urls":{"full":["https:\/\/infoecos.com.ar\/wp-content\/uploads\/A-76-400x350-1.jpg",400,350,false],"thumbnail":["https:\/\/infoecos.com.ar\/wp-content\/uploads\/A-76-400x350-1-150x150.jpg",150,150,true],"medium":["https:\/\/infoecos.com.ar\/wp-content\/uploads\/A-76-400x350-1.jpg",400,350,false],"medium_large":["https:\/\/infoecos.com.ar\/wp-content\/uploads\/A-76-400x350-1.jpg",400,350,false],"large":["https:\/\/infoecos.com.ar\/wp-content\/uploads\/A-76-400x350-1.jpg",400,350,false],"1536x1536":["https:\/\/infoecos.com.ar\/wp-content\/uploads\/A-76-400x350-1.jpg",400,350,false],"2048x2048":["https:\/\/infoecos.com.ar\/wp-content\/uploads\/A-76-400x350-1.jpg",400,350,false],"covernews-slider-full":["https:\/\/infoecos.com.ar\/wp-content\/uploads\/A-76-400x350-1.jpg",400,350,false],"covernews-slider-center":["https:\/\/infoecos.com.ar\/wp-content\/uploads\/A-76-400x350-1.jpg",400,350,false],"covernews-featured":["https:\/\/infoecos.com.ar\/wp-content\/uploads\/A-76-400x350-1.jpg",400,350,false],"covernews-medium":["https:\/\/infoecos.com.ar\/wp-content\/uploads\/A-76-400x350-1.jpg",389,340,false],"covernews-medium-square":["https:\/\/infoecos.com.ar\/wp-content\/uploads\/A-76-400x350-1.jpg",286,250,false]},"author_info":{"info":["Jorge Matheus"]},"category_info":"<a href=\"https:\/\/infoecos.com.ar\/index.php\/category\/inferior2\/\" rel=\"category tag\">Bloque inferior - 2<\/a> <a href=\"https:\/\/infoecos.com.ar\/index.php\/category\/c2nota5\/\" rel=\"category tag\">C2 N5<\/a>","tag_info":"C2 N5","comment_count":"0","_links":{"self":[{"href":"https:\/\/infoecos.com.ar\/index.php\/wp-json\/wp\/v2\/posts\/72655","targetHints":{"allow":["GET"]}}],"collection":[{"href":"https:\/\/infoecos.com.ar\/index.php\/wp-json\/wp\/v2\/posts"}],"about":[{"href":"https:\/\/infoecos.com.ar\/index.php\/wp-json\/wp\/v2\/types\/post"}],"author":[{"embeddable":true,"href":"https:\/\/infoecos.com.ar\/index.php\/wp-json\/wp\/v2\/users\/2"}],"replies":[{"embeddable":true,"href":"https:\/\/infoecos.com.ar\/index.php\/wp-json\/wp\/v2\/comments?post=72655"}],"version-history":[{"count":2,"href":"https:\/\/infoecos.com.ar\/index.php\/wp-json\/wp\/v2\/posts\/72655\/revisions"}],"predecessor-version":[{"id":72717,"href":"https:\/\/infoecos.com.ar\/index.php\/wp-json\/wp\/v2\/posts\/72655\/revisions\/72717"}],"wp:featuredmedia":[{"embeddable":true,"href":"https:\/\/infoecos.com.ar\/index.php\/wp-json\/wp\/v2\/media\/62623"}],"wp:attachment":[{"href":"https:\/\/infoecos.com.ar\/index.php\/wp-json\/wp\/v2\/media?parent=72655"}],"wp:term":[{"taxonomy":"category","embeddable":true,"href":"https:\/\/infoecos.com.ar\/index.php\/wp-json\/wp\/v2\/categories?post=72655"},{"taxonomy":"post_tag","embeddable":true,"href":"https:\/\/infoecos.com.ar\/index.php\/wp-json\/wp\/v2\/tags?post=72655"}],"curies":[{"name":"wp","href":"https:\/\/api.w.org\/{rel}","templated":true}]}}