{"id":72693,"date":"2021-01-13T18:27:32","date_gmt":"2021-01-13T21:27:32","guid":{"rendered":"http:\/\/infoecos.com.ar\/?p=72693"},"modified":"2021-01-13T18:27:35","modified_gmt":"2021-01-13T21:27:35","slug":"el-director-de-hospitales-de-la-provincia-de-buenos-aires-dijo-que-hay-un-rebrote-del-coronavirus","status":"publish","type":"post","link":"https:\/\/infoecos.com.ar\/index.php\/el-director-de-hospitales-de-la-provincia-de-buenos-aires-dijo-que-hay-un-rebrote-del-coronavirus\/","title":{"rendered":"El director de Hospitales de la provincia de Buenos Aires dijo que \u00abhay un rebrote\u00bb del coronavirus"},"content":{"rendered":"\n<p>El director de Hospitales de la provincia de Buenos Aires, Juan Riera, afirm\u00f3 este mi\u00e9rcoles que&nbsp;<strong>\u00aben los \u00faltimos 15 o 20 d\u00edas se han triplicado los contagios\u00bb de coronavirus y resalt\u00f3 que \u00bb hay un rebrote\u00bb de la enfermedad.<\/strong><\/p>\n\n\n\n<div class=\"wp-block-image\"><figure class=\"aligncenter size-medium\"><img loading=\"lazy\" decoding=\"async\" width=\"460\" height=\"260\" src=\"http:\/\/infoecos.com.ar\/wp-content\/uploads\/corona-460x260.jpg\" alt=\"\" class=\"wp-image-62475\" srcset=\"https:\/\/infoecos.com.ar\/wp-content\/uploads\/corona-460x260.jpg 460w, https:\/\/infoecos.com.ar\/wp-content\/uploads\/corona-920x520.jpg 920w, https:\/\/infoecos.com.ar\/wp-content\/uploads\/corona-768x434.jpg 768w, https:\/\/infoecos.com.ar\/wp-content\/uploads\/corona.jpg 1004w\" sizes=\"(max-width: 460px) 100vw, 460px\" \/><figcaption>Coronavirus<\/figcaption><\/figure><\/div>\n\n\n\n<p><strong>\u00abNo tenemos un impacto fuerte en la terapia intensiva, pero s\u00ed vemos el impacto en los laboratorios y en las guardias\u00bb<\/strong>, dijo el funcionario y se manifest\u00f3 \u00abpreocupado\u00bb por el aumento de los casos.<\/p>\n\n\n\n<p>\u00abCon respecto a los municipios que est\u00e1n en Fase 3, eso obedece un poco a c\u00f3mo se comport\u00f3 la enfermedad durante todo este tiempo\u00bb, asever\u00f3 en declaraciones a radio La Red, y sostuvo que \u00abempez\u00f3 en CABA, sigui\u00f3 por el conurbano y se fue diseminando como una mancha de aceite\u00bb.<\/p>\n\n\n\n<p>\u00abTodos esos municipios que ten\u00edan pocos casos o poca circulaci\u00f3n viral fueron los \u00faltimos que empezaron a contagiarse, entonces esta ser\u00eda su primera ola\u00bb, acot\u00f3.<\/p>\n\n\n\n<p>Y asever\u00f3 que\u00a0<strong>\u00ablo que nos preocupa es que hab\u00eda municipios que hab\u00edan bajado la cantidad de casos y ahora est\u00e1n repuntando nuevamente. Esos municipios s\u00ed est\u00e1n teniendo un rebrote\u201d<\/strong>.<\/p>\n\n\n\n<p>Respecto a los aumentos de casos, indic\u00f3 que \u00abse est\u00e1 viendo esto ahora, el rebrote empez\u00f3 ahora y se necesitan entre 10 y 14 d\u00edas para ver el grado evolutivo de la enfermedad\u00bb.<\/p>\n\n\n\n<p><strong>\u00abEn la primera ola ten\u00edamos entre 1,5%% y 2% de casos graves.<\/strong>\u00a0Entonces ahora tenemos que esperar a ver que pasa. Este rebrote tiene caracter\u00edsticas muy similares a la primera ola. Puede ser que tenga otras caracter\u00edsticas porque estamos en verano pero de todos modos, est\u00e1n repicando los casos de manera muy r\u00e1pida. Nos preocupa eso, la velocidad del aumento de los casos positivos\u201d, afirm\u00f3.<\/p>\n\n\n\n<p>Respecto del plan de inmunizaci\u00f3n de la poblaci\u00f3n, dijo que \u00abel sistema de vacunaci\u00f3n de la provincia de Buenos Aires puede vacunar masivamente de manera muy r\u00e1pida. El ritmo est\u00e1 limitado a la cantidad de vacunas que llegan al pa\u00eds y a la provincia\u00bb, agreg\u00f3.<\/p>\n\n\n\n<p>Y remarc\u00f3 que \u00abhay que tener en cuenta que el plan de vacunaci\u00f3n de la provincia de Buenos Aires incluye a los hospitales, tanto municipales como provinciales, incluye a las escuelas, incluye puntos de vacunaci\u00f3n del PAMI y de IOMA, se formaron m\u00e1s de 17 mil vacunadores, se duplicaron los turnos. No tenemos un problema para aplicar masivamente la vacuna, pero estamos sujetos a la cantidad de vacunas que lleguen\u201d.<\/p>\n","protected":false},"excerpt":{"rendered":"<p>El director de Hospitales de la provincia de Buenos Aires, Juan Riera, afirm\u00f3 este mi\u00e9rcoles&#8230;<\/p>\n","protected":false},"author":2,"featured_media":65073,"comment_status":"closed","ping_status":"open","sticky":false,"template":"","format":"standard","meta":{"footnotes":""},"categories":[48],"tags":[2595],"class_list":["post-72693","post","type-post","status-publish","format-standard","has-post-thumbnail","hentry","category-c2nota3","tag-se-triplicaron-los-contagios"],"yoast_head":"<!-- This site is optimized with the Yoast SEO plugin v23.4 - https:\/\/yoast.com\/wordpress\/plugins\/seo\/ -->\n<title>El director de Hospitales de la provincia de Buenos Aires dijo que &quot;hay un rebrote&quot; del coronavirus - Infoecos<\/title>\n<meta name=\"robots\" content=\"index, follow, max-snippet:-1, max-image-preview:large, max-video-preview:-1\" \/>\n<link rel=\"canonical\" href=\"https:\/\/infoecos.com.ar\/index.php\/el-director-de-hospitales-de-la-provincia-de-buenos-aires-dijo-que-hay-un-rebrote-del-coronavirus\/\" \/>\n<meta property=\"og:locale\" content=\"es_ES\" \/>\n<meta property=\"og:type\" content=\"article\" \/>\n<meta property=\"og:title\" content=\"El director de Hospitales de la provincia de Buenos Aires dijo que &quot;hay un rebrote&quot; del coronavirus - Infoecos\" \/>\n<meta property=\"og:description\" content=\"El director de Hospitales de la provincia de Buenos Aires, Juan Riera, afirm\u00f3 este mi\u00e9rcoles...\" \/>\n<meta property=\"og:url\" content=\"https:\/\/infoecos.com.ar\/index.php\/el-director-de-hospitales-de-la-provincia-de-buenos-aires-dijo-que-hay-un-rebrote-del-coronavirus\/\" \/>\n<meta property=\"og:site_name\" content=\"Infoecos\" \/>\n<meta property=\"article:publisher\" content=\"https:\/\/www.facebook.com\/profile.php?id=100063200290284\" \/>\n<meta property=\"article:published_time\" content=\"2021-01-13T21:27:32+00:00\" \/>\n<meta property=\"article:modified_time\" content=\"2021-01-13T21:27:35+00:00\" \/>\n<meta property=\"og:image\" content=\"https:\/\/infoecos.com.ar\/wp-content\/uploads\/5ea952de553e5_1004x565.jpg\" \/>\n\t<meta property=\"og:image:width\" content=\"1004\" \/>\n\t<meta property=\"og:image:height\" content=\"565\" \/>\n\t<meta property=\"og:image:type\" content=\"image\/jpeg\" \/>\n<meta name=\"author\" content=\"Jorge Matheus\" \/>\n<meta name=\"twitter:card\" content=\"summary_large_image\" \/>\n<meta name=\"twitter:creator\" content=\"@infoecos\" \/>\n<meta name=\"twitter:site\" content=\"@infoecos\" \/>\n<meta name=\"twitter:label1\" content=\"Escrito por\" \/>\n\t<meta name=\"twitter:data1\" content=\"Jorge Matheus\" \/>\n\t<meta name=\"twitter:label2\" content=\"Tiempo de lectura\" \/>\n\t<meta name=\"twitter:data2\" content=\"2 minutos\" \/>\n<script type=\"application\/ld+json\" class=\"yoast-schema-graph\">{\"@context\":\"https:\/\/schema.org\",\"@graph\":[{\"@type\":\"Article\",\"@id\":\"https:\/\/infoecos.com.ar\/index.php\/el-director-de-hospitales-de-la-provincia-de-buenos-aires-dijo-que-hay-un-rebrote-del-coronavirus\/#article\",\"isPartOf\":{\"@id\":\"https:\/\/infoecos.com.ar\/index.php\/el-director-de-hospitales-de-la-provincia-de-buenos-aires-dijo-que-hay-un-rebrote-del-coronavirus\/\"},\"author\":{\"name\":\"Jorge Matheus\",\"@id\":\"https:\/\/infoecos.com.ar\/#\/schema\/person\/8f5ace5ce73b4b4aac4b7245aee6f191\"},\"headline\":\"El director de Hospitales de la provincia de Buenos Aires dijo que \u00abhay un rebrote\u00bb del coronavirus\",\"datePublished\":\"2021-01-13T21:27:32+00:00\",\"dateModified\":\"2021-01-13T21:27:35+00:00\",\"mainEntityOfPage\":{\"@id\":\"https:\/\/infoecos.com.ar\/index.php\/el-director-de-hospitales-de-la-provincia-de-buenos-aires-dijo-que-hay-un-rebrote-del-coronavirus\/\"},\"wordCount\":427,\"publisher\":{\"@id\":\"https:\/\/infoecos.com.ar\/#organization\"},\"image\":{\"@id\":\"https:\/\/infoecos.com.ar\/index.php\/el-director-de-hospitales-de-la-provincia-de-buenos-aires-dijo-que-hay-un-rebrote-del-coronavirus\/#primaryimage\"},\"thumbnailUrl\":\"https:\/\/infoecos.com.ar\/wp-content\/uploads\/5ea952de553e5_1004x565.jpg\",\"keywords\":[\"SE TRIPLICARON LOS CONTAGIOS\"],\"articleSection\":[\"C2 N3\"],\"inLanguage\":\"es\"},{\"@type\":\"WebPage\",\"@id\":\"https:\/\/infoecos.com.ar\/index.php\/el-director-de-hospitales-de-la-provincia-de-buenos-aires-dijo-que-hay-un-rebrote-del-coronavirus\/\",\"url\":\"https:\/\/infoecos.com.ar\/index.php\/el-director-de-hospitales-de-la-provincia-de-buenos-aires-dijo-que-hay-un-rebrote-del-coronavirus\/\",\"name\":\"El director de Hospitales de la provincia de Buenos Aires dijo que \\\"hay un rebrote\\\" del coronavirus - Infoecos\",\"isPartOf\":{\"@id\":\"https:\/\/infoecos.com.ar\/#website\"},\"primaryImageOfPage\":{\"@id\":\"https:\/\/infoecos.com.ar\/index.php\/el-director-de-hospitales-de-la-provincia-de-buenos-aires-dijo-que-hay-un-rebrote-del-coronavirus\/#primaryimage\"},\"image\":{\"@id\":\"https:\/\/infoecos.com.ar\/index.php\/el-director-de-hospitales-de-la-provincia-de-buenos-aires-dijo-que-hay-un-rebrote-del-coronavirus\/#primaryimage\"},\"thumbnailUrl\":\"https:\/\/infoecos.com.ar\/wp-content\/uploads\/5ea952de553e5_1004x565.jpg\",\"datePublished\":\"2021-01-13T21:27:32+00:00\",\"dateModified\":\"2021-01-13T21:27:35+00:00\",\"breadcrumb\":{\"@id\":\"https:\/\/infoecos.com.ar\/index.php\/el-director-de-hospitales-de-la-provincia-de-buenos-aires-dijo-que-hay-un-rebrote-del-coronavirus\/#breadcrumb\"},\"inLanguage\":\"es\",\"potentialAction\":[{\"@type\":\"ReadAction\",\"target\":[\"https:\/\/infoecos.com.ar\/index.php\/el-director-de-hospitales-de-la-provincia-de-buenos-aires-dijo-que-hay-un-rebrote-del-coronavirus\/\"]}]},{\"@type\":\"ImageObject\",\"inLanguage\":\"es\",\"@id\":\"https:\/\/infoecos.com.ar\/index.php\/el-director-de-hospitales-de-la-provincia-de-buenos-aires-dijo-que-hay-un-rebrote-del-coronavirus\/#primaryimage\",\"url\":\"https:\/\/infoecos.com.ar\/wp-content\/uploads\/5ea952de553e5_1004x565.jpg\",\"contentUrl\":\"https:\/\/infoecos.com.ar\/wp-content\/uploads\/5ea952de553e5_1004x565.jpg\",\"width\":1004,\"height\":565},{\"@type\":\"BreadcrumbList\",\"@id\":\"https:\/\/infoecos.com.ar\/index.php\/el-director-de-hospitales-de-la-provincia-de-buenos-aires-dijo-que-hay-un-rebrote-del-coronavirus\/#breadcrumb\",\"itemListElement\":[{\"@type\":\"ListItem\",\"position\":1,\"name\":\"Portada\",\"item\":\"https:\/\/infoecos.com.ar\/\"},{\"@type\":\"ListItem\",\"position\":2,\"name\":\"El director de Hospitales de la provincia de Buenos Aires dijo que \u00abhay un rebrote\u00bb del coronavirus\"}]},{\"@type\":\"WebSite\",\"@id\":\"https:\/\/infoecos.com.ar\/#website\",\"url\":\"https:\/\/infoecos.com.ar\/\",\"name\":\"Infoecos\",\"description\":\"Noticias de trenque lauquen y la zona\",\"publisher\":{\"@id\":\"https:\/\/infoecos.com.ar\/#organization\"},\"alternateName\":\"Noticias\",\"potentialAction\":[{\"@type\":\"SearchAction\",\"target\":{\"@type\":\"EntryPoint\",\"urlTemplate\":\"https:\/\/infoecos.com.ar\/?s={search_term_string}\"},\"query-input\":{\"@type\":\"PropertyValueSpecification\",\"valueRequired\":true,\"valueName\":\"search_term_string\"}}],\"inLanguage\":\"es\"},{\"@type\":\"Organization\",\"@id\":\"https:\/\/infoecos.com.ar\/#organization\",\"name\":\"Infoecos\",\"alternateName\":\"Noticias\",\"url\":\"https:\/\/infoecos.com.ar\/\",\"logo\":{\"@type\":\"ImageObject\",\"inLanguage\":\"es\",\"@id\":\"https:\/\/infoecos.com.ar\/#\/schema\/logo\/image\/\",\"url\":\"https:\/\/infoecos.com.ar\/wp-content\/uploads\/2024\/03\/cropped-logo.png\",\"contentUrl\":\"https:\/\/infoecos.com.ar\/wp-content\/uploads\/2024\/03\/cropped-logo.png\",\"width\":374,\"height\":90,\"caption\":\"Infoecos\"},\"image\":{\"@id\":\"https:\/\/infoecos.com.ar\/#\/schema\/logo\/image\/\"},\"sameAs\":[\"https:\/\/www.facebook.com\/profile.php?id=100063200290284\",\"https:\/\/x.com\/infoecos\"]},{\"@type\":\"Person\",\"@id\":\"https:\/\/infoecos.com.ar\/#\/schema\/person\/8f5ace5ce73b4b4aac4b7245aee6f191\",\"name\":\"Jorge Matheus\",\"url\":\"https:\/\/infoecos.com.ar\/index.php\/author\/jomatheus\/\"}]}<\/script>\n<!-- \/ Yoast SEO plugin. -->","yoast_head_json":{"title":"El director de Hospitales de la provincia de Buenos Aires dijo que \"hay un rebrote\" del coronavirus - Infoecos","robots":{"index":"index","follow":"follow","max-snippet":"max-snippet:-1","max-image-preview":"max-image-preview:large","max-video-preview":"max-video-preview:-1"},"canonical":"https:\/\/infoecos.com.ar\/index.php\/el-director-de-hospitales-de-la-provincia-de-buenos-aires-dijo-que-hay-un-rebrote-del-coronavirus\/","og_locale":"es_ES","og_type":"article","og_title":"El director de Hospitales de la provincia de Buenos Aires dijo que \"hay un rebrote\" del coronavirus - Infoecos","og_description":"El director de Hospitales de la provincia de Buenos Aires, Juan Riera, afirm\u00f3 este mi\u00e9rcoles...","og_url":"https:\/\/infoecos.com.ar\/index.php\/el-director-de-hospitales-de-la-provincia-de-buenos-aires-dijo-que-hay-un-rebrote-del-coronavirus\/","og_site_name":"Infoecos","article_publisher":"https:\/\/www.facebook.com\/profile.php?id=100063200290284","article_published_time":"2021-01-13T21:27:32+00:00","article_modified_time":"2021-01-13T21:27:35+00:00","og_image":[{"width":1004,"height":565,"url":"https:\/\/infoecos.com.ar\/wp-content\/uploads\/5ea952de553e5_1004x565.jpg","type":"image\/jpeg"}],"author":"Jorge Matheus","twitter_card":"summary_large_image","twitter_creator":"@infoecos","twitter_site":"@infoecos","twitter_misc":{"Escrito por":"Jorge Matheus","Tiempo de lectura":"2 minutos"},"schema":{"@context":"https:\/\/schema.org","@graph":[{"@type":"Article","@id":"https:\/\/infoecos.com.ar\/index.php\/el-director-de-hospitales-de-la-provincia-de-buenos-aires-dijo-que-hay-un-rebrote-del-coronavirus\/#article","isPartOf":{"@id":"https:\/\/infoecos.com.ar\/index.php\/el-director-de-hospitales-de-la-provincia-de-buenos-aires-dijo-que-hay-un-rebrote-del-coronavirus\/"},"author":{"name":"Jorge Matheus","@id":"https:\/\/infoecos.com.ar\/#\/schema\/person\/8f5ace5ce73b4b4aac4b7245aee6f191"},"headline":"El director de Hospitales de la provincia de Buenos Aires dijo que \u00abhay un rebrote\u00bb del coronavirus","datePublished":"2021-01-13T21:27:32+00:00","dateModified":"2021-01-13T21:27:35+00:00","mainEntityOfPage":{"@id":"https:\/\/infoecos.com.ar\/index.php\/el-director-de-hospitales-de-la-provincia-de-buenos-aires-dijo-que-hay-un-rebrote-del-coronavirus\/"},"wordCount":427,"publisher":{"@id":"https:\/\/infoecos.com.ar\/#organization"},"image":{"@id":"https:\/\/infoecos.com.ar\/index.php\/el-director-de-hospitales-de-la-provincia-de-buenos-aires-dijo-que-hay-un-rebrote-del-coronavirus\/#primaryimage"},"thumbnailUrl":"https:\/\/infoecos.com.ar\/wp-content\/uploads\/5ea952de553e5_1004x565.jpg","keywords":["SE TRIPLICARON LOS CONTAGIOS"],"articleSection":["C2 N3"],"inLanguage":"es"},{"@type":"WebPage","@id":"https:\/\/infoecos.com.ar\/index.php\/el-director-de-hospitales-de-la-provincia-de-buenos-aires-dijo-que-hay-un-rebrote-del-coronavirus\/","url":"https:\/\/infoecos.com.ar\/index.php\/el-director-de-hospitales-de-la-provincia-de-buenos-aires-dijo-que-hay-un-rebrote-del-coronavirus\/","name":"El director de Hospitales de la provincia de Buenos Aires dijo que \"hay un rebrote\" del coronavirus - Infoecos","isPartOf":{"@id":"https:\/\/infoecos.com.ar\/#website"},"primaryImageOfPage":{"@id":"https:\/\/infoecos.com.ar\/index.php\/el-director-de-hospitales-de-la-provincia-de-buenos-aires-dijo-que-hay-un-rebrote-del-coronavirus\/#primaryimage"},"image":{"@id":"https:\/\/infoecos.com.ar\/index.php\/el-director-de-hospitales-de-la-provincia-de-buenos-aires-dijo-que-hay-un-rebrote-del-coronavirus\/#primaryimage"},"thumbnailUrl":"https:\/\/infoecos.com.ar\/wp-content\/uploads\/5ea952de553e5_1004x565.jpg","datePublished":"2021-01-13T21:27:32+00:00","dateModified":"2021-01-13T21:27:35+00:00","breadcrumb":{"@id":"https:\/\/infoecos.com.ar\/index.php\/el-director-de-hospitales-de-la-provincia-de-buenos-aires-dijo-que-hay-un-rebrote-del-coronavirus\/#breadcrumb"},"inLanguage":"es","potentialAction":[{"@type":"ReadAction","target":["https:\/\/infoecos.com.ar\/index.php\/el-director-de-hospitales-de-la-provincia-de-buenos-aires-dijo-que-hay-un-rebrote-del-coronavirus\/"]}]},{"@type":"ImageObject","inLanguage":"es","@id":"https:\/\/infoecos.com.ar\/index.php\/el-director-de-hospitales-de-la-provincia-de-buenos-aires-dijo-que-hay-un-rebrote-del-coronavirus\/#primaryimage","url":"https:\/\/infoecos.com.ar\/wp-content\/uploads\/5ea952de553e5_1004x565.jpg","contentUrl":"https:\/\/infoecos.com.ar\/wp-content\/uploads\/5ea952de553e5_1004x565.jpg","width":1004,"height":565},{"@type":"BreadcrumbList","@id":"https:\/\/infoecos.com.ar\/index.php\/el-director-de-hospitales-de-la-provincia-de-buenos-aires-dijo-que-hay-un-rebrote-del-coronavirus\/#breadcrumb","itemListElement":[{"@type":"ListItem","position":1,"name":"Portada","item":"https:\/\/infoecos.com.ar\/"},{"@type":"ListItem","position":2,"name":"El director de Hospitales de la provincia de Buenos Aires dijo que \u00abhay un rebrote\u00bb del coronavirus"}]},{"@type":"WebSite","@id":"https:\/\/infoecos.com.ar\/#website","url":"https:\/\/infoecos.com.ar\/","name":"Infoecos","description":"Noticias de trenque lauquen y la zona","publisher":{"@id":"https:\/\/infoecos.com.ar\/#organization"},"alternateName":"Noticias","potentialAction":[{"@type":"SearchAction","target":{"@type":"EntryPoint","urlTemplate":"https:\/\/infoecos.com.ar\/?s={search_term_string}"},"query-input":{"@type":"PropertyValueSpecification","valueRequired":true,"valueName":"search_term_string"}}],"inLanguage":"es"},{"@type":"Organization","@id":"https:\/\/infoecos.com.ar\/#organization","name":"Infoecos","alternateName":"Noticias","url":"https:\/\/infoecos.com.ar\/","logo":{"@type":"ImageObject","inLanguage":"es","@id":"https:\/\/infoecos.com.ar\/#\/schema\/logo\/image\/","url":"https:\/\/infoecos.com.ar\/wp-content\/uploads\/2024\/03\/cropped-logo.png","contentUrl":"https:\/\/infoecos.com.ar\/wp-content\/uploads\/2024\/03\/cropped-logo.png","width":374,"height":90,"caption":"Infoecos"},"image":{"@id":"https:\/\/infoecos.com.ar\/#\/schema\/logo\/image\/"},"sameAs":["https:\/\/www.facebook.com\/profile.php?id=100063200290284","https:\/\/x.com\/infoecos"]},{"@type":"Person","@id":"https:\/\/infoecos.com.ar\/#\/schema\/person\/8f5ace5ce73b4b4aac4b7245aee6f191","name":"Jorge Matheus","url":"https:\/\/infoecos.com.ar\/index.php\/author\/jomatheus\/"}]}},"featured_image_urls":{"full":["https:\/\/infoecos.com.ar\/wp-content\/uploads\/5ea952de553e5_1004x565.jpg",1004,565,false],"thumbnail":["https:\/\/infoecos.com.ar\/wp-content\/uploads\/5ea952de553e5_1004x565-150x150.jpg",150,150,true],"medium":["https:\/\/infoecos.com.ar\/wp-content\/uploads\/5ea952de553e5_1004x565-460x259.jpg",460,259,true],"medium_large":["https:\/\/infoecos.com.ar\/wp-content\/uploads\/5ea952de553e5_1004x565-768x432.jpg",640,360,true],"large":["https:\/\/infoecos.com.ar\/wp-content\/uploads\/5ea952de553e5_1004x565-920x518.jpg",640,360,true],"1536x1536":["https:\/\/infoecos.com.ar\/wp-content\/uploads\/5ea952de553e5_1004x565.jpg",1004,565,false],"2048x2048":["https:\/\/infoecos.com.ar\/wp-content\/uploads\/5ea952de553e5_1004x565.jpg",1004,565,false],"covernews-slider-full":["https:\/\/infoecos.com.ar\/wp-content\/uploads\/5ea952de553e5_1004x565.jpg",1004,565,false],"covernews-slider-center":["https:\/\/infoecos.com.ar\/wp-content\/uploads\/5ea952de553e5_1004x565-936x565.jpg",800,483,true],"covernews-featured":["https:\/\/infoecos.com.ar\/wp-content\/uploads\/5ea952de553e5_1004x565.jpg",1004,565,false],"covernews-medium":["https:\/\/infoecos.com.ar\/wp-content\/uploads\/5ea952de553e5_1004x565-720x380.jpg",540,285,true],"covernews-medium-square":["https:\/\/infoecos.com.ar\/wp-content\/uploads\/5ea952de553e5_1004x565-675x450.jpg",375,250,true]},"author_info":{"info":["Jorge Matheus"]},"category_info":"<a href=\"https:\/\/infoecos.com.ar\/index.php\/category\/c2nota3\/\" rel=\"category tag\">C2 N3<\/a>","tag_info":"C2 N3","comment_count":"0","_links":{"self":[{"href":"https:\/\/infoecos.com.ar\/index.php\/wp-json\/wp\/v2\/posts\/72693"}],"collection":[{"href":"https:\/\/infoecos.com.ar\/index.php\/wp-json\/wp\/v2\/posts"}],"about":[{"href":"https:\/\/infoecos.com.ar\/index.php\/wp-json\/wp\/v2\/types\/post"}],"author":[{"embeddable":true,"href":"https:\/\/infoecos.com.ar\/index.php\/wp-json\/wp\/v2\/users\/2"}],"replies":[{"embeddable":true,"href":"https:\/\/infoecos.com.ar\/index.php\/wp-json\/wp\/v2\/comments?post=72693"}],"version-history":[{"count":1,"href":"https:\/\/infoecos.com.ar\/index.php\/wp-json\/wp\/v2\/posts\/72693\/revisions"}],"predecessor-version":[{"id":72694,"href":"https:\/\/infoecos.com.ar\/index.php\/wp-json\/wp\/v2\/posts\/72693\/revisions\/72694"}],"wp:featuredmedia":[{"embeddable":true,"href":"https:\/\/infoecos.com.ar\/index.php\/wp-json\/wp\/v2\/media\/65073"}],"wp:attachment":[{"href":"https:\/\/infoecos.com.ar\/index.php\/wp-json\/wp\/v2\/media?parent=72693"}],"wp:term":[{"taxonomy":"category","embeddable":true,"href":"https:\/\/infoecos.com.ar\/index.php\/wp-json\/wp\/v2\/categories?post=72693"},{"taxonomy":"post_tag","embeddable":true,"href":"https:\/\/infoecos.com.ar\/index.php\/wp-json\/wp\/v2\/tags?post=72693"}],"curies":[{"name":"wp","href":"https:\/\/api.w.org\/{rel}","templated":true}]}}