{"id":72757,"date":"2021-01-15T01:47:59","date_gmt":"2021-01-15T04:47:59","guid":{"rendered":"http:\/\/infoecos.com.ar\/?p=72757"},"modified":"2021-01-15T01:48:03","modified_gmt":"2021-01-15T04:48:03","slug":"el-presidente-promulgo-interrupcion-voluntaria-del-embarazo-ive-y-el-plan-de-los-1000-dias","status":"publish","type":"post","link":"https:\/\/infoecos.com.ar\/index.php\/el-presidente-promulgo-interrupcion-voluntaria-del-embarazo-ive-y-el-plan-de-los-1000-dias\/","title":{"rendered":"El presidente promulg\u00f3 Interrupci\u00f3n Voluntaria del Embarazo (IVE) y el \u00abPlan de los 1000 D\u00edas\u00bb"},"content":{"rendered":"\n<p class=\"wp-block-paragraph\">El presidente Alberto Fern\u00e1ndez promulg\u00f3 las leyes de\u00a0<strong><a rel=\"noreferrer noopener\" href=\"https:\/\/www.telam.com.ar\/notas\/202101\/541595-puntos-salientes-de-la-ley-de-interrupcion-voluntaria-del-embarazo.html\" target=\"_blank\">Interrupci\u00f3n Voluntaria del Embarazo (IVE)<\/a><\/strong>\u00a0y la denominada\u00a0<strong><a rel=\"noreferrer noopener\" href=\"https:\/\/www.telam.com.ar\/notas\/202101\/541598-plan-1000-dias-cuidado-integral-de-salud-en-el-embarazo-y-la-primera-infancia.html\" target=\"_blank\">\u00abPlan de los 1000 D\u00edas\u00bb<\/a><\/strong>, con las que cumple su compromiso de campa\u00f1a.<\/p>\n\n\n\n<div class=\"wp-block-image\"><figure class=\"aligncenter size-medium\"><img loading=\"lazy\" decoding=\"async\" width=\"460\" height=\"259\" src=\"http:\/\/infoecos.com.ar\/wp-content\/uploads\/2021\/01\/fernandezpromulga-460x259.jpg\" alt=\"\" class=\"wp-image-72758\" srcset=\"https:\/\/infoecos.com.ar\/wp-content\/uploads\/2021\/01\/fernandezpromulga-460x259.jpg 460w, https:\/\/infoecos.com.ar\/wp-content\/uploads\/2021\/01\/fernandezpromulga-920x518.jpg 920w, https:\/\/infoecos.com.ar\/wp-content\/uploads\/2021\/01\/fernandezpromulga-768x432.jpg 768w, https:\/\/infoecos.com.ar\/wp-content\/uploads\/2021\/01\/fernandezpromulga.jpg 1004w\" sizes=\"auto, (max-width: 460px) 100vw, 460px\" \/><\/figure><\/div>\n\n\n\n<p class=\"wp-block-paragraph\">\u00abCumpl\u00ed con mi palabra y hoy, en tiempos en que la palabra de la pol\u00edtica parece depreciada, es la culminaci\u00f3n de un tiempo de lucha para muchas mujeres que lucharon para que el aborto dejara de ser un delito\u00bb, refiri\u00f3 Fern\u00e1ndez en relaci\u00f3n a su promesa de campa\u00f1a electoral para que se votara la ley.<\/p>\n\n\n\n<p class=\"wp-block-paragraph\">La ley de Interrupci\u00f3n Voluntaria del Embarazo (IVE) entrar\u00e1 en vigencia a m\u00e1s tardar el 23 de enero, luego de su publicaci\u00f3n hoy en el Bolet\u00edn Oficial.<\/p>\n\n\n\n<p class=\"wp-block-paragraph\"><strong>\u00abHoy estamos haciendo una mejor sociedad; parece una frase, pero es un paso inmenso y el resultado de una lucha colectiva\u00bb<\/strong>, enfatiz\u00f3 el Presidente\u00a0<strong><a rel=\"noreferrer noopener\" href=\"https:\/\/www.telam.com.ar\/notas\/202101\/541621-promulgacion-ley-ive.html\" target=\"_blank\">en el acto que encabez\u00f3 en el Museo del Bicentenario de Casa Rosada<\/a><\/strong>; acompa\u00f1ado en el escenario por el jefe de Gabinete, Santiago Cafiero; los ministros de Salud, Gin\u00e9s Gonz\u00e1lez Garc\u00eda; y de las Mujeres, G\u00e9neros y Diversidad, Elizabeth G\u00f3mez Alcorta; y la secretaria Legal y T\u00e9cnica, Vilma Ibarra.<\/p>\n","protected":false},"excerpt":{"rendered":"<p>La ley de Interrupci\u00f3n Voluntaria del Embarazo (IVE) entrar\u00e1 en vigencia a m\u00e1s tardar el 23 de enero, luego de su publicaci\u00f3n hoy en el Bolet\u00edn Oficial<\/p>\n","protected":false},"author":2,"featured_media":72758,"comment_status":"closed","ping_status":"open","sticky":false,"template":"","format":"standard","meta":{"footnotes":""},"categories":[49],"tags":[155],"class_list":["post-72757","post","type-post","status-publish","format-standard","has-post-thumbnail","hentry","category-c3nota3","tag-politica"],"featured_image_urls":{"full":["https:\/\/infoecos.com.ar\/wp-content\/uploads\/2021\/01\/fernandezpromulga.jpg",1004,565,false],"thumbnail":["https:\/\/infoecos.com.ar\/wp-content\/uploads\/2021\/01\/fernandezpromulga-150x150.jpg",150,150,true],"medium":["https:\/\/infoecos.com.ar\/wp-content\/uploads\/2021\/01\/fernandezpromulga-460x259.jpg",460,259,true],"medium_large":["https:\/\/infoecos.com.ar\/wp-content\/uploads\/2021\/01\/fernandezpromulga-768x432.jpg",640,360,true],"large":["https:\/\/infoecos.com.ar\/wp-content\/uploads\/2021\/01\/fernandezpromulga-920x518.jpg",640,360,true],"1536x1536":["https:\/\/infoecos.com.ar\/wp-content\/uploads\/2021\/01\/fernandezpromulga.jpg",1004,565,false],"2048x2048":["https:\/\/infoecos.com.ar\/wp-content\/uploads\/2021\/01\/fernandezpromulga.jpg",1004,565,false],"covernews-slider-full":["https:\/\/infoecos.com.ar\/wp-content\/uploads\/2021\/01\/fernandezpromulga.jpg",1004,565,false],"covernews-slider-center":["https:\/\/infoecos.com.ar\/wp-content\/uploads\/2021\/01\/fernandezpromulga-936x565.jpg",800,483,true],"covernews-featured":["https:\/\/infoecos.com.ar\/wp-content\/uploads\/2021\/01\/fernandezpromulga.jpg",1004,565,false],"covernews-medium":["https:\/\/infoecos.com.ar\/wp-content\/uploads\/2021\/01\/fernandezpromulga-720x380.jpg",540,285,true],"covernews-medium-square":["https:\/\/infoecos.com.ar\/wp-content\/uploads\/2021\/01\/fernandezpromulga-675x450.jpg",375,250,true]},"author_info":{"info":["Jorge Matheus"]},"category_info":"<a href=\"https:\/\/infoecos.com.ar\/index.php\/category\/c3nota3\/\" rel=\"category tag\">C3 N3<\/a>","tag_info":"C3 N3","comment_count":"0","_links":{"self":[{"href":"https:\/\/infoecos.com.ar\/index.php\/wp-json\/wp\/v2\/posts\/72757","targetHints":{"allow":["GET"]}}],"collection":[{"href":"https:\/\/infoecos.com.ar\/index.php\/wp-json\/wp\/v2\/posts"}],"about":[{"href":"https:\/\/infoecos.com.ar\/index.php\/wp-json\/wp\/v2\/types\/post"}],"author":[{"embeddable":true,"href":"https:\/\/infoecos.com.ar\/index.php\/wp-json\/wp\/v2\/users\/2"}],"replies":[{"embeddable":true,"href":"https:\/\/infoecos.com.ar\/index.php\/wp-json\/wp\/v2\/comments?post=72757"}],"version-history":[{"count":1,"href":"https:\/\/infoecos.com.ar\/index.php\/wp-json\/wp\/v2\/posts\/72757\/revisions"}],"predecessor-version":[{"id":72759,"href":"https:\/\/infoecos.com.ar\/index.php\/wp-json\/wp\/v2\/posts\/72757\/revisions\/72759"}],"wp:featuredmedia":[{"embeddable":true,"href":"https:\/\/infoecos.com.ar\/index.php\/wp-json\/wp\/v2\/media\/72758"}],"wp:attachment":[{"href":"https:\/\/infoecos.com.ar\/index.php\/wp-json\/wp\/v2\/media?parent=72757"}],"wp:term":[{"taxonomy":"category","embeddable":true,"href":"https:\/\/infoecos.com.ar\/index.php\/wp-json\/wp\/v2\/categories?post=72757"},{"taxonomy":"post_tag","embeddable":true,"href":"https:\/\/infoecos.com.ar\/index.php\/wp-json\/wp\/v2\/tags?post=72757"}],"curies":[{"name":"wp","href":"https:\/\/api.w.org\/{rel}","templated":true}]}}