{"id":72795,"date":"2021-01-15T15:16:00","date_gmt":"2021-01-15T18:16:00","guid":{"rendered":"http:\/\/infoecos.com.ar\/?p=72795"},"modified":"2021-01-18T02:49:50","modified_gmt":"2021-01-18T05:49:50","slug":"llegaron-a-trenque-lauquen-otras-150-dosis-de-la-vacuna-sputnik-v","status":"publish","type":"post","link":"https:\/\/infoecos.com.ar\/index.php\/llegaron-a-trenque-lauquen-otras-150-dosis-de-la-vacuna-sputnik-v\/","title":{"rendered":"Llegaron a Trenque Lauquen otras 150 dosis de la vacuna Sputnik V"},"content":{"rendered":"\n<p>Otras 150 dosis de la vacuna Sputnik V, que se suman a las 450 recibidas los primeros d\u00edas de enero, llegaron este viernes alrededor del mediod\u00eda al Hospital Municipal Dr. Pedro T. Orellana, donde se est\u00e1 llevando adelante la primera etapa del plan de vacunaci\u00f3n contra el Covid-19.<\/p>\n\n\n\n<div class=\"wp-block-image\"><figure class=\"aligncenter size-medium\"><img loading=\"lazy\" decoding=\"async\" width=\"460\" height=\"307\" src=\"http:\/\/infoecos.com.ar\/wp-content\/uploads\/2021\/01\/Vacunas-3-460x307.jpg\" alt=\"\" class=\"wp-image-72796\" srcset=\"https:\/\/infoecos.com.ar\/wp-content\/uploads\/2021\/01\/Vacunas-3-460x307.jpg 460w, https:\/\/infoecos.com.ar\/wp-content\/uploads\/2021\/01\/Vacunas-3-768x512.jpg 768w, https:\/\/infoecos.com.ar\/wp-content\/uploads\/2021\/01\/Vacunas-3-675x450.jpg 675w, https:\/\/infoecos.com.ar\/wp-content\/uploads\/2021\/01\/Vacunas-3.jpg 852w\" sizes=\"(max-width: 460px) 100vw, 460px\" \/><\/figure><\/div>\n\n\n\n<p>Las dosis son similares a las 450 recibidas anteriormente y que ya fueron aplicadas en su totalidad al personal de salud con mayor riesgo de exposici\u00f3n al virus y que hab\u00eda manifestado su voluntad de vacunarse contra el Covid-19.<\/p>\n\n\n\n<p>Las vacunas llegaron en un veh\u00edculo del Correo Argentino cuyo traslado fue custodiado por una delegaci\u00f3n policial y las recibi\u00f3 al subsecretario de Salud del Municipio, Dr. Sergio Valente.<\/p>\n\n\n\n<div class=\"wp-block-image\"><figure class=\"aligncenter size-medium\"><img loading=\"lazy\" decoding=\"async\" width=\"460\" height=\"307\" src=\"http:\/\/infoecos.com.ar\/wp-content\/uploads\/2021\/01\/Vacunas-2-460x307.jpg\" alt=\"\" class=\"wp-image-72797\" srcset=\"https:\/\/infoecos.com.ar\/wp-content\/uploads\/2021\/01\/Vacunas-2-460x307.jpg 460w, https:\/\/infoecos.com.ar\/wp-content\/uploads\/2021\/01\/Vacunas-2-768x512.jpg 768w, https:\/\/infoecos.com.ar\/wp-content\/uploads\/2021\/01\/Vacunas-2-675x450.jpg 675w, https:\/\/infoecos.com.ar\/wp-content\/uploads\/2021\/01\/Vacunas-2.jpg 852w\" sizes=\"(max-width: 460px) 100vw, 460px\" \/><\/figure><\/div>\n\n\n\n<p>\u201cEstamos muy contentos (de recibir m\u00e1s dosis) porque significa que fuimos eficientes en la vacunaci\u00f3n\u201d, coment\u00f3 hoy (viernes) el Dr. Valente, quien precis\u00f3 que \u201cnos mandaron una primera tanda de 450 dosis que ya fueron todas aplicadas (finalizaron de hacerlo ayer), no hubo ning\u00fan descarte, y ahora nos agregaron 150 dosis m\u00e1s, que las pusimos en el freezer, que est\u00e1 a menos 26 grados; ahora nos queda constatar que en el camino se haya cumplido con la cadena de fr\u00edo\u201d. Para esa corroboraci\u00f3n se utiliza un chip.<\/p>\n\n\n\n<p>Asimismo adelant\u00f3 que la idea es empezar a vacunar en forma inmediata porque \u201ccuanto antes vacunemos, mejor\u201d ,y dijo que \u201cva a ser r\u00e1pida la vacunaci\u00f3n porque son 150 dosis\u201d.<\/p>\n\n\n\n<div class=\"wp-block-image\"><figure class=\"aligncenter size-medium\"><img loading=\"lazy\" decoding=\"async\" width=\"460\" height=\"307\" src=\"http:\/\/infoecos.com.ar\/wp-content\/uploads\/2021\/01\/Vacunas-460x307.jpg\" alt=\"\" class=\"wp-image-72798\" srcset=\"https:\/\/infoecos.com.ar\/wp-content\/uploads\/2021\/01\/Vacunas-460x307.jpg 460w, https:\/\/infoecos.com.ar\/wp-content\/uploads\/2021\/01\/Vacunas-768x512.jpg 768w, https:\/\/infoecos.com.ar\/wp-content\/uploads\/2021\/01\/Vacunas-675x450.jpg 675w, https:\/\/infoecos.com.ar\/wp-content\/uploads\/2021\/01\/Vacunas.jpg 852w\" sizes=\"(max-width: 460px) 100vw, 460px\" \/><\/figure><\/div>\n\n\n\n<p>El Dr. Valente explic\u00f3 que se seguir\u00e1 vacunando al personal de salud, priorizando a los de mayor exposici\u00f3n al virus, y siguiendo los protocolos que ya fueron tenidos en cuenta durante la primera vacunaci\u00f3n que, como se\u00f1al\u00f3, \u201cnos sirvi\u00f3 de experiencia, no hubo ninguna falla, es m\u00e1s fue eficiente y por eso la vacunaci\u00f3n va a seguir exactamente igual y esto va a ser m\u00e1s r\u00e1pido\u201d.<\/p>\n\n\n\n<p>Respecto de la metodolog\u00eda de vacunaci\u00f3n, el Dr. Valente explic\u00f3 que \u201ccomo ya nos hab\u00edan avisado que a veces genera determinadas reacciones, por ejemplo yo me vacun\u00e9 y tuve fiebre a la noche y para evitar que afecte a todo un \u00e1rea se fue vacunando en forma intercalada a terapistas, personal administrativo, personal que ingresa a Terapia, como t\u00e9cnicos, entre otros y adem\u00e1s vinieron diez (10) de Treinta de Agosto y el 90 por ciento del personal de salud de la Cl\u00ednica Garc\u00eda Salinas ya est\u00e1 vacunado\u201d.<\/p>\n\n\n\n<div class=\"wp-block-image\"><figure class=\"aligncenter size-medium\"><img loading=\"lazy\" decoding=\"async\" width=\"307\" height=\"460\" src=\"http:\/\/infoecos.com.ar\/wp-content\/uploads\/2021\/01\/Vacunas-7-307x460.jpg\" alt=\"\" class=\"wp-image-72799\" srcset=\"https:\/\/infoecos.com.ar\/wp-content\/uploads\/2021\/01\/Vacunas-7-307x460.jpg 307w, https:\/\/infoecos.com.ar\/wp-content\/uploads\/2021\/01\/Vacunas-7.jpg 379w\" sizes=\"(max-width: 307px) 100vw, 307px\" \/><\/figure><\/div>\n\n\n\n<p>Consultado sobre el agotamiento que presenta el personal de salud despu\u00e9s de diez meses de trabajo sin descanso, Valente adhiri\u00f3 a las palabras pronunciadas ayer (jueves) por el Intendente Miguel Fern\u00e1ndez durante su conferencia de prensa y sostuvo: \u201cEsto ya lleva mucho tiempo, si bien la vacunaci\u00f3n se inicia ahora, esto todav\u00eda se no termin\u00f3, esto puede llevar un a\u00f1o o m\u00e1s, y hay que pensar que cada vez que aislas, por ejemplo, a un terapia esa guardia tiene que estar cubierta por el resto de los terapistas, lo mismo pasa con las enfermeras, hay que tener en cuenta que es personal calificado que no es f\u00e1cil de conseguir entonces los dem\u00e1s se recargan en horario\u201d.<\/p>\n\n\n\n<p>Por lo tanto apel\u00f3 a la responsabilidad ciudadana y a extremar los cuidados por respeto al personal de salud, que \u201ca veces est\u00e1 todo el d\u00eda con los trajes de protecci\u00f3n, con mucho calor porque no se puede prender el aire acondicionado, cansados y agotados y cuando se sale uno ve una plaza llena todos tomando mate y sin barbijo, eso genera malestar\u201d.<\/p>\n\n\n\n<p>\u201cQueda mucho menos que antes por lo menos ahora tenemos una certidumbre que es la vacuna, as\u00ed que respetemos este tiempo para que logremos que la vacuna llegue a todos y de esta manera terminar con esta pandemia\u201d, apunt\u00f3 el Dr. Valente.<\/p>\n\n\n\n<p>Tambi\u00e9n resalt\u00f3 que \u201cesto dej\u00f3 una ense\u00f1anza muy importante porque son muy pocos los circuitos de medicina que estaban acostumbrados a utilizar protocolos, por ah\u00ed las \u00e1reas cerradas y quir\u00f3fanos pero el resto no lo hac\u00eda, de esta manera nos metimos en la cabeza que hay que usar protocolos\u201d. Adem\u00e1s consider\u00f3 que \u201cesto demostr\u00f3 que el sistema de salud es bastante robusto, aguant\u00f3 perfectamente todo lo que va de pandemia y sin ning\u00fan problema\u201d y se\u00f1al\u00f3 que \u201ctodo esto vino para quedarse as\u00ed que nos ense\u00f1\u00f3 y reforz\u00f3 much\u00edsimo, pero pedimos un poco de ayuda a la comunidad para evitar sobrecargar a la gente de salud, sobre todo en lo que hace a los accidentes porque las camas de Terapia son sagradas en este momento<\/p>\n","protected":false},"excerpt":{"rendered":"<p>Las dosis son similares a las 450 recibidas anteriormente y que ya fueron aplicadas en su totalidad al personal de salud con mayor riesgo de exposici\u00f3n al virus y que hab\u00eda manifestado su voluntad de vacunarse contra el Covid-19<\/p>\n","protected":false},"author":2,"featured_media":72796,"comment_status":"closed","ping_status":"open","sticky":false,"template":"","format":"standard","meta":{"footnotes":""},"categories":[50],"tags":[2615],"class_list":["post-72795","post","type-post","status-publish","format-standard","has-post-thumbnail","hentry","category-c1nota4","tag-se-cumplio-con-lo-anticipado"],"yoast_head":"<!-- This site is optimized with the Yoast SEO plugin v23.4 - https:\/\/yoast.com\/wordpress\/plugins\/seo\/ -->\n<title>Llegaron a Trenque Lauquen otras 150 dosis de la vacuna Sputnik V - Infoecos<\/title>\n<meta name=\"robots\" content=\"index, follow, max-snippet:-1, max-image-preview:large, max-video-preview:-1\" \/>\n<link rel=\"canonical\" href=\"https:\/\/infoecos.com.ar\/index.php\/llegaron-a-trenque-lauquen-otras-150-dosis-de-la-vacuna-sputnik-v\/\" \/>\n<meta property=\"og:locale\" content=\"es_ES\" \/>\n<meta property=\"og:type\" content=\"article\" \/>\n<meta property=\"og:title\" content=\"Llegaron a Trenque Lauquen otras 150 dosis de la vacuna Sputnik V - Infoecos\" \/>\n<meta property=\"og:description\" content=\"Las dosis son similares a las 450 recibidas anteriormente y que ya fueron aplicadas en su totalidad al personal de salud con mayor riesgo de exposici\u00f3n al virus y que hab\u00eda manifestado su voluntad de vacunarse contra el Covid-19\" \/>\n<meta property=\"og:url\" content=\"https:\/\/infoecos.com.ar\/index.php\/llegaron-a-trenque-lauquen-otras-150-dosis-de-la-vacuna-sputnik-v\/\" \/>\n<meta property=\"og:site_name\" content=\"Infoecos\" \/>\n<meta property=\"article:publisher\" content=\"https:\/\/www.facebook.com\/profile.php?id=100063200290284\" \/>\n<meta property=\"article:published_time\" content=\"2021-01-15T18:16:00+00:00\" \/>\n<meta property=\"article:modified_time\" content=\"2021-01-18T05:49:50+00:00\" \/>\n<meta property=\"og:image\" content=\"https:\/\/infoecos.com.ar\/wp-content\/uploads\/2021\/01\/Vacunas-3.jpg\" \/>\n\t<meta property=\"og:image:width\" content=\"852\" \/>\n\t<meta property=\"og:image:height\" content=\"568\" \/>\n\t<meta property=\"og:image:type\" content=\"image\/jpeg\" \/>\n<meta name=\"author\" content=\"Jorge Matheus\" \/>\n<meta name=\"twitter:card\" content=\"summary_large_image\" \/>\n<meta name=\"twitter:creator\" content=\"@infoecos\" \/>\n<meta name=\"twitter:site\" content=\"@infoecos\" \/>\n<meta name=\"twitter:label1\" content=\"Escrito por\" \/>\n\t<meta name=\"twitter:data1\" content=\"Jorge Matheus\" \/>\n\t<meta name=\"twitter:label2\" content=\"Tiempo de lectura\" \/>\n\t<meta name=\"twitter:data2\" content=\"4 minutos\" \/>\n<script type=\"application\/ld+json\" class=\"yoast-schema-graph\">{\"@context\":\"https:\/\/schema.org\",\"@graph\":[{\"@type\":\"Article\",\"@id\":\"https:\/\/infoecos.com.ar\/index.php\/llegaron-a-trenque-lauquen-otras-150-dosis-de-la-vacuna-sputnik-v\/#article\",\"isPartOf\":{\"@id\":\"https:\/\/infoecos.com.ar\/index.php\/llegaron-a-trenque-lauquen-otras-150-dosis-de-la-vacuna-sputnik-v\/\"},\"author\":{\"name\":\"Jorge Matheus\",\"@id\":\"https:\/\/infoecos.com.ar\/#\/schema\/person\/8f5ace5ce73b4b4aac4b7245aee6f191\"},\"headline\":\"Llegaron a Trenque Lauquen otras 150 dosis de la vacuna Sputnik V\",\"datePublished\":\"2021-01-15T18:16:00+00:00\",\"dateModified\":\"2021-01-18T05:49:50+00:00\",\"mainEntityOfPage\":{\"@id\":\"https:\/\/infoecos.com.ar\/index.php\/llegaron-a-trenque-lauquen-otras-150-dosis-de-la-vacuna-sputnik-v\/\"},\"wordCount\":781,\"publisher\":{\"@id\":\"https:\/\/infoecos.com.ar\/#organization\"},\"image\":{\"@id\":\"https:\/\/infoecos.com.ar\/index.php\/llegaron-a-trenque-lauquen-otras-150-dosis-de-la-vacuna-sputnik-v\/#primaryimage\"},\"thumbnailUrl\":\"https:\/\/infoecos.com.ar\/wp-content\/uploads\/2021\/01\/Vacunas-3.jpg\",\"keywords\":[\"SE CUMPLI\u00d3 CON LO ANTICIPADO\"],\"articleSection\":[\"C1 N4\"],\"inLanguage\":\"es\"},{\"@type\":\"WebPage\",\"@id\":\"https:\/\/infoecos.com.ar\/index.php\/llegaron-a-trenque-lauquen-otras-150-dosis-de-la-vacuna-sputnik-v\/\",\"url\":\"https:\/\/infoecos.com.ar\/index.php\/llegaron-a-trenque-lauquen-otras-150-dosis-de-la-vacuna-sputnik-v\/\",\"name\":\"Llegaron a Trenque Lauquen otras 150 dosis de la vacuna Sputnik V - Infoecos\",\"isPartOf\":{\"@id\":\"https:\/\/infoecos.com.ar\/#website\"},\"primaryImageOfPage\":{\"@id\":\"https:\/\/infoecos.com.ar\/index.php\/llegaron-a-trenque-lauquen-otras-150-dosis-de-la-vacuna-sputnik-v\/#primaryimage\"},\"image\":{\"@id\":\"https:\/\/infoecos.com.ar\/index.php\/llegaron-a-trenque-lauquen-otras-150-dosis-de-la-vacuna-sputnik-v\/#primaryimage\"},\"thumbnailUrl\":\"https:\/\/infoecos.com.ar\/wp-content\/uploads\/2021\/01\/Vacunas-3.jpg\",\"datePublished\":\"2021-01-15T18:16:00+00:00\",\"dateModified\":\"2021-01-18T05:49:50+00:00\",\"breadcrumb\":{\"@id\":\"https:\/\/infoecos.com.ar\/index.php\/llegaron-a-trenque-lauquen-otras-150-dosis-de-la-vacuna-sputnik-v\/#breadcrumb\"},\"inLanguage\":\"es\",\"potentialAction\":[{\"@type\":\"ReadAction\",\"target\":[\"https:\/\/infoecos.com.ar\/index.php\/llegaron-a-trenque-lauquen-otras-150-dosis-de-la-vacuna-sputnik-v\/\"]}]},{\"@type\":\"ImageObject\",\"inLanguage\":\"es\",\"@id\":\"https:\/\/infoecos.com.ar\/index.php\/llegaron-a-trenque-lauquen-otras-150-dosis-de-la-vacuna-sputnik-v\/#primaryimage\",\"url\":\"https:\/\/infoecos.com.ar\/wp-content\/uploads\/2021\/01\/Vacunas-3.jpg\",\"contentUrl\":\"https:\/\/infoecos.com.ar\/wp-content\/uploads\/2021\/01\/Vacunas-3.jpg\",\"width\":852,\"height\":568},{\"@type\":\"BreadcrumbList\",\"@id\":\"https:\/\/infoecos.com.ar\/index.php\/llegaron-a-trenque-lauquen-otras-150-dosis-de-la-vacuna-sputnik-v\/#breadcrumb\",\"itemListElement\":[{\"@type\":\"ListItem\",\"position\":1,\"name\":\"Portada\",\"item\":\"https:\/\/infoecos.com.ar\/\"},{\"@type\":\"ListItem\",\"position\":2,\"name\":\"Llegaron a Trenque Lauquen otras 150 dosis de la vacuna Sputnik V\"}]},{\"@type\":\"WebSite\",\"@id\":\"https:\/\/infoecos.com.ar\/#website\",\"url\":\"https:\/\/infoecos.com.ar\/\",\"name\":\"Infoecos\",\"description\":\"Noticias de trenque lauquen y la zona\",\"publisher\":{\"@id\":\"https:\/\/infoecos.com.ar\/#organization\"},\"alternateName\":\"Noticias\",\"potentialAction\":[{\"@type\":\"SearchAction\",\"target\":{\"@type\":\"EntryPoint\",\"urlTemplate\":\"https:\/\/infoecos.com.ar\/?s={search_term_string}\"},\"query-input\":{\"@type\":\"PropertyValueSpecification\",\"valueRequired\":true,\"valueName\":\"search_term_string\"}}],\"inLanguage\":\"es\"},{\"@type\":\"Organization\",\"@id\":\"https:\/\/infoecos.com.ar\/#organization\",\"name\":\"Infoecos\",\"alternateName\":\"Noticias\",\"url\":\"https:\/\/infoecos.com.ar\/\",\"logo\":{\"@type\":\"ImageObject\",\"inLanguage\":\"es\",\"@id\":\"https:\/\/infoecos.com.ar\/#\/schema\/logo\/image\/\",\"url\":\"https:\/\/infoecos.com.ar\/wp-content\/uploads\/2024\/03\/cropped-logo.png\",\"contentUrl\":\"https:\/\/infoecos.com.ar\/wp-content\/uploads\/2024\/03\/cropped-logo.png\",\"width\":374,\"height\":90,\"caption\":\"Infoecos\"},\"image\":{\"@id\":\"https:\/\/infoecos.com.ar\/#\/schema\/logo\/image\/\"},\"sameAs\":[\"https:\/\/www.facebook.com\/profile.php?id=100063200290284\",\"https:\/\/x.com\/infoecos\"]},{\"@type\":\"Person\",\"@id\":\"https:\/\/infoecos.com.ar\/#\/schema\/person\/8f5ace5ce73b4b4aac4b7245aee6f191\",\"name\":\"Jorge Matheus\",\"url\":\"https:\/\/infoecos.com.ar\/index.php\/author\/jomatheus\/\"}]}<\/script>\n<!-- \/ Yoast SEO plugin. -->","yoast_head_json":{"title":"Llegaron a Trenque Lauquen otras 150 dosis de la vacuna Sputnik V - Infoecos","robots":{"index":"index","follow":"follow","max-snippet":"max-snippet:-1","max-image-preview":"max-image-preview:large","max-video-preview":"max-video-preview:-1"},"canonical":"https:\/\/infoecos.com.ar\/index.php\/llegaron-a-trenque-lauquen-otras-150-dosis-de-la-vacuna-sputnik-v\/","og_locale":"es_ES","og_type":"article","og_title":"Llegaron a Trenque Lauquen otras 150 dosis de la vacuna Sputnik V - Infoecos","og_description":"Las dosis son similares a las 450 recibidas anteriormente y que ya fueron aplicadas en su totalidad al personal de salud con mayor riesgo de exposici\u00f3n al virus y que hab\u00eda manifestado su voluntad de vacunarse contra el Covid-19","og_url":"https:\/\/infoecos.com.ar\/index.php\/llegaron-a-trenque-lauquen-otras-150-dosis-de-la-vacuna-sputnik-v\/","og_site_name":"Infoecos","article_publisher":"https:\/\/www.facebook.com\/profile.php?id=100063200290284","article_published_time":"2021-01-15T18:16:00+00:00","article_modified_time":"2021-01-18T05:49:50+00:00","og_image":[{"width":852,"height":568,"url":"https:\/\/infoecos.com.ar\/wp-content\/uploads\/2021\/01\/Vacunas-3.jpg","type":"image\/jpeg"}],"author":"Jorge Matheus","twitter_card":"summary_large_image","twitter_creator":"@infoecos","twitter_site":"@infoecos","twitter_misc":{"Escrito por":"Jorge Matheus","Tiempo de lectura":"4 minutos"},"schema":{"@context":"https:\/\/schema.org","@graph":[{"@type":"Article","@id":"https:\/\/infoecos.com.ar\/index.php\/llegaron-a-trenque-lauquen-otras-150-dosis-de-la-vacuna-sputnik-v\/#article","isPartOf":{"@id":"https:\/\/infoecos.com.ar\/index.php\/llegaron-a-trenque-lauquen-otras-150-dosis-de-la-vacuna-sputnik-v\/"},"author":{"name":"Jorge Matheus","@id":"https:\/\/infoecos.com.ar\/#\/schema\/person\/8f5ace5ce73b4b4aac4b7245aee6f191"},"headline":"Llegaron a Trenque Lauquen otras 150 dosis de la vacuna Sputnik V","datePublished":"2021-01-15T18:16:00+00:00","dateModified":"2021-01-18T05:49:50+00:00","mainEntityOfPage":{"@id":"https:\/\/infoecos.com.ar\/index.php\/llegaron-a-trenque-lauquen-otras-150-dosis-de-la-vacuna-sputnik-v\/"},"wordCount":781,"publisher":{"@id":"https:\/\/infoecos.com.ar\/#organization"},"image":{"@id":"https:\/\/infoecos.com.ar\/index.php\/llegaron-a-trenque-lauquen-otras-150-dosis-de-la-vacuna-sputnik-v\/#primaryimage"},"thumbnailUrl":"https:\/\/infoecos.com.ar\/wp-content\/uploads\/2021\/01\/Vacunas-3.jpg","keywords":["SE CUMPLI\u00d3 CON LO ANTICIPADO"],"articleSection":["C1 N4"],"inLanguage":"es"},{"@type":"WebPage","@id":"https:\/\/infoecos.com.ar\/index.php\/llegaron-a-trenque-lauquen-otras-150-dosis-de-la-vacuna-sputnik-v\/","url":"https:\/\/infoecos.com.ar\/index.php\/llegaron-a-trenque-lauquen-otras-150-dosis-de-la-vacuna-sputnik-v\/","name":"Llegaron a Trenque Lauquen otras 150 dosis de la vacuna Sputnik V - Infoecos","isPartOf":{"@id":"https:\/\/infoecos.com.ar\/#website"},"primaryImageOfPage":{"@id":"https:\/\/infoecos.com.ar\/index.php\/llegaron-a-trenque-lauquen-otras-150-dosis-de-la-vacuna-sputnik-v\/#primaryimage"},"image":{"@id":"https:\/\/infoecos.com.ar\/index.php\/llegaron-a-trenque-lauquen-otras-150-dosis-de-la-vacuna-sputnik-v\/#primaryimage"},"thumbnailUrl":"https:\/\/infoecos.com.ar\/wp-content\/uploads\/2021\/01\/Vacunas-3.jpg","datePublished":"2021-01-15T18:16:00+00:00","dateModified":"2021-01-18T05:49:50+00:00","breadcrumb":{"@id":"https:\/\/infoecos.com.ar\/index.php\/llegaron-a-trenque-lauquen-otras-150-dosis-de-la-vacuna-sputnik-v\/#breadcrumb"},"inLanguage":"es","potentialAction":[{"@type":"ReadAction","target":["https:\/\/infoecos.com.ar\/index.php\/llegaron-a-trenque-lauquen-otras-150-dosis-de-la-vacuna-sputnik-v\/"]}]},{"@type":"ImageObject","inLanguage":"es","@id":"https:\/\/infoecos.com.ar\/index.php\/llegaron-a-trenque-lauquen-otras-150-dosis-de-la-vacuna-sputnik-v\/#primaryimage","url":"https:\/\/infoecos.com.ar\/wp-content\/uploads\/2021\/01\/Vacunas-3.jpg","contentUrl":"https:\/\/infoecos.com.ar\/wp-content\/uploads\/2021\/01\/Vacunas-3.jpg","width":852,"height":568},{"@type":"BreadcrumbList","@id":"https:\/\/infoecos.com.ar\/index.php\/llegaron-a-trenque-lauquen-otras-150-dosis-de-la-vacuna-sputnik-v\/#breadcrumb","itemListElement":[{"@type":"ListItem","position":1,"name":"Portada","item":"https:\/\/infoecos.com.ar\/"},{"@type":"ListItem","position":2,"name":"Llegaron a Trenque Lauquen otras 150 dosis de la vacuna Sputnik V"}]},{"@type":"WebSite","@id":"https:\/\/infoecos.com.ar\/#website","url":"https:\/\/infoecos.com.ar\/","name":"Infoecos","description":"Noticias de trenque lauquen y la zona","publisher":{"@id":"https:\/\/infoecos.com.ar\/#organization"},"alternateName":"Noticias","potentialAction":[{"@type":"SearchAction","target":{"@type":"EntryPoint","urlTemplate":"https:\/\/infoecos.com.ar\/?s={search_term_string}"},"query-input":{"@type":"PropertyValueSpecification","valueRequired":true,"valueName":"search_term_string"}}],"inLanguage":"es"},{"@type":"Organization","@id":"https:\/\/infoecos.com.ar\/#organization","name":"Infoecos","alternateName":"Noticias","url":"https:\/\/infoecos.com.ar\/","logo":{"@type":"ImageObject","inLanguage":"es","@id":"https:\/\/infoecos.com.ar\/#\/schema\/logo\/image\/","url":"https:\/\/infoecos.com.ar\/wp-content\/uploads\/2024\/03\/cropped-logo.png","contentUrl":"https:\/\/infoecos.com.ar\/wp-content\/uploads\/2024\/03\/cropped-logo.png","width":374,"height":90,"caption":"Infoecos"},"image":{"@id":"https:\/\/infoecos.com.ar\/#\/schema\/logo\/image\/"},"sameAs":["https:\/\/www.facebook.com\/profile.php?id=100063200290284","https:\/\/x.com\/infoecos"]},{"@type":"Person","@id":"https:\/\/infoecos.com.ar\/#\/schema\/person\/8f5ace5ce73b4b4aac4b7245aee6f191","name":"Jorge Matheus","url":"https:\/\/infoecos.com.ar\/index.php\/author\/jomatheus\/"}]}},"featured_image_urls":{"full":["https:\/\/infoecos.com.ar\/wp-content\/uploads\/2021\/01\/Vacunas-3.jpg",852,568,false],"thumbnail":["https:\/\/infoecos.com.ar\/wp-content\/uploads\/2021\/01\/Vacunas-3-150x150.jpg",150,150,true],"medium":["https:\/\/infoecos.com.ar\/wp-content\/uploads\/2021\/01\/Vacunas-3-460x307.jpg",460,307,true],"medium_large":["https:\/\/infoecos.com.ar\/wp-content\/uploads\/2021\/01\/Vacunas-3-768x512.jpg",640,427,true],"large":["https:\/\/infoecos.com.ar\/wp-content\/uploads\/2021\/01\/Vacunas-3.jpg",640,427,false],"1536x1536":["https:\/\/infoecos.com.ar\/wp-content\/uploads\/2021\/01\/Vacunas-3.jpg",852,568,false],"2048x2048":["https:\/\/infoecos.com.ar\/wp-content\/uploads\/2021\/01\/Vacunas-3.jpg",852,568,false],"covernews-slider-full":["https:\/\/infoecos.com.ar\/wp-content\/uploads\/2021\/01\/Vacunas-3.jpg",852,568,false],"covernews-slider-center":["https:\/\/infoecos.com.ar\/wp-content\/uploads\/2021\/01\/Vacunas-3.jpg",750,500,false],"covernews-featured":["https:\/\/infoecos.com.ar\/wp-content\/uploads\/2021\/01\/Vacunas-3.jpg",852,568,false],"covernews-medium":["https:\/\/infoecos.com.ar\/wp-content\/uploads\/2021\/01\/Vacunas-3-720x380.jpg",540,285,true],"covernews-medium-square":["https:\/\/infoecos.com.ar\/wp-content\/uploads\/2021\/01\/Vacunas-3-675x450.jpg",375,250,true]},"author_info":{"info":["Jorge Matheus"]},"category_info":"<a href=\"https:\/\/infoecos.com.ar\/index.php\/category\/c1nota4\/\" rel=\"category tag\">C1 N4<\/a>","tag_info":"C1 N4","comment_count":"0","_links":{"self":[{"href":"https:\/\/infoecos.com.ar\/index.php\/wp-json\/wp\/v2\/posts\/72795"}],"collection":[{"href":"https:\/\/infoecos.com.ar\/index.php\/wp-json\/wp\/v2\/posts"}],"about":[{"href":"https:\/\/infoecos.com.ar\/index.php\/wp-json\/wp\/v2\/types\/post"}],"author":[{"embeddable":true,"href":"https:\/\/infoecos.com.ar\/index.php\/wp-json\/wp\/v2\/users\/2"}],"replies":[{"embeddable":true,"href":"https:\/\/infoecos.com.ar\/index.php\/wp-json\/wp\/v2\/comments?post=72795"}],"version-history":[{"count":1,"href":"https:\/\/infoecos.com.ar\/index.php\/wp-json\/wp\/v2\/posts\/72795\/revisions"}],"predecessor-version":[{"id":72800,"href":"https:\/\/infoecos.com.ar\/index.php\/wp-json\/wp\/v2\/posts\/72795\/revisions\/72800"}],"wp:featuredmedia":[{"embeddable":true,"href":"https:\/\/infoecos.com.ar\/index.php\/wp-json\/wp\/v2\/media\/72796"}],"wp:attachment":[{"href":"https:\/\/infoecos.com.ar\/index.php\/wp-json\/wp\/v2\/media?parent=72795"}],"wp:term":[{"taxonomy":"category","embeddable":true,"href":"https:\/\/infoecos.com.ar\/index.php\/wp-json\/wp\/v2\/categories?post=72795"},{"taxonomy":"post_tag","embeddable":true,"href":"https:\/\/infoecos.com.ar\/index.php\/wp-json\/wp\/v2\/tags?post=72795"}],"curies":[{"name":"wp","href":"https:\/\/api.w.org\/{rel}","templated":true}]}}