{"id":72801,"date":"2021-01-17T23:24:23","date_gmt":"2021-01-18T02:24:23","guid":{"rendered":"http:\/\/infoecos.com.ar\/?p=72801"},"modified":"2021-01-19T02:32:02","modified_gmt":"2021-01-19T05:32:02","slug":"se-reintegro-a-pleno-miguel-fernandez-intendente-de-trenque-lauquen-luego-del-aislamiento-preventivo","status":"publish","type":"post","link":"https:\/\/infoecos.com.ar\/index.php\/se-reintegro-a-pleno-miguel-fernandez-intendente-de-trenque-lauquen-luego-del-aislamiento-preventivo\/","title":{"rendered":"Se reintegr\u00f3 a pleno Miguel Fern\u00e1ndez, intendente de Trenque Lauquen, luego del aislamiento preventivo"},"content":{"rendered":"\n<p>El s\u00e1bado se reintegr\u00f3 a la actividad plena el intendente municipal de Trenque Lauquen, doctor Miguel Fern\u00e1ndez.<\/p>\n\n\n\n<div class=\"wp-block-image\"><figure class=\"aligncenter size-medium\"><img decoding=\"async\" src=\"http:\/\/infoecos.com.ar\/wp-content\/uploads\/conferencia-de-prensa-6-460x307.jpg\" alt=\"\" class=\"wp-image-56486\"\/><figcaption>Fern\u00e1ndez, Miguel\n<\/figcaption><\/figure><\/div>\n\n\n\n<p>El mandatario comunal estuvo en aislamiento preventivo durante catorce d\u00edas al haber contra\u00eddo coronavirus su se\u00f1ora esposa, m\u00e9dica de profesi\u00f3n e integrante del equipo de salud del municipio.<\/p>\n\n\n\n<p>Se lo vio a Fern\u00e1ndez recorrer distintos lugares de la ciudad y conversar con vecinos, como as\u00ed tambi\u00e9n con algunos colaboradores.<\/p>\n\n\n\n<p>Infoecos departi\u00f3 algunos instantes frente al Teatro Espa\u00f1ol, una de las obras que encar\u00f3 el Departamento Ejecutivo el a\u00f1o anterior, y que se encontrar\u00eda a punto de culminar en la etapa que se fij\u00f3. No fueron muchos los temas dialogados, pero sirvieron para saber que se encontraba muy bien y que este domingo terminaba el confinamiento de su compa\u00f1era de vida. <\/p>\n\n\n\n<p>Es de suponer que durante la ma\u00f1ana de este lunes, el Jefe Comunal se reunir\u00e1 con sus colaboradores m\u00e1s inmediatos. Si bien no perdi\u00f3 durante los d\u00edas en que estuvo ausente del despacho contacto con la gesti\u00f3n e incluso brind\u00f3 una conferencia de prensa, mantuvo reuniones virtuales con funcionarios provinciales y nacionales, como as\u00ed tambi\u00e9n pares, el retorno al despacho exige otra din\u00e1mica. En torno a la actividad que despleg\u00f3 desde su casa, el intendente tambi\u00e9n particip\u00f3 de la \u00faltima reuni\u00f3n virtual con el gobernador de la provincia, Axel Kicillof, la semana anterior. <\/p>\n","protected":false},"excerpt":{"rendered":"<p>El mandatario comunal estuvo en aislamiento preventivo durante catorce d\u00edas al haber contra\u00eddo coronavirus su se\u00f1ora esposa, m\u00e9dica de profesi\u00f3n e integrante del equipo de salud del municipio<\/p>\n","protected":false},"author":2,"featured_media":56486,"comment_status":"closed","ping_status":"open","sticky":false,"template":"","format":"standard","meta":{"footnotes":""},"categories":[201],"tags":[2616],"class_list":["post-72801","post","type-post","status-publish","format-standard","has-post-thumbnail","hentry","category-inferior9","tag-el-sabado-y-domingo-con-intensa-actividad"],"yoast_head":"<!-- This site is optimized with the Yoast SEO plugin v23.4 - https:\/\/yoast.com\/wordpress\/plugins\/seo\/ -->\n<title>Se reintegr\u00f3 a pleno Miguel Fern\u00e1ndez, intendente de Trenque Lauquen, luego del aislamiento preventivo - Infoecos<\/title>\n<meta name=\"robots\" content=\"index, follow, max-snippet:-1, max-image-preview:large, max-video-preview:-1\" \/>\n<link rel=\"canonical\" href=\"https:\/\/infoecos.com.ar\/index.php\/se-reintegro-a-pleno-miguel-fernandez-intendente-de-trenque-lauquen-luego-del-aislamiento-preventivo\/\" \/>\n<meta property=\"og:locale\" content=\"es_ES\" \/>\n<meta property=\"og:type\" content=\"article\" \/>\n<meta property=\"og:title\" content=\"Se reintegr\u00f3 a pleno Miguel Fern\u00e1ndez, intendente de Trenque Lauquen, luego del aislamiento preventivo - Infoecos\" \/>\n<meta property=\"og:description\" content=\"El mandatario comunal estuvo en aislamiento preventivo durante catorce d\u00edas al haber contra\u00eddo coronavirus su se\u00f1ora esposa, m\u00e9dica de profesi\u00f3n e integrante del equipo de salud del municipio\" \/>\n<meta property=\"og:url\" content=\"https:\/\/infoecos.com.ar\/index.php\/se-reintegro-a-pleno-miguel-fernandez-intendente-de-trenque-lauquen-luego-del-aislamiento-preventivo\/\" \/>\n<meta property=\"og:site_name\" content=\"Infoecos\" \/>\n<meta property=\"article:publisher\" content=\"https:\/\/www.facebook.com\/profile.php?id=100063200290284\" \/>\n<meta property=\"article:published_time\" content=\"2021-01-18T02:24:23+00:00\" \/>\n<meta property=\"article:modified_time\" content=\"2021-01-19T05:32:02+00:00\" \/>\n<meta property=\"og:image\" content=\"https:\/\/infoecos.com.ar\/wp-content\/uploads\/conferencia-de-prensa-6.jpg\" \/>\n\t<meta property=\"og:image:width\" content=\"1969\" \/>\n\t<meta property=\"og:image:height\" content=\"1314\" \/>\n\t<meta property=\"og:image:type\" content=\"image\/jpeg\" \/>\n<meta name=\"author\" content=\"Jorge Matheus\" \/>\n<meta name=\"twitter:card\" content=\"summary_large_image\" \/>\n<meta name=\"twitter:creator\" content=\"@infoecos\" \/>\n<meta name=\"twitter:site\" content=\"@infoecos\" \/>\n<meta name=\"twitter:label1\" content=\"Escrito por\" \/>\n\t<meta name=\"twitter:data1\" content=\"Jorge Matheus\" \/>\n\t<meta name=\"twitter:label2\" content=\"Tiempo de lectura\" \/>\n\t<meta name=\"twitter:data2\" content=\"1 minuto\" \/>\n<script type=\"application\/ld+json\" class=\"yoast-schema-graph\">{\"@context\":\"https:\/\/schema.org\",\"@graph\":[{\"@type\":\"Article\",\"@id\":\"https:\/\/infoecos.com.ar\/index.php\/se-reintegro-a-pleno-miguel-fernandez-intendente-de-trenque-lauquen-luego-del-aislamiento-preventivo\/#article\",\"isPartOf\":{\"@id\":\"https:\/\/infoecos.com.ar\/index.php\/se-reintegro-a-pleno-miguel-fernandez-intendente-de-trenque-lauquen-luego-del-aislamiento-preventivo\/\"},\"author\":{\"name\":\"Jorge Matheus\",\"@id\":\"https:\/\/infoecos.com.ar\/#\/schema\/person\/8f5ace5ce73b4b4aac4b7245aee6f191\"},\"headline\":\"Se reintegr\u00f3 a pleno Miguel Fern\u00e1ndez, intendente de Trenque Lauquen, luego del aislamiento preventivo\",\"datePublished\":\"2021-01-18T02:24:23+00:00\",\"dateModified\":\"2021-01-19T05:32:02+00:00\",\"mainEntityOfPage\":{\"@id\":\"https:\/\/infoecos.com.ar\/index.php\/se-reintegro-a-pleno-miguel-fernandez-intendente-de-trenque-lauquen-luego-del-aislamiento-preventivo\/\"},\"wordCount\":259,\"publisher\":{\"@id\":\"https:\/\/infoecos.com.ar\/#organization\"},\"image\":{\"@id\":\"https:\/\/infoecos.com.ar\/index.php\/se-reintegro-a-pleno-miguel-fernandez-intendente-de-trenque-lauquen-luego-del-aislamiento-preventivo\/#primaryimage\"},\"thumbnailUrl\":\"\",\"keywords\":[\"el s\u00e1bado y domingo con intensa actividad\"],\"articleSection\":[\"Bloque inferior - 9\"],\"inLanguage\":\"es\"},{\"@type\":\"WebPage\",\"@id\":\"https:\/\/infoecos.com.ar\/index.php\/se-reintegro-a-pleno-miguel-fernandez-intendente-de-trenque-lauquen-luego-del-aislamiento-preventivo\/\",\"url\":\"https:\/\/infoecos.com.ar\/index.php\/se-reintegro-a-pleno-miguel-fernandez-intendente-de-trenque-lauquen-luego-del-aislamiento-preventivo\/\",\"name\":\"Se reintegr\u00f3 a pleno Miguel Fern\u00e1ndez, intendente de Trenque Lauquen, luego del aislamiento preventivo - Infoecos\",\"isPartOf\":{\"@id\":\"https:\/\/infoecos.com.ar\/#website\"},\"primaryImageOfPage\":{\"@id\":\"https:\/\/infoecos.com.ar\/index.php\/se-reintegro-a-pleno-miguel-fernandez-intendente-de-trenque-lauquen-luego-del-aislamiento-preventivo\/#primaryimage\"},\"image\":{\"@id\":\"https:\/\/infoecos.com.ar\/index.php\/se-reintegro-a-pleno-miguel-fernandez-intendente-de-trenque-lauquen-luego-del-aislamiento-preventivo\/#primaryimage\"},\"thumbnailUrl\":\"\",\"datePublished\":\"2021-01-18T02:24:23+00:00\",\"dateModified\":\"2021-01-19T05:32:02+00:00\",\"breadcrumb\":{\"@id\":\"https:\/\/infoecos.com.ar\/index.php\/se-reintegro-a-pleno-miguel-fernandez-intendente-de-trenque-lauquen-luego-del-aislamiento-preventivo\/#breadcrumb\"},\"inLanguage\":\"es\",\"potentialAction\":[{\"@type\":\"ReadAction\",\"target\":[\"https:\/\/infoecos.com.ar\/index.php\/se-reintegro-a-pleno-miguel-fernandez-intendente-de-trenque-lauquen-luego-del-aislamiento-preventivo\/\"]}]},{\"@type\":\"ImageObject\",\"inLanguage\":\"es\",\"@id\":\"https:\/\/infoecos.com.ar\/index.php\/se-reintegro-a-pleno-miguel-fernandez-intendente-de-trenque-lauquen-luego-del-aislamiento-preventivo\/#primaryimage\",\"url\":\"\",\"contentUrl\":\"\"},{\"@type\":\"BreadcrumbList\",\"@id\":\"https:\/\/infoecos.com.ar\/index.php\/se-reintegro-a-pleno-miguel-fernandez-intendente-de-trenque-lauquen-luego-del-aislamiento-preventivo\/#breadcrumb\",\"itemListElement\":[{\"@type\":\"ListItem\",\"position\":1,\"name\":\"Portada\",\"item\":\"https:\/\/infoecos.com.ar\/\"},{\"@type\":\"ListItem\",\"position\":2,\"name\":\"Se reintegr\u00f3 a pleno Miguel Fern\u00e1ndez, intendente de Trenque Lauquen, luego del aislamiento preventivo\"}]},{\"@type\":\"WebSite\",\"@id\":\"https:\/\/infoecos.com.ar\/#website\",\"url\":\"https:\/\/infoecos.com.ar\/\",\"name\":\"Infoecos\",\"description\":\"Noticias de trenque lauquen y la zona\",\"publisher\":{\"@id\":\"https:\/\/infoecos.com.ar\/#organization\"},\"alternateName\":\"Noticias\",\"potentialAction\":[{\"@type\":\"SearchAction\",\"target\":{\"@type\":\"EntryPoint\",\"urlTemplate\":\"https:\/\/infoecos.com.ar\/?s={search_term_string}\"},\"query-input\":{\"@type\":\"PropertyValueSpecification\",\"valueRequired\":true,\"valueName\":\"search_term_string\"}}],\"inLanguage\":\"es\"},{\"@type\":\"Organization\",\"@id\":\"https:\/\/infoecos.com.ar\/#organization\",\"name\":\"Infoecos\",\"alternateName\":\"Noticias\",\"url\":\"https:\/\/infoecos.com.ar\/\",\"logo\":{\"@type\":\"ImageObject\",\"inLanguage\":\"es\",\"@id\":\"https:\/\/infoecos.com.ar\/#\/schema\/logo\/image\/\",\"url\":\"https:\/\/infoecos.com.ar\/wp-content\/uploads\/2024\/03\/cropped-logo.png\",\"contentUrl\":\"https:\/\/infoecos.com.ar\/wp-content\/uploads\/2024\/03\/cropped-logo.png\",\"width\":374,\"height\":90,\"caption\":\"Infoecos\"},\"image\":{\"@id\":\"https:\/\/infoecos.com.ar\/#\/schema\/logo\/image\/\"},\"sameAs\":[\"https:\/\/www.facebook.com\/profile.php?id=100063200290284\",\"https:\/\/x.com\/infoecos\"]},{\"@type\":\"Person\",\"@id\":\"https:\/\/infoecos.com.ar\/#\/schema\/person\/8f5ace5ce73b4b4aac4b7245aee6f191\",\"name\":\"Jorge Matheus\",\"url\":\"https:\/\/infoecos.com.ar\/index.php\/author\/jomatheus\/\"}]}<\/script>\n<!-- \/ Yoast SEO plugin. -->","yoast_head_json":{"title":"Se reintegr\u00f3 a pleno Miguel Fern\u00e1ndez, intendente de Trenque Lauquen, luego del aislamiento preventivo - Infoecos","robots":{"index":"index","follow":"follow","max-snippet":"max-snippet:-1","max-image-preview":"max-image-preview:large","max-video-preview":"max-video-preview:-1"},"canonical":"https:\/\/infoecos.com.ar\/index.php\/se-reintegro-a-pleno-miguel-fernandez-intendente-de-trenque-lauquen-luego-del-aislamiento-preventivo\/","og_locale":"es_ES","og_type":"article","og_title":"Se reintegr\u00f3 a pleno Miguel Fern\u00e1ndez, intendente de Trenque Lauquen, luego del aislamiento preventivo - Infoecos","og_description":"El mandatario comunal estuvo en aislamiento preventivo durante catorce d\u00edas al haber contra\u00eddo coronavirus su se\u00f1ora esposa, m\u00e9dica de profesi\u00f3n e integrante del equipo de salud del municipio","og_url":"https:\/\/infoecos.com.ar\/index.php\/se-reintegro-a-pleno-miguel-fernandez-intendente-de-trenque-lauquen-luego-del-aislamiento-preventivo\/","og_site_name":"Infoecos","article_publisher":"https:\/\/www.facebook.com\/profile.php?id=100063200290284","article_published_time":"2021-01-18T02:24:23+00:00","article_modified_time":"2021-01-19T05:32:02+00:00","og_image":[{"width":1969,"height":1314,"url":"https:\/\/infoecos.com.ar\/wp-content\/uploads\/conferencia-de-prensa-6.jpg","type":"image\/jpeg"}],"author":"Jorge Matheus","twitter_card":"summary_large_image","twitter_creator":"@infoecos","twitter_site":"@infoecos","twitter_misc":{"Escrito por":"Jorge Matheus","Tiempo de lectura":"1 minuto"},"schema":{"@context":"https:\/\/schema.org","@graph":[{"@type":"Article","@id":"https:\/\/infoecos.com.ar\/index.php\/se-reintegro-a-pleno-miguel-fernandez-intendente-de-trenque-lauquen-luego-del-aislamiento-preventivo\/#article","isPartOf":{"@id":"https:\/\/infoecos.com.ar\/index.php\/se-reintegro-a-pleno-miguel-fernandez-intendente-de-trenque-lauquen-luego-del-aislamiento-preventivo\/"},"author":{"name":"Jorge Matheus","@id":"https:\/\/infoecos.com.ar\/#\/schema\/person\/8f5ace5ce73b4b4aac4b7245aee6f191"},"headline":"Se reintegr\u00f3 a pleno Miguel Fern\u00e1ndez, intendente de Trenque Lauquen, luego del aislamiento preventivo","datePublished":"2021-01-18T02:24:23+00:00","dateModified":"2021-01-19T05:32:02+00:00","mainEntityOfPage":{"@id":"https:\/\/infoecos.com.ar\/index.php\/se-reintegro-a-pleno-miguel-fernandez-intendente-de-trenque-lauquen-luego-del-aislamiento-preventivo\/"},"wordCount":259,"publisher":{"@id":"https:\/\/infoecos.com.ar\/#organization"},"image":{"@id":"https:\/\/infoecos.com.ar\/index.php\/se-reintegro-a-pleno-miguel-fernandez-intendente-de-trenque-lauquen-luego-del-aislamiento-preventivo\/#primaryimage"},"thumbnailUrl":"","keywords":["el s\u00e1bado y domingo con intensa actividad"],"articleSection":["Bloque inferior - 9"],"inLanguage":"es"},{"@type":"WebPage","@id":"https:\/\/infoecos.com.ar\/index.php\/se-reintegro-a-pleno-miguel-fernandez-intendente-de-trenque-lauquen-luego-del-aislamiento-preventivo\/","url":"https:\/\/infoecos.com.ar\/index.php\/se-reintegro-a-pleno-miguel-fernandez-intendente-de-trenque-lauquen-luego-del-aislamiento-preventivo\/","name":"Se reintegr\u00f3 a pleno Miguel Fern\u00e1ndez, intendente de Trenque Lauquen, luego del aislamiento preventivo - Infoecos","isPartOf":{"@id":"https:\/\/infoecos.com.ar\/#website"},"primaryImageOfPage":{"@id":"https:\/\/infoecos.com.ar\/index.php\/se-reintegro-a-pleno-miguel-fernandez-intendente-de-trenque-lauquen-luego-del-aislamiento-preventivo\/#primaryimage"},"image":{"@id":"https:\/\/infoecos.com.ar\/index.php\/se-reintegro-a-pleno-miguel-fernandez-intendente-de-trenque-lauquen-luego-del-aislamiento-preventivo\/#primaryimage"},"thumbnailUrl":"","datePublished":"2021-01-18T02:24:23+00:00","dateModified":"2021-01-19T05:32:02+00:00","breadcrumb":{"@id":"https:\/\/infoecos.com.ar\/index.php\/se-reintegro-a-pleno-miguel-fernandez-intendente-de-trenque-lauquen-luego-del-aislamiento-preventivo\/#breadcrumb"},"inLanguage":"es","potentialAction":[{"@type":"ReadAction","target":["https:\/\/infoecos.com.ar\/index.php\/se-reintegro-a-pleno-miguel-fernandez-intendente-de-trenque-lauquen-luego-del-aislamiento-preventivo\/"]}]},{"@type":"ImageObject","inLanguage":"es","@id":"https:\/\/infoecos.com.ar\/index.php\/se-reintegro-a-pleno-miguel-fernandez-intendente-de-trenque-lauquen-luego-del-aislamiento-preventivo\/#primaryimage","url":"","contentUrl":""},{"@type":"BreadcrumbList","@id":"https:\/\/infoecos.com.ar\/index.php\/se-reintegro-a-pleno-miguel-fernandez-intendente-de-trenque-lauquen-luego-del-aislamiento-preventivo\/#breadcrumb","itemListElement":[{"@type":"ListItem","position":1,"name":"Portada","item":"https:\/\/infoecos.com.ar\/"},{"@type":"ListItem","position":2,"name":"Se reintegr\u00f3 a pleno Miguel Fern\u00e1ndez, intendente de Trenque Lauquen, luego del aislamiento preventivo"}]},{"@type":"WebSite","@id":"https:\/\/infoecos.com.ar\/#website","url":"https:\/\/infoecos.com.ar\/","name":"Infoecos","description":"Noticias de trenque lauquen y la zona","publisher":{"@id":"https:\/\/infoecos.com.ar\/#organization"},"alternateName":"Noticias","potentialAction":[{"@type":"SearchAction","target":{"@type":"EntryPoint","urlTemplate":"https:\/\/infoecos.com.ar\/?s={search_term_string}"},"query-input":{"@type":"PropertyValueSpecification","valueRequired":true,"valueName":"search_term_string"}}],"inLanguage":"es"},{"@type":"Organization","@id":"https:\/\/infoecos.com.ar\/#organization","name":"Infoecos","alternateName":"Noticias","url":"https:\/\/infoecos.com.ar\/","logo":{"@type":"ImageObject","inLanguage":"es","@id":"https:\/\/infoecos.com.ar\/#\/schema\/logo\/image\/","url":"https:\/\/infoecos.com.ar\/wp-content\/uploads\/2024\/03\/cropped-logo.png","contentUrl":"https:\/\/infoecos.com.ar\/wp-content\/uploads\/2024\/03\/cropped-logo.png","width":374,"height":90,"caption":"Infoecos"},"image":{"@id":"https:\/\/infoecos.com.ar\/#\/schema\/logo\/image\/"},"sameAs":["https:\/\/www.facebook.com\/profile.php?id=100063200290284","https:\/\/x.com\/infoecos"]},{"@type":"Person","@id":"https:\/\/infoecos.com.ar\/#\/schema\/person\/8f5ace5ce73b4b4aac4b7245aee6f191","name":"Jorge Matheus","url":"https:\/\/infoecos.com.ar\/index.php\/author\/jomatheus\/"}]}},"featured_image_urls":{"full":"","thumbnail":"","medium":"","medium_large":"","large":"","1536x1536":"","2048x2048":"","covernews-slider-full":"","covernews-slider-center":"","covernews-featured":"","covernews-medium":"","covernews-medium-square":""},"author_info":{"info":["Jorge Matheus"]},"category_info":"<a href=\"https:\/\/infoecos.com.ar\/index.php\/category\/inferior9\/\" rel=\"category tag\">Bloque inferior - 9<\/a>","tag_info":"Bloque inferior - 9","comment_count":"0","_links":{"self":[{"href":"https:\/\/infoecos.com.ar\/index.php\/wp-json\/wp\/v2\/posts\/72801"}],"collection":[{"href":"https:\/\/infoecos.com.ar\/index.php\/wp-json\/wp\/v2\/posts"}],"about":[{"href":"https:\/\/infoecos.com.ar\/index.php\/wp-json\/wp\/v2\/types\/post"}],"author":[{"embeddable":true,"href":"https:\/\/infoecos.com.ar\/index.php\/wp-json\/wp\/v2\/users\/2"}],"replies":[{"embeddable":true,"href":"https:\/\/infoecos.com.ar\/index.php\/wp-json\/wp\/v2\/comments?post=72801"}],"version-history":[{"count":1,"href":"https:\/\/infoecos.com.ar\/index.php\/wp-json\/wp\/v2\/posts\/72801\/revisions"}],"predecessor-version":[{"id":72802,"href":"https:\/\/infoecos.com.ar\/index.php\/wp-json\/wp\/v2\/posts\/72801\/revisions\/72802"}],"wp:featuredmedia":[{"embeddable":true,"href":"https:\/\/infoecos.com.ar\/index.php\/wp-json\/"}],"wp:attachment":[{"href":"https:\/\/infoecos.com.ar\/index.php\/wp-json\/wp\/v2\/media?parent=72801"}],"wp:term":[{"taxonomy":"category","embeddable":true,"href":"https:\/\/infoecos.com.ar\/index.php\/wp-json\/wp\/v2\/categories?post=72801"},{"taxonomy":"post_tag","embeddable":true,"href":"https:\/\/infoecos.com.ar\/index.php\/wp-json\/wp\/v2\/tags?post=72801"}],"curies":[{"name":"wp","href":"https:\/\/api.w.org\/{rel}","templated":true}]}}