{"id":72810,"date":"2021-01-18T00:19:57","date_gmt":"2021-01-18T03:19:57","guid":{"rendered":"http:\/\/infoecos.com.ar\/?p=72810"},"modified":"2021-01-19T02:30:43","modified_gmt":"2021-01-19T05:30:43","slug":"la-asociacion-judicial-bonaerense-cuestiona-demora-del-gobierno","status":"publish","type":"post","link":"https:\/\/infoecos.com.ar\/index.php\/la-asociacion-judicial-bonaerense-cuestiona-demora-del-gobierno\/","title":{"rendered":"La Asociaci\u00f3n Judicial Bonaerense cuestiona demora del gobierno"},"content":{"rendered":"\n<p class=\"wp-block-paragraph\">La Asociaci\u00f3n Judicial Bonaerense reiter\u00f3 la exigencia de que se convoque de manera urgente a la paritaria para dar un cierre a las negociaciones salariales correspondientes al a\u00f1o 2020. El reclamo se formaliz\u00f3 a trav\u00e9s de una presentaci\u00f3n dirigida a la Ministra de Trabajo provincial.<\/p>\n\n\n\n<div class=\"wp-block-image\"><figure class=\"aligncenter size-medium\"><img loading=\"lazy\" decoding=\"async\" width=\"460\" height=\"221\" src=\"http:\/\/infoecos.com.ar\/wp-content\/uploads\/ajb-1-460x221.jpg\" alt=\"\" class=\"wp-image-64700\" srcset=\"https:\/\/infoecos.com.ar\/wp-content\/uploads\/ajb-1-460x221.jpg 460w, https:\/\/infoecos.com.ar\/wp-content\/uploads\/ajb-1.jpg 512w\" sizes=\"auto, (max-width: 460px) 100vw, 460px\" \/><\/figure><\/div>\n\n\n\n<p class=\"wp-block-paragraph\">La solicitud fue realizada por el gremio de los judiciales en&nbsp;una nota enviada al Ministerio de Trabajo provincial, en el que cuestiona lo que considera la \u201cdemora irrazonable\u201d para continuar la negociaci\u00f3n.<\/p>\n\n\n\n<p class=\"wp-block-paragraph\">Desde el gremio judicial resaltaron la necesidad de avanzar en las tratativas que permita garantizar que los salarios de las y los judiciales no queden por debajo de la inflaci\u00f3n. Para lograr eso, se\u00f1ala el comunicado conocido el fin de semana, el \u00faltimo tramo de esta paritaria debe cerrar entre el porcentaje de incrementos salariales acordados hasta el mes de noviembre (27%) y la inflaci\u00f3n registrada durante el a\u00f1o 2020 (36,1%).<\/p>\n","protected":false},"excerpt":{"rendered":"<p>Desde el gremio judicial resaltaron la necesidad de avanzar en las tratativas que permita garantizar que los salarios de las y los judiciales no queden por debajo de la inflaci\u00f3n<\/p>\n","protected":false},"author":2,"featured_media":64700,"comment_status":"closed","ping_status":"open","sticky":false,"template":"","format":"standard","meta":{"footnotes":""},"categories":[199],"tags":[2618],"class_list":["post-72810","post","type-post","status-publish","format-standard","has-post-thumbnail","hentry","category-inferior7","tag-reclaman-paritaria-urgente"],"featured_image_urls":{"full":["https:\/\/infoecos.com.ar\/wp-content\/uploads\/ajb-1.jpg",512,246,false],"thumbnail":["https:\/\/infoecos.com.ar\/wp-content\/uploads\/ajb-1-150x150.jpg",150,150,true],"medium":["https:\/\/infoecos.com.ar\/wp-content\/uploads\/ajb-1-460x221.jpg",460,221,true],"medium_large":["https:\/\/infoecos.com.ar\/wp-content\/uploads\/ajb-1.jpg",512,246,false],"large":["https:\/\/infoecos.com.ar\/wp-content\/uploads\/ajb-1.jpg",512,246,false],"1536x1536":["https:\/\/infoecos.com.ar\/wp-content\/uploads\/ajb-1.jpg",512,246,false],"2048x2048":["https:\/\/infoecos.com.ar\/wp-content\/uploads\/ajb-1.jpg",512,246,false],"covernews-slider-full":["https:\/\/infoecos.com.ar\/wp-content\/uploads\/ajb-1.jpg",512,246,false],"covernews-slider-center":["https:\/\/infoecos.com.ar\/wp-content\/uploads\/ajb-1.jpg",512,246,false],"covernews-featured":["https:\/\/infoecos.com.ar\/wp-content\/uploads\/ajb-1.jpg",512,246,false],"covernews-medium":["https:\/\/infoecos.com.ar\/wp-content\/uploads\/ajb-1.jpg",512,246,false],"covernews-medium-square":["https:\/\/infoecos.com.ar\/wp-content\/uploads\/ajb-1.jpg",400,192,false]},"author_info":{"info":["Jorge Matheus"]},"category_info":"<a href=\"https:\/\/infoecos.com.ar\/index.php\/category\/inferior7\/\" rel=\"category tag\">Bloque inferior - 7<\/a>","tag_info":"Bloque inferior - 7","comment_count":"0","_links":{"self":[{"href":"https:\/\/infoecos.com.ar\/index.php\/wp-json\/wp\/v2\/posts\/72810","targetHints":{"allow":["GET"]}}],"collection":[{"href":"https:\/\/infoecos.com.ar\/index.php\/wp-json\/wp\/v2\/posts"}],"about":[{"href":"https:\/\/infoecos.com.ar\/index.php\/wp-json\/wp\/v2\/types\/post"}],"author":[{"embeddable":true,"href":"https:\/\/infoecos.com.ar\/index.php\/wp-json\/wp\/v2\/users\/2"}],"replies":[{"embeddable":true,"href":"https:\/\/infoecos.com.ar\/index.php\/wp-json\/wp\/v2\/comments?post=72810"}],"version-history":[{"count":2,"href":"https:\/\/infoecos.com.ar\/index.php\/wp-json\/wp\/v2\/posts\/72810\/revisions"}],"predecessor-version":[{"id":72924,"href":"https:\/\/infoecos.com.ar\/index.php\/wp-json\/wp\/v2\/posts\/72810\/revisions\/72924"}],"wp:featuredmedia":[{"embeddable":true,"href":"https:\/\/infoecos.com.ar\/index.php\/wp-json\/wp\/v2\/media\/64700"}],"wp:attachment":[{"href":"https:\/\/infoecos.com.ar\/index.php\/wp-json\/wp\/v2\/media?parent=72810"}],"wp:term":[{"taxonomy":"category","embeddable":true,"href":"https:\/\/infoecos.com.ar\/index.php\/wp-json\/wp\/v2\/categories?post=72810"},{"taxonomy":"post_tag","embeddable":true,"href":"https:\/\/infoecos.com.ar\/index.php\/wp-json\/wp\/v2\/tags?post=72810"}],"curies":[{"name":"wp","href":"https:\/\/api.w.org\/{rel}","templated":true}]}}