{"id":72851,"date":"2021-01-18T14:42:49","date_gmt":"2021-01-18T17:42:49","guid":{"rendered":"http:\/\/infoecos.com.ar\/?p=72851"},"modified":"2021-01-19T22:28:13","modified_gmt":"2021-01-20T01:28:13","slug":"se-realizaran-desde-este-miercoles-tareas-de-desratizacion-y-fumigacion-en-trenque-lauquen","status":"publish","type":"post","link":"https:\/\/infoecos.com.ar\/index.php\/se-realizaran-desde-este-miercoles-tareas-de-desratizacion-y-fumigacion-en-trenque-lauquen\/","title":{"rendered":"Se realizar\u00e1n, desde este mi\u00e9rcoles, tareas de desratizaci\u00f3n y fumigaci\u00f3n en Trenque Lauquen"},"content":{"rendered":"\n<p class=\"wp-block-paragraph\">Un equipo de t\u00e9cnicos del ministerio de Salud de la provincia de Buenos Aires, dependiente del \u00e1rea de Control de Vectores y Plagas, visitar\u00e1 Trenque Lauquen este mi\u00e9rcoles y permanecer\u00e1 en la ciudad hasta el viernes 22 para realizar tareas de desratizaci\u00f3n y fumigaci\u00f3n en distintos sectores de la planta urbana, inform\u00f3 la titular del \u00e1rea de Zoonosis municipal, Rosario Guarrochena.<\/p>\n\n\n\n<div class=\"wp-block-image\"><figure class=\"aligncenter size-medium\"><img decoding=\"async\" src=\"http:\/\/infoecos.com.ar\/wp-content\/uploads\/multimedia.normal.884f7a6999919d68.646573726174697a6163696f6e2d792d66756d69676163696f6e2d345f6e6f726d616c2e6a706567-460x259.jpeg\" alt=\"\" class=\"wp-image-52297\"\/><figcaption>Trenque Lauquen &#8211; Fumigaci\u00f3n (archivo)<\/figcaption><\/figure><\/div>\n\n\n\n<p class=\"wp-block-paragraph\">La visita que realizar\u00e1n los t\u00e9cnicos provinciales se hab\u00eda programado primero para octubre y despu\u00e9s para noviembre del a\u00f1o pasado, pero fueron suspendidas por Provincia y reprogramada para la semana entrante.<\/p>\n\n\n\n<p class=\"wp-block-paragraph\">\u201cLos t\u00e9cnicos estar\u00e1n realizando tareas de desratizaci\u00f3n de la ciudad, tenemos alrededor de 40 denuncias tomadas y van a fumigar por la noche para tratar de eliminar la mayor cantidad posible de mosquitos con productos autorizados por el ministerio de Salud\u201d, precis\u00f3 Guarrochena.<\/p>\n","protected":false},"excerpt":{"rendered":"<p>Un equipo de t\u00e9cnicos del ministerio de Salud de la provincia de Buenos Aires, dependiente del \u00e1rea de Control de Vectores y Plagas, visitar\u00e1<\/p>\n","protected":false},"author":2,"featured_media":52297,"comment_status":"closed","ping_status":"open","sticky":false,"template":"","format":"standard","meta":{"footnotes":""},"categories":[46],"tags":[2624],"class_list":["post-72851","post","type-post","status-publish","format-standard","has-post-thumbnail","hentry","category-c2nota2","tag-equipo-de-la-provincia"],"featured_image_urls":{"full":"","thumbnail":"","medium":"","medium_large":"","large":"","1536x1536":"","2048x2048":"","covernews-slider-full":"","covernews-slider-center":"","covernews-featured":"","covernews-medium":"","covernews-medium-square":""},"author_info":{"info":["Jorge Matheus"]},"category_info":"<a href=\"https:\/\/infoecos.com.ar\/index.php\/category\/c2nota2\/\" rel=\"category tag\">C2 N2<\/a>","tag_info":"C2 N2","comment_count":"0","_links":{"self":[{"href":"https:\/\/infoecos.com.ar\/index.php\/wp-json\/wp\/v2\/posts\/72851","targetHints":{"allow":["GET"]}}],"collection":[{"href":"https:\/\/infoecos.com.ar\/index.php\/wp-json\/wp\/v2\/posts"}],"about":[{"href":"https:\/\/infoecos.com.ar\/index.php\/wp-json\/wp\/v2\/types\/post"}],"author":[{"embeddable":true,"href":"https:\/\/infoecos.com.ar\/index.php\/wp-json\/wp\/v2\/users\/2"}],"replies":[{"embeddable":true,"href":"https:\/\/infoecos.com.ar\/index.php\/wp-json\/wp\/v2\/comments?post=72851"}],"version-history":[{"count":1,"href":"https:\/\/infoecos.com.ar\/index.php\/wp-json\/wp\/v2\/posts\/72851\/revisions"}],"predecessor-version":[{"id":72852,"href":"https:\/\/infoecos.com.ar\/index.php\/wp-json\/wp\/v2\/posts\/72851\/revisions\/72852"}],"wp:attachment":[{"href":"https:\/\/infoecos.com.ar\/index.php\/wp-json\/wp\/v2\/media?parent=72851"}],"wp:term":[{"taxonomy":"category","embeddable":true,"href":"https:\/\/infoecos.com.ar\/index.php\/wp-json\/wp\/v2\/categories?post=72851"},{"taxonomy":"post_tag","embeddable":true,"href":"https:\/\/infoecos.com.ar\/index.php\/wp-json\/wp\/v2\/tags?post=72851"}],"curies":[{"name":"wp","href":"https:\/\/api.w.org\/{rel}","templated":true}]}}