{"id":72888,"date":"2021-01-19T00:56:50","date_gmt":"2021-01-19T03:56:50","guid":{"rendered":"http:\/\/infoecos.com.ar\/?p=72888"},"modified":"2021-01-19T00:56:52","modified_gmt":"2021-01-19T03:56:52","slug":"en-lincoln-coordinan-acciones-para-la-segunda-etapa-del-plan-buenos-aires-vacunate","status":"publish","type":"post","link":"https:\/\/infoecos.com.ar\/index.php\/en-lincoln-coordinan-acciones-para-la-segunda-etapa-del-plan-buenos-aires-vacunate\/","title":{"rendered":"En Lincoln coordinan acciones para la segunda etapa del Plan \u00abBuenos Aires Vacunate\u00bb"},"content":{"rendered":"\n<p class=\"wp-block-paragraph\">Se coordinan acciones de cara a la implementaci\u00f3n de la segunda etapa del Plan \u201cBuenos Aires Vacunate\u201d en el distrito de Lincoln.<\/p>\n\n\n\n<div class=\"wp-block-image\"><figure class=\"aligncenter size-medium\"><img loading=\"lazy\" decoding=\"async\" width=\"460\" height=\"307\" src=\"http:\/\/infoecos.com.ar\/wp-content\/uploads\/2021\/01\/PHOTO-2021-01-18-10-34-32-460x307.jpg\" alt=\"\" class=\"wp-image-72889\" srcset=\"https:\/\/infoecos.com.ar\/wp-content\/uploads\/2021\/01\/PHOTO-2021-01-18-10-34-32-460x307.jpg 460w, https:\/\/infoecos.com.ar\/wp-content\/uploads\/2021\/01\/PHOTO-2021-01-18-10-34-32-920x613.jpg 920w, https:\/\/infoecos.com.ar\/wp-content\/uploads\/2021\/01\/PHOTO-2021-01-18-10-34-32-768x512.jpg 768w, https:\/\/infoecos.com.ar\/wp-content\/uploads\/2021\/01\/PHOTO-2021-01-18-10-34-32-1024x682.jpg 1024w, https:\/\/infoecos.com.ar\/wp-content\/uploads\/2021\/01\/PHOTO-2021-01-18-10-34-32-675x450.jpg 675w, https:\/\/infoecos.com.ar\/wp-content\/uploads\/2021\/01\/PHOTO-2021-01-18-10-34-32.jpg 1280w\" sizes=\"auto, (max-width: 460px) 100vw, 460px\" \/><\/figure><\/div>\n\n\n\n<p class=\"wp-block-paragraph\">En ese marco, el titular de la cartera de Salud linque\u00f1o se reuni\u00f3 con el director de la Regi\u00f3n Sanitaria III, Jorge Herce; la directora asociada de ese organismo provincial, Lucrecia L\u00f3pez; el director asociado del Hospital Interzonal General de Agudos (HIGA), Juan Pezzi. Tambi\u00e9n participaron del encuentro, el jefe de PAMI Lincoln, Omar Venero; el titular de la delegaci\u00f3n local del IOMA, Gustavo Scarpino; y las integrantes del equipo de coordinaci\u00f3n del programa \u201cBuenos Aires Vacunate\u201d, Cecilia Hern\u00e1ndez y Carolina Arrizabalaga.\u00a0<\/p>\n\n\n\n<p class=\"wp-block-paragraph\">Durante el encuentro se fijaron nuevas acciones para la organizaci\u00f3n de la segunda etapa del plan provincial, p\u00fablico, gratuito y optativo de vacunaci\u00f3n contra el COVID-19. Esta segunda etapa se desarrollar\u00e1 con intervenci\u00f3n del Ministerio de Salud y, para ello, Regi\u00f3n Sanitaria III dispuso una posta fija de vacunaci\u00f3n que funcionar\u00e1 en en el CEF N\u00b0 16 de la ciudad cabecera y dos postas itinerantes que se alternar\u00e1n entre las localidades de <strong>Roberts<\/strong> y <strong>Mart\u00ednez de Hoz<\/strong>.<\/p>\n\n\n\n<div class=\"wp-block-image\"><figure class=\"aligncenter size-medium\"><img loading=\"lazy\" decoding=\"async\" width=\"460\" height=\"307\" src=\"http:\/\/infoecos.com.ar\/wp-content\/uploads\/2021\/01\/PHOTO-2021-01-18-10-38-20-460x307.jpg\" alt=\"\" class=\"wp-image-72890\" srcset=\"https:\/\/infoecos.com.ar\/wp-content\/uploads\/2021\/01\/PHOTO-2021-01-18-10-38-20-460x307.jpg 460w, https:\/\/infoecos.com.ar\/wp-content\/uploads\/2021\/01\/PHOTO-2021-01-18-10-38-20-920x613.jpg 920w, https:\/\/infoecos.com.ar\/wp-content\/uploads\/2021\/01\/PHOTO-2021-01-18-10-38-20-768x512.jpg 768w, https:\/\/infoecos.com.ar\/wp-content\/uploads\/2021\/01\/PHOTO-2021-01-18-10-38-20-1024x682.jpg 1024w, https:\/\/infoecos.com.ar\/wp-content\/uploads\/2021\/01\/PHOTO-2021-01-18-10-38-20-675x450.jpg 675w, https:\/\/infoecos.com.ar\/wp-content\/uploads\/2021\/01\/PHOTO-2021-01-18-10-38-20.jpg 1280w\" sizes=\"auto, (max-width: 460px) 100vw, 460px\" \/><\/figure><\/div>\n\n\n\n<p class=\"wp-block-paragraph\">Todas aquellas personas que deseen vacunarse deber\u00e1n registrarse de manera online en la web del Ministerio de Salud de la Provincia:\u00a0<a rel=\"noreferrer noopener\" href=\"https:\/\/vacunate.ms.gba.gov.ar\/\" target=\"_blank\">https:\/\/vacunate.ms.gba.gov.ar\/<\/a>\u00a0para obtener el turno de vacunaci\u00f3n correspondiente.<\/p>\n\n\n\n<p class=\"wp-block-paragraph\">En el Hospital Municipal \u201cDr. Rub\u00e9n Omar Miravalle\u201d contin\u00faa desarroll\u00e1ndose el operativo de inmunizaci\u00f3n del personal de Salud m\u00e1s expuesto al COVID-19.<\/p>\n\n\n\n<p class=\"wp-block-paragraph\">Desde la Secretar\u00eda de Salud informaron que ya fueron aplicadas m\u00e1s de 400 dosis, correspondientes al primer lote de 450 vacunas Sputnik V que Regi\u00f3n Sanitaria III envi\u00f3 a Lincoln.<\/p>\n","protected":false},"excerpt":{"rendered":"<p>En el Hospital Municipal \u201cDr. Rub\u00e9n Omar Miravalle\u201d contin\u00faa desarroll\u00e1ndose el operativo de inmunizaci\u00f3n del personal de Salud m\u00e1s expuesto al COVID-19<\/p>\n","protected":false},"author":2,"featured_media":72890,"comment_status":"closed","ping_status":"open","sticky":false,"template":"","format":"standard","meta":{"footnotes":""},"categories":[24],"tags":[2633],"class_list":["post-72888","post","type-post","status-publish","format-standard","has-post-thumbnail","hentry","category-c1nota3","tag-postas-itinerantes-en-roberts-y-m-dehoz"],"featured_image_urls":{"full":["https:\/\/infoecos.com.ar\/wp-content\/uploads\/2021\/01\/PHOTO-2021-01-18-10-38-20.jpg",1280,853,false],"thumbnail":["https:\/\/infoecos.com.ar\/wp-content\/uploads\/2021\/01\/PHOTO-2021-01-18-10-38-20-150x150.jpg",150,150,true],"medium":["https:\/\/infoecos.com.ar\/wp-content\/uploads\/2021\/01\/PHOTO-2021-01-18-10-38-20-460x307.jpg",460,307,true],"medium_large":["https:\/\/infoecos.com.ar\/wp-content\/uploads\/2021\/01\/PHOTO-2021-01-18-10-38-20-768x512.jpg",640,427,true],"large":["https:\/\/infoecos.com.ar\/wp-content\/uploads\/2021\/01\/PHOTO-2021-01-18-10-38-20-920x613.jpg",640,426,true],"1536x1536":["https:\/\/infoecos.com.ar\/wp-content\/uploads\/2021\/01\/PHOTO-2021-01-18-10-38-20.jpg",1280,853,false],"2048x2048":["https:\/\/infoecos.com.ar\/wp-content\/uploads\/2021\/01\/PHOTO-2021-01-18-10-38-20.jpg",1280,853,false],"covernews-slider-full":["https:\/\/infoecos.com.ar\/wp-content\/uploads\/2021\/01\/PHOTO-2021-01-18-10-38-20.jpg",1073,715,false],"covernews-slider-center":["https:\/\/infoecos.com.ar\/wp-content\/uploads\/2021\/01\/PHOTO-2021-01-18-10-38-20-936x853.jpg",549,500,true],"covernews-featured":["https:\/\/infoecos.com.ar\/wp-content\/uploads\/2021\/01\/PHOTO-2021-01-18-10-38-20-1024x682.jpg",1024,682,true],"covernews-medium":["https:\/\/infoecos.com.ar\/wp-content\/uploads\/2021\/01\/PHOTO-2021-01-18-10-38-20-720x380.jpg",540,285,true],"covernews-medium-square":["https:\/\/infoecos.com.ar\/wp-content\/uploads\/2021\/01\/PHOTO-2021-01-18-10-38-20-675x450.jpg",375,250,true]},"author_info":{"info":["Jorge Matheus"]},"category_info":"<a href=\"https:\/\/infoecos.com.ar\/index.php\/category\/c1nota3\/\" rel=\"category tag\">C1 N3<\/a>","tag_info":"C1 N3","comment_count":"0","_links":{"self":[{"href":"https:\/\/infoecos.com.ar\/index.php\/wp-json\/wp\/v2\/posts\/72888","targetHints":{"allow":["GET"]}}],"collection":[{"href":"https:\/\/infoecos.com.ar\/index.php\/wp-json\/wp\/v2\/posts"}],"about":[{"href":"https:\/\/infoecos.com.ar\/index.php\/wp-json\/wp\/v2\/types\/post"}],"author":[{"embeddable":true,"href":"https:\/\/infoecos.com.ar\/index.php\/wp-json\/wp\/v2\/users\/2"}],"replies":[{"embeddable":true,"href":"https:\/\/infoecos.com.ar\/index.php\/wp-json\/wp\/v2\/comments?post=72888"}],"version-history":[{"count":1,"href":"https:\/\/infoecos.com.ar\/index.php\/wp-json\/wp\/v2\/posts\/72888\/revisions"}],"predecessor-version":[{"id":72891,"href":"https:\/\/infoecos.com.ar\/index.php\/wp-json\/wp\/v2\/posts\/72888\/revisions\/72891"}],"wp:featuredmedia":[{"embeddable":true,"href":"https:\/\/infoecos.com.ar\/index.php\/wp-json\/wp\/v2\/media\/72890"}],"wp:attachment":[{"href":"https:\/\/infoecos.com.ar\/index.php\/wp-json\/wp\/v2\/media?parent=72888"}],"wp:term":[{"taxonomy":"category","embeddable":true,"href":"https:\/\/infoecos.com.ar\/index.php\/wp-json\/wp\/v2\/categories?post=72888"},{"taxonomy":"post_tag","embeddable":true,"href":"https:\/\/infoecos.com.ar\/index.php\/wp-json\/wp\/v2\/tags?post=72888"}],"curies":[{"name":"wp","href":"https:\/\/api.w.org\/{rel}","templated":true}]}}