{"id":72907,"date":"2021-01-19T01:51:54","date_gmt":"2021-01-19T04:51:54","guid":{"rendered":"http:\/\/infoecos.com.ar\/?p=72907"},"modified":"2021-01-19T01:52:02","modified_gmt":"2021-01-19T04:52:02","slug":"11-nuevos-casos-de-covid-19-en-el-distrito-de-rivadavia","status":"publish","type":"post","link":"https:\/\/infoecos.com.ar\/index.php\/11-nuevos-casos-de-covid-19-en-el-distrito-de-rivadavia\/","title":{"rendered":"11 nuevos casos de COVID-19 en el distrito de Rivadavia"},"content":{"rendered":"\n<p class=\"wp-block-paragraph\">La Municipalidad de Rivadavia inform\u00f3 este lunes que registr\u00f3 11 casos de COVID-19, de los cuales 4 se diagnosticaron por criterio cl\u00ednico epidemiol\u00f3gico. Hay 10 pacientes que corresponden a Am\u00e9rica y 1 a Sundblad.<\/p>\n\n\n\n<div class=\"wp-block-image\"><figure class=\"aligncenter size-medium\"><img loading=\"lazy\" decoding=\"async\" width=\"460\" height=\"307\" src=\"http:\/\/infoecos.com.ar\/wp-content\/uploads\/2020\/09\/america-460x307.jpg\" alt=\"\" class=\"wp-image-68682\" srcset=\"https:\/\/infoecos.com.ar\/wp-content\/uploads\/2020\/09\/america-460x307.jpg 460w, https:\/\/infoecos.com.ar\/wp-content\/uploads\/2020\/09\/america-920x614.jpg 920w, https:\/\/infoecos.com.ar\/wp-content\/uploads\/2020\/09\/america-768x512.jpg 768w, https:\/\/infoecos.com.ar\/wp-content\/uploads\/2020\/09\/america-675x450.jpg 675w, https:\/\/infoecos.com.ar\/wp-content\/uploads\/2020\/09\/america.jpg 1024w\" sizes=\"auto, (max-width: 460px) 100vw, 460px\" \/><\/figure><\/div>\n\n\n\n<p class=\"wp-block-paragraph\">El total acumulado de casos en el distrito es de 526.&nbsp; Los activos est\u00e1n en 78. Adem\u00e1s, se registraron 16 hisopados negativos.<\/p>\n\n\n\n<p class=\"wp-block-paragraph\">Hubo 16 pacientes que recibieron el alta. Los recuperados suman 445. Se inform\u00f3 sobre 5 casos en estudio. Los vecinos en aislamiento preventivo son 304.<\/p>\n","protected":false},"excerpt":{"rendered":"<p>El total acumulado de casos en el distrito es de 526.  Los activos est\u00e1n en 78. Adem\u00e1s, se registraron 16 hisopados negativos<\/p>\n","protected":false},"author":2,"featured_media":68682,"comment_status":"closed","ping_status":"open","sticky":false,"template":"","format":"standard","meta":{"footnotes":""},"categories":[198],"tags":[1785],"class_list":["post-72907","post","type-post","status-publish","format-standard","has-post-thumbnail","hentry","category-c1nota5","tag-coronavirus"],"featured_image_urls":{"full":["https:\/\/infoecos.com.ar\/wp-content\/uploads\/2020\/09\/america.jpg",1024,683,false],"thumbnail":["https:\/\/infoecos.com.ar\/wp-content\/uploads\/2020\/09\/america-150x150.jpg",150,150,true],"medium":["https:\/\/infoecos.com.ar\/wp-content\/uploads\/2020\/09\/america-460x307.jpg",460,307,true],"medium_large":["https:\/\/infoecos.com.ar\/wp-content\/uploads\/2020\/09\/america-768x512.jpg",640,427,true],"large":["https:\/\/infoecos.com.ar\/wp-content\/uploads\/2020\/09\/america-920x614.jpg",640,427,true],"1536x1536":["https:\/\/infoecos.com.ar\/wp-content\/uploads\/2020\/09\/america.jpg",1024,683,false],"2048x2048":["https:\/\/infoecos.com.ar\/wp-content\/uploads\/2020\/09\/america.jpg",1024,683,false],"covernews-slider-full":["https:\/\/infoecos.com.ar\/wp-content\/uploads\/2020\/09\/america.jpg",1024,683,false],"covernews-slider-center":["https:\/\/infoecos.com.ar\/wp-content\/uploads\/2020\/09\/america-936x683.jpg",685,500,true],"covernews-featured":["https:\/\/infoecos.com.ar\/wp-content\/uploads\/2020\/09\/america.jpg",1024,683,false],"covernews-medium":["https:\/\/infoecos.com.ar\/wp-content\/uploads\/2020\/09\/america-720x380.jpg",540,285,true],"covernews-medium-square":["https:\/\/infoecos.com.ar\/wp-content\/uploads\/2020\/09\/america-675x450.jpg",375,250,true]},"author_info":{"info":["Jorge Matheus"]},"category_info":"<a href=\"https:\/\/infoecos.com.ar\/index.php\/category\/c1nota5\/\" rel=\"category tag\">C1 nota 5<\/a>","tag_info":"C1 nota 5","comment_count":"0","_links":{"self":[{"href":"https:\/\/infoecos.com.ar\/index.php\/wp-json\/wp\/v2\/posts\/72907","targetHints":{"allow":["GET"]}}],"collection":[{"href":"https:\/\/infoecos.com.ar\/index.php\/wp-json\/wp\/v2\/posts"}],"about":[{"href":"https:\/\/infoecos.com.ar\/index.php\/wp-json\/wp\/v2\/types\/post"}],"author":[{"embeddable":true,"href":"https:\/\/infoecos.com.ar\/index.php\/wp-json\/wp\/v2\/users\/2"}],"replies":[{"embeddable":true,"href":"https:\/\/infoecos.com.ar\/index.php\/wp-json\/wp\/v2\/comments?post=72907"}],"version-history":[{"count":1,"href":"https:\/\/infoecos.com.ar\/index.php\/wp-json\/wp\/v2\/posts\/72907\/revisions"}],"predecessor-version":[{"id":72908,"href":"https:\/\/infoecos.com.ar\/index.php\/wp-json\/wp\/v2\/posts\/72907\/revisions\/72908"}],"wp:featuredmedia":[{"embeddable":true,"href":"https:\/\/infoecos.com.ar\/index.php\/wp-json\/wp\/v2\/media\/68682"}],"wp:attachment":[{"href":"https:\/\/infoecos.com.ar\/index.php\/wp-json\/wp\/v2\/media?parent=72907"}],"wp:term":[{"taxonomy":"category","embeddable":true,"href":"https:\/\/infoecos.com.ar\/index.php\/wp-json\/wp\/v2\/categories?post=72907"},{"taxonomy":"post_tag","embeddable":true,"href":"https:\/\/infoecos.com.ar\/index.php\/wp-json\/wp\/v2\/tags?post=72907"}],"curies":[{"name":"wp","href":"https:\/\/api.w.org\/{rel}","templated":true}]}}