{"id":72919,"date":"2021-01-19T02:12:10","date_gmt":"2021-01-19T05:12:10","guid":{"rendered":"http:\/\/infoecos.com.ar\/?p=72919"},"modified":"2021-01-19T02:12:13","modified_gmt":"2021-01-19T05:12:13","slug":"murieron-425-personas-y-8-185-fueron-diagnosticadas-con-coronavirus-en-el-pais","status":"publish","type":"post","link":"https:\/\/infoecos.com.ar\/index.php\/murieron-425-personas-y-8-185-fueron-diagnosticadas-con-coronavirus-en-el-pais\/","title":{"rendered":"Murieron 425 personas y 8.185 fueron diagnosticadas con coronavirus en el pa\u00eds"},"content":{"rendered":"\n<p class=\"wp-block-paragraph\"><strong>El Ministerio de Salud inform\u00f3 que otras 425 personas fueron notificadas como fallecidas con coronavirus en el pa\u00eds en las \u00faltimas 24 horas, pero aclar\u00f3 que el n\u00famero de decesos est\u00e1 por encima del promedio diario debido a que las provincias de Buenos Aires y Santa Fe a\u00f1adieron a sus reportes casos fatales surgidos del entrecruzamiento de datos de diversas bases de informaci\u00f3n.<\/strong><\/p>\n\n\n\n<p class=\"wp-block-paragraph\">El reporte de la cartera sanitaria se\u00f1al\u00f3 que en las \u00faltimas 24 horas 8.185 personas fueron diagnosticadas con coronavirus.<\/p>\n\n\n\n<p class=\"wp-block-paragraph\">Con estos datos, ascienden a 45.832 los fallecidos y a 1.807.428 los contagiados desde el inicio de la pandemia.<\/p>\n\n\n\n<p class=\"wp-block-paragraph\">La cartera sanitaria indic\u00f3 que son 3.564 los internados en unidades de terapia intensiva, con un porcentaje de ocupaci\u00f3n de camas de adultos de 53,8% en el pa\u00eds y del 59,1% en la \u00c1rea Metropolitana Buenos Aires.<\/p>\n\n\n\n<p class=\"wp-block-paragraph\">Un 51,27% (4.197 personas) de los infectados de este lunes (8.185) corresponden a la Ciudad y a la provincia de Buenos Aires.<\/p>\n\n\n\n<p class=\"wp-block-paragraph\">De los 1.807.428 contagiados, el 88,23% (1.594.768) recibi\u00f3 el alta y 166.828 son casos confirmados activos.<\/p>\n\n\n\n<p class=\"wp-block-paragraph\">El total de 425 muertos surge de los 244 hombres y 164 mujeres que fallecieron, a los que se suman 17 personas residentes en la Ciudad de Buenos Aires (4), en la provincia de Buenos Aires (10), en La Pampa (2) y en Mendoza (1) que fueron registradas sin dato de sexo.<\/p>\n\n\n\n<p class=\"wp-block-paragraph\">El Ministerio aclar\u00f3 que las provincias de Buenos Aires y Santa Fe notificaron fallecimientos surgidos del entrecruzamiento de bases (de hospitales, registro civil y otras bases provinciales) generando un incremento en el n\u00famero de fallecidos reportados habitualmente.<\/p>\n","protected":false},"excerpt":{"rendered":"<p>Con lo reportado este lunes suman 45.832 los fallecidos y 1.807.428 los contagiados desde el inicio de la pandemia<\/p>\n","protected":false},"author":2,"featured_media":64694,"comment_status":"closed","ping_status":"open","sticky":false,"template":"","format":"standard","meta":{"footnotes":""},"categories":[1326],"tags":[1785],"class_list":["post-72919","post","type-post","status-publish","format-standard","has-post-thumbnail","hentry","category-c2nota6","tag-coronavirus"],"featured_image_urls":{"full":["https:\/\/infoecos.com.ar\/wp-content\/uploads\/5f089401ace0a_1004x565.jpg",1004,565,false],"thumbnail":["https:\/\/infoecos.com.ar\/wp-content\/uploads\/5f089401ace0a_1004x565-150x150.jpg",150,150,true],"medium":["https:\/\/infoecos.com.ar\/wp-content\/uploads\/5f089401ace0a_1004x565-460x259.jpg",460,259,true],"medium_large":["https:\/\/infoecos.com.ar\/wp-content\/uploads\/5f089401ace0a_1004x565-768x432.jpg",640,360,true],"large":["https:\/\/infoecos.com.ar\/wp-content\/uploads\/5f089401ace0a_1004x565-920x518.jpg",640,360,true],"1536x1536":["https:\/\/infoecos.com.ar\/wp-content\/uploads\/5f089401ace0a_1004x565.jpg",1004,565,false],"2048x2048":["https:\/\/infoecos.com.ar\/wp-content\/uploads\/5f089401ace0a_1004x565.jpg",1004,565,false],"covernews-slider-full":["https:\/\/infoecos.com.ar\/wp-content\/uploads\/5f089401ace0a_1004x565.jpg",1004,565,false],"covernews-slider-center":["https:\/\/infoecos.com.ar\/wp-content\/uploads\/5f089401ace0a_1004x565-936x565.jpg",800,483,true],"covernews-featured":["https:\/\/infoecos.com.ar\/wp-content\/uploads\/5f089401ace0a_1004x565.jpg",1004,565,false],"covernews-medium":["https:\/\/infoecos.com.ar\/wp-content\/uploads\/5f089401ace0a_1004x565-720x380.jpg",540,285,true],"covernews-medium-square":["https:\/\/infoecos.com.ar\/wp-content\/uploads\/5f089401ace0a_1004x565-675x450.jpg",375,250,true]},"author_info":{"info":["Jorge Matheus"]},"category_info":"<a href=\"https:\/\/infoecos.com.ar\/index.php\/category\/c2nota6\/\" rel=\"category tag\">C2 N6<\/a>","tag_info":"C2 N6","comment_count":"0","_links":{"self":[{"href":"https:\/\/infoecos.com.ar\/index.php\/wp-json\/wp\/v2\/posts\/72919","targetHints":{"allow":["GET"]}}],"collection":[{"href":"https:\/\/infoecos.com.ar\/index.php\/wp-json\/wp\/v2\/posts"}],"about":[{"href":"https:\/\/infoecos.com.ar\/index.php\/wp-json\/wp\/v2\/types\/post"}],"author":[{"embeddable":true,"href":"https:\/\/infoecos.com.ar\/index.php\/wp-json\/wp\/v2\/users\/2"}],"replies":[{"embeddable":true,"href":"https:\/\/infoecos.com.ar\/index.php\/wp-json\/wp\/v2\/comments?post=72919"}],"version-history":[{"count":1,"href":"https:\/\/infoecos.com.ar\/index.php\/wp-json\/wp\/v2\/posts\/72919\/revisions"}],"predecessor-version":[{"id":72920,"href":"https:\/\/infoecos.com.ar\/index.php\/wp-json\/wp\/v2\/posts\/72919\/revisions\/72920"}],"wp:featuredmedia":[{"embeddable":true,"href":"https:\/\/infoecos.com.ar\/index.php\/wp-json\/wp\/v2\/media\/64694"}],"wp:attachment":[{"href":"https:\/\/infoecos.com.ar\/index.php\/wp-json\/wp\/v2\/media?parent=72919"}],"wp:term":[{"taxonomy":"category","embeddable":true,"href":"https:\/\/infoecos.com.ar\/index.php\/wp-json\/wp\/v2\/categories?post=72919"},{"taxonomy":"post_tag","embeddable":true,"href":"https:\/\/infoecos.com.ar\/index.php\/wp-json\/wp\/v2\/tags?post=72919"}],"curies":[{"name":"wp","href":"https:\/\/api.w.org\/{rel}","templated":true}]}}