{"id":72942,"date":"2021-01-19T21:54:11","date_gmt":"2021-01-20T00:54:11","guid":{"rendered":"http:\/\/infoecos.com.ar\/?p=72942"},"modified":"2021-01-21T01:56:54","modified_gmt":"2021-01-21T04:56:54","slug":"carlos-tejedor-el-unico-distrito-de-la-region-en-fase-5-el-resto-en-fase-3-y-4","status":"publish","type":"post","link":"https:\/\/infoecos.com.ar\/index.php\/carlos-tejedor-el-unico-distrito-de-la-region-en-fase-5-el-resto-en-fase-3-y-4\/","title":{"rendered":"Carlos Tejedor el \u00fanico distrito de la regi\u00f3n en fase 5, el resto en fase 3 y 4"},"content":{"rendered":"\n<p class=\"wp-block-paragraph\">Trece municipios de la provincia de Buenos Aires se encuentran en fase 3, 113 en fase 4 y 9 en fase 5. As\u00ed lo inform\u00f3 el Jefe de Gabinete, Carlos Bianco, en el marco de la conferencia de prensa que encabez\u00f3 el gobernador Axel Kicillof en Monte Hermoso, este martes. <\/p>\n\n\n\n<div class=\"wp-block-image\"><figure class=\"aligncenter size-medium\"><img loading=\"lazy\" decoding=\"async\" width=\"460\" height=\"307\" src=\"http:\/\/infoecos.com.ar\/wp-content\/uploads\/2021\/01\/139853208_3921151501331786_2259036989339709093_o-460x307.jpg\" alt=\"\" class=\"wp-image-72943\" srcset=\"https:\/\/infoecos.com.ar\/wp-content\/uploads\/2021\/01\/139853208_3921151501331786_2259036989339709093_o-460x307.jpg 460w, https:\/\/infoecos.com.ar\/wp-content\/uploads\/2021\/01\/139853208_3921151501331786_2259036989339709093_o-920x613.jpg 920w, https:\/\/infoecos.com.ar\/wp-content\/uploads\/2021\/01\/139853208_3921151501331786_2259036989339709093_o-768x512.jpg 768w, https:\/\/infoecos.com.ar\/wp-content\/uploads\/2021\/01\/139853208_3921151501331786_2259036989339709093_o-1024x682.jpg 1024w, https:\/\/infoecos.com.ar\/wp-content\/uploads\/2021\/01\/139853208_3921151501331786_2259036989339709093_o-675x450.jpg 675w, https:\/\/infoecos.com.ar\/wp-content\/uploads\/2021\/01\/139853208_3921151501331786_2259036989339709093_o.jpg 1280w\" sizes=\"auto, (max-width: 460px) 100vw, 460px\" \/><\/figure><\/div>\n\n\n\n<p class=\"wp-block-paragraph\">Arrecifes, Balcarce, Bol\u00edvar, Carmen de Areco, <strong>General Pinto<\/strong>, <strong>Lincoln<\/strong>, Lober\u00eda, Maip\u00fa, Guido, Rauch, <strong>Salliquel\u00f3<\/strong>, Suipacha, <strong>Tres Lomas<\/strong>, en fase 3.<\/p>\n\n\n\n<p class=\"wp-block-paragraph\">En esas ciudades no se pueden desarrollar actividades en talleres culturales ni en gimnasios (en espacios cerrados); tampoco se permiten actividades sociales, recreativas y familiares (por fuera del n\u00facleo familiar).<\/p>\n\n\n\n<p class=\"wp-block-paragraph\">Est\u00e1n prohibidas, adem\u00e1s, las actividades deportivas colectivas, los eventos culturales, sociales o recreativos; la asistencia a espacios culturales\/ateliers de parte de sus artistas; los shoppings, el desempe\u00f1o del personal auxiliar de casas particulares (multidomiciliario), las ferias itinerantes de alimentos, los museos, los jardines maternales y centros de atenci\u00f3n de desarrollo infantil (CADI) y las ferias itinerantes al aire libre.<\/p>\n\n\n\n<p class=\"wp-block-paragraph\">25 de Mayo, <strong>9 de Julio<\/strong>, <strong>Adolfo Alsina<\/strong>, Adolfo Gonzales Chaves, <strong>Alberti<\/strong>, Almirante Brown, Avellaneda, Ayacucho, Azul, Bah\u00eda Blanca, Baradero, Benito Ju\u00e1rez, Berazategui, Berisso, <strong>Bragado<\/strong>, Brandsen, Campana, Ca\u00f1uelas, Capit\u00e1n Sarmiento, <strong>Carlos Casares<\/strong>, Chacabuco, Chascom\u00fas, <strong>Chivilcoy<\/strong>, Col\u00f3n, Pu\u00e1n, <strong>Guamin\u00ed<\/strong>, Coronel Rosales, Coronel Dorrego, Coronel Su\u00e1rez, <strong>Daireaux<\/strong>, Dolores, Ensenada, Escobar, Esteban Echeverr\u00eda, Exaltaci\u00f3n de la Cruz, Ezeiza, Florencio Varela, <strong>Florentino Ameghino<\/strong>, General Alvarado, General Alvear, General Arenales, General Belgrano, General Juan Madariaga, General La Madrid, General Las Heras, General Pueyrred\u00f3n, General Rodr\u00edguez, General San Mart\u00edn, <strong>General Viamonte<\/strong>, General Villegas, Hip\u00f3lito Yrigoyen, Hurlingham, Ituzaing\u00f3, Jos\u00e9 C. Paz, <strong>Jun\u00edn<\/strong>, La Costa, La Matanza, La Plata, Lan\u00fas, Laprida, Las Flores, Leandro N. Alem, Lobos, Lomas de Zamora, Luj\u00e1n, Magdalena, Malvinas Argentinas, Mar Chiquita, Marcos Paz, Mercedes, Merlo, Monte, Monte Hermoso, Moreno, Mor\u00f3n, Navarro, Necochea, Olavarr\u00eda, Patagones, <strong>Pehuaj\u00f3<\/strong>, <strong>Pellegrini<\/strong>, Pergamino, Pilar Pinamar, Presidente Per\u00f3n, Quilmes, Ramallo, Rivadavia, Rojas, Roque P\u00e9rez, Saavedra, Saladillo, Salto, San Andr\u00e9s de Giles, San Antonio de Areco, San Cayetano, San Fernando, San Isidro, San Miguel, San Nicol\u00e1s, San Pedro, San Vicente, Tandil, Tapalqu\u00e9, Tigre, Tordillo, <strong>Tornquist<\/strong>, <strong>Trenque Lauquen<\/strong>, Tres Arroyos, Tres de Febrero, Vicente L\u00f3pez, Villa Gesell y Z\u00e1rate, en fase 4.<\/p>\n\n\n\n<p class=\"wp-block-paragraph\">Para municipios en fase 3 o 4, entre la 1 y las 6 se suspenden las actividades culturales, sociales, recreativas, comerciales, art\u00edsticas y deportivas.<\/p>\n\n\n\n<p class=\"wp-block-paragraph\">Se especific\u00f3 que quedan exceptuadas las actividades productivas: manufactureras, agropecuarias y todas aquellas definidas como esenciales. Paralelamente,&nbsp;se redujeron las actividades sociales, recreativas y familiares a grupos de hasta 10 personas.<\/p>\n\n\n\n<p class=\"wp-block-paragraph\">Finalmente, en fase 5 est\u00e1n <strong>Carlos Tejedor<\/strong>, Castelli, Coronel Pringles, General Lavalle, General Paz, Lezama, Pila, Punta Indio y Villarino.<\/p>\n","protected":false},"excerpt":{"rendered":"<p>9 de Julio, Adolfo Alsina, Alberti, Bragado, Carlos Casares, Chivilcoy, Guamin\u00ed, Daireaux, Ameghino, Viamonte, Jun\u00edn, Pehuaj\u00f3, Pellegrini, Torquinst, Trenque Lauquen, entre otros, en fase 4<\/p>\n","protected":false},"author":2,"featured_media":72943,"comment_status":"closed","ping_status":"open","sticky":false,"template":"","format":"standard","meta":{"footnotes":""},"categories":[1333],"tags":[2537],"class_list":["post-72942","post","type-post","status-publish","format-standard","has-post-thumbnail","hentry","category-inferior13","tag-situacion-epidemiologica"],"featured_image_urls":{"full":["https:\/\/infoecos.com.ar\/wp-content\/uploads\/2021\/01\/139853208_3921151501331786_2259036989339709093_o.jpg",1280,853,false],"thumbnail":["https:\/\/infoecos.com.ar\/wp-content\/uploads\/2021\/01\/139853208_3921151501331786_2259036989339709093_o-150x150.jpg",150,150,true],"medium":["https:\/\/infoecos.com.ar\/wp-content\/uploads\/2021\/01\/139853208_3921151501331786_2259036989339709093_o-460x307.jpg",460,307,true],"medium_large":["https:\/\/infoecos.com.ar\/wp-content\/uploads\/2021\/01\/139853208_3921151501331786_2259036989339709093_o-768x512.jpg",640,427,true],"large":["https:\/\/infoecos.com.ar\/wp-content\/uploads\/2021\/01\/139853208_3921151501331786_2259036989339709093_o-920x613.jpg",640,426,true],"1536x1536":["https:\/\/infoecos.com.ar\/wp-content\/uploads\/2021\/01\/139853208_3921151501331786_2259036989339709093_o.jpg",1280,853,false],"2048x2048":["https:\/\/infoecos.com.ar\/wp-content\/uploads\/2021\/01\/139853208_3921151501331786_2259036989339709093_o.jpg",1280,853,false],"covernews-slider-full":["https:\/\/infoecos.com.ar\/wp-content\/uploads\/2021\/01\/139853208_3921151501331786_2259036989339709093_o.jpg",1073,715,false],"covernews-slider-center":["https:\/\/infoecos.com.ar\/wp-content\/uploads\/2021\/01\/139853208_3921151501331786_2259036989339709093_o-936x853.jpg",549,500,true],"covernews-featured":["https:\/\/infoecos.com.ar\/wp-content\/uploads\/2021\/01\/139853208_3921151501331786_2259036989339709093_o-1024x682.jpg",1024,682,true],"covernews-medium":["https:\/\/infoecos.com.ar\/wp-content\/uploads\/2021\/01\/139853208_3921151501331786_2259036989339709093_o-720x380.jpg",540,285,true],"covernews-medium-square":["https:\/\/infoecos.com.ar\/wp-content\/uploads\/2021\/01\/139853208_3921151501331786_2259036989339709093_o-675x450.jpg",375,250,true]},"author_info":{"info":["Jorge Matheus"]},"category_info":"<a href=\"https:\/\/infoecos.com.ar\/index.php\/category\/inferior13\/\" rel=\"category tag\">Bloque inferior - 13<\/a>","tag_info":"Bloque inferior - 13","comment_count":"0","_links":{"self":[{"href":"https:\/\/infoecos.com.ar\/index.php\/wp-json\/wp\/v2\/posts\/72942","targetHints":{"allow":["GET"]}}],"collection":[{"href":"https:\/\/infoecos.com.ar\/index.php\/wp-json\/wp\/v2\/posts"}],"about":[{"href":"https:\/\/infoecos.com.ar\/index.php\/wp-json\/wp\/v2\/types\/post"}],"author":[{"embeddable":true,"href":"https:\/\/infoecos.com.ar\/index.php\/wp-json\/wp\/v2\/users\/2"}],"replies":[{"embeddable":true,"href":"https:\/\/infoecos.com.ar\/index.php\/wp-json\/wp\/v2\/comments?post=72942"}],"version-history":[{"count":2,"href":"https:\/\/infoecos.com.ar\/index.php\/wp-json\/wp\/v2\/posts\/72942\/revisions"}],"predecessor-version":[{"id":73078,"href":"https:\/\/infoecos.com.ar\/index.php\/wp-json\/wp\/v2\/posts\/72942\/revisions\/73078"}],"wp:featuredmedia":[{"embeddable":true,"href":"https:\/\/infoecos.com.ar\/index.php\/wp-json\/wp\/v2\/media\/72943"}],"wp:attachment":[{"href":"https:\/\/infoecos.com.ar\/index.php\/wp-json\/wp\/v2\/media?parent=72942"}],"wp:term":[{"taxonomy":"category","embeddable":true,"href":"https:\/\/infoecos.com.ar\/index.php\/wp-json\/wp\/v2\/categories?post=72942"},{"taxonomy":"post_tag","embeddable":true,"href":"https:\/\/infoecos.com.ar\/index.php\/wp-json\/wp\/v2\/tags?post=72942"}],"curies":[{"name":"wp","href":"https:\/\/api.w.org\/{rel}","templated":true}]}}