{"id":72960,"date":"2021-01-19T22:43:29","date_gmt":"2021-01-20T01:43:29","guid":{"rendered":"http:\/\/infoecos.com.ar\/?p=72960"},"modified":"2021-01-21T01:52:43","modified_gmt":"2021-01-21T04:52:43","slug":"gremios-de-trenque-lauquen-colaboraran-con-la-campana-buenos-aires-vacunate","status":"publish","type":"post","link":"https:\/\/infoecos.com.ar\/index.php\/gremios-de-trenque-lauquen-colaboraran-con-la-campana-buenos-aires-vacunate\/","title":{"rendered":"Gremios de Trenque Lauquen colaborar\u00e1n con la campa\u00f1a \u00abBuenos Aires Vacunate\u00bb"},"content":{"rendered":"\n<p class=\"wp-block-paragraph\">Representantes seccionales de distintas organizaciones gremiales de Trenque Lauquen junto con la Delegaci\u00f3n Regional del Ministerio de la provincia expresaron su voluntad de colaborar en la campa\u00f1a de vacunaci\u00f3n contra el Covid-19 \u201cBuenos Aires Vacunate\u201d.<\/p>\n\n\n\n<div class=\"wp-block-image\"><figure class=\"aligncenter size-medium\"><img loading=\"lazy\" decoding=\"async\" width=\"460\" height=\"259\" src=\"http:\/\/infoecos.com.ar\/wp-content\/uploads\/2021\/01\/GREMIOSAPOYO-460x259.jpg\" alt=\"\" class=\"wp-image-72961\" srcset=\"https:\/\/infoecos.com.ar\/wp-content\/uploads\/2021\/01\/GREMIOSAPOYO-460x259.jpg 460w, https:\/\/infoecos.com.ar\/wp-content\/uploads\/2021\/01\/GREMIOSAPOYO-920x518.jpg 920w, https:\/\/infoecos.com.ar\/wp-content\/uploads\/2021\/01\/GREMIOSAPOYO-768x432.jpg 768w, https:\/\/infoecos.com.ar\/wp-content\/uploads\/2021\/01\/GREMIOSAPOYO.jpg 1004w\" sizes=\"auto, (max-width: 460px) 100vw, 460px\" \/><\/figure><\/div>\n\n\n\n<p class=\"wp-block-paragraph\">Gast\u00f3n Moreno de ATILRA, Alberto Barrios de UOM, Cristian Crespo de UTEDYC, Rolando Pagella de SATSAID, Edgardo Scalesa de SMATA, Liliana Toledo de UPCN, Carolina Gomez por SOESGYPE, entre otros, manifestaron su apoyo para trabajar articuladamente y colaborar en esta campa\u00f1a. <\/p>\n\n\n\n<p class=\"wp-block-paragraph\">El Delegado Regional de Trabajo Juan Pablo Bigliani expres\u00f3: \u201ces fundamental &nbsp;la colaboraci\u00f3n que pueda brindar cada uno de los gremios en lo que respecta a capacidad operativa. Ya ha quedado demostrado que, sin el movimiento obrero en las acciones, va a ser muy dif\u00edcil. Juntos podemos trabajar para que esta campa\u00f1a vacunatoria sea exitosa y que todos y todas los mayores de 18 a\u00f1os en la Provincia de Buenos Aires est\u00e9n registrados en la web&nbsp;<a href=\"http:\/\/www.vacunatepba.gba.gob.ar\/\" target=\"_blank\" rel=\"noreferrer noopener\">www.vacunatepba.gba.gob.ar<\/a>\u201d.<\/p>\n\n\n\n<p class=\"wp-block-paragraph\">Bigliani explic\u00f3 que \u201cen esta primera etapa, que es la de inscripci\u00f3n, la Delegaci\u00f3n ubicada en el segundo piso del Centro C\u00edvico se ofrece como punto administrativo para inscribir a todas las personas que lo soliciten. Si bien se puede hacer a trav\u00e9s de la p\u00e1gina, muchas personas no cuentan con esas herramientas de internet\u201d.<\/p>\n\n\n\n<p class=\"wp-block-paragraph\">Y continu\u00f3: \u201cEl plan tiene como objetivo vacunar a toda la poblaci\u00f3n mayor de 18 a\u00f1os. En una primera etapa se priorizar\u00e1 a los grupos con mayor vulnerabilidad frente al virus: mayores de 60 a\u00f1os, personal de salud, personal de seguridad, docentes y auxiliares; y personas entre 18 y 59 a\u00f1os con enfermedades preexistentes que aumentan la probabilidad de presentar cuadros graves ante una infecci\u00f3n por coronavirus: Enfermedad Pulmonar Cr\u00f3nica (EPOC), Diabetes, Enfermedad Cardiovascular, Obesidad y Enfermedad Renal Cr\u00f3nica\u201d.<\/p>\n\n\n\n<p class=\"wp-block-paragraph\"><strong>Buenos Aires Vacunate<\/strong> es el plan p\u00fablico, gratuito y optativo de vacunaci\u00f3n contra el coronavirus en la Provincia de Buenos Aires, para el cual, &nbsp;la Provincia de Buenos Aires &nbsp;realiza un operativo de distribuci\u00f3n, organizaci\u00f3n y vacunaci\u00f3n, con m\u00e1s de 600 puntos de vacunaci\u00f3n en simult\u00e1neo.<\/p>\n","protected":false},"excerpt":{"rendered":"<p>Bigliani explic\u00f3 que \u201cen esta primera etapa, que es la de inscripci\u00f3n, la Delegaci\u00f3n ubicada en el segundo piso del Centro C\u00edvico se ofrece como punto administrativo para inscribir a todas las personas que lo soliciten\u00bb<\/p>\n","protected":false},"author":2,"featured_media":72961,"comment_status":"closed","ping_status":"open","sticky":false,"template":"","format":"standard","meta":{"footnotes":""},"categories":[199],"tags":[2645],"class_list":["post-72960","post","type-post","status-publish","format-standard","has-post-thumbnail","hentry","category-inferior7","tag-reunion-con-delegado-de-trabajo"],"featured_image_urls":{"full":["https:\/\/infoecos.com.ar\/wp-content\/uploads\/2021\/01\/GREMIOSAPOYO.jpg",1004,565,false],"thumbnail":["https:\/\/infoecos.com.ar\/wp-content\/uploads\/2021\/01\/GREMIOSAPOYO-150x150.jpg",150,150,true],"medium":["https:\/\/infoecos.com.ar\/wp-content\/uploads\/2021\/01\/GREMIOSAPOYO-460x259.jpg",460,259,true],"medium_large":["https:\/\/infoecos.com.ar\/wp-content\/uploads\/2021\/01\/GREMIOSAPOYO-768x432.jpg",640,360,true],"large":["https:\/\/infoecos.com.ar\/wp-content\/uploads\/2021\/01\/GREMIOSAPOYO-920x518.jpg",640,360,true],"1536x1536":["https:\/\/infoecos.com.ar\/wp-content\/uploads\/2021\/01\/GREMIOSAPOYO.jpg",1004,565,false],"2048x2048":["https:\/\/infoecos.com.ar\/wp-content\/uploads\/2021\/01\/GREMIOSAPOYO.jpg",1004,565,false],"covernews-slider-full":["https:\/\/infoecos.com.ar\/wp-content\/uploads\/2021\/01\/GREMIOSAPOYO.jpg",1004,565,false],"covernews-slider-center":["https:\/\/infoecos.com.ar\/wp-content\/uploads\/2021\/01\/GREMIOSAPOYO-936x565.jpg",800,483,true],"covernews-featured":["https:\/\/infoecos.com.ar\/wp-content\/uploads\/2021\/01\/GREMIOSAPOYO.jpg",1004,565,false],"covernews-medium":["https:\/\/infoecos.com.ar\/wp-content\/uploads\/2021\/01\/GREMIOSAPOYO-720x380.jpg",540,285,true],"covernews-medium-square":["https:\/\/infoecos.com.ar\/wp-content\/uploads\/2021\/01\/GREMIOSAPOYO-675x450.jpg",375,250,true]},"author_info":{"info":["Jorge Matheus"]},"category_info":"<a href=\"https:\/\/infoecos.com.ar\/index.php\/category\/inferior7\/\" rel=\"category tag\">Bloque inferior - 7<\/a>","tag_info":"Bloque inferior - 7","comment_count":"0","_links":{"self":[{"href":"https:\/\/infoecos.com.ar\/index.php\/wp-json\/wp\/v2\/posts\/72960","targetHints":{"allow":["GET"]}}],"collection":[{"href":"https:\/\/infoecos.com.ar\/index.php\/wp-json\/wp\/v2\/posts"}],"about":[{"href":"https:\/\/infoecos.com.ar\/index.php\/wp-json\/wp\/v2\/types\/post"}],"author":[{"embeddable":true,"href":"https:\/\/infoecos.com.ar\/index.php\/wp-json\/wp\/v2\/users\/2"}],"replies":[{"embeddable":true,"href":"https:\/\/infoecos.com.ar\/index.php\/wp-json\/wp\/v2\/comments?post=72960"}],"version-history":[{"count":2,"href":"https:\/\/infoecos.com.ar\/index.php\/wp-json\/wp\/v2\/posts\/72960\/revisions"}],"predecessor-version":[{"id":73075,"href":"https:\/\/infoecos.com.ar\/index.php\/wp-json\/wp\/v2\/posts\/72960\/revisions\/73075"}],"wp:featuredmedia":[{"embeddable":true,"href":"https:\/\/infoecos.com.ar\/index.php\/wp-json\/wp\/v2\/media\/72961"}],"wp:attachment":[{"href":"https:\/\/infoecos.com.ar\/index.php\/wp-json\/wp\/v2\/media?parent=72960"}],"wp:term":[{"taxonomy":"category","embeddable":true,"href":"https:\/\/infoecos.com.ar\/index.php\/wp-json\/wp\/v2\/categories?post=72960"},{"taxonomy":"post_tag","embeddable":true,"href":"https:\/\/infoecos.com.ar\/index.php\/wp-json\/wp\/v2\/tags?post=72960"}],"curies":[{"name":"wp","href":"https:\/\/api.w.org\/{rel}","templated":true}]}}