{"id":72985,"date":"2021-01-20T01:35:04","date_gmt":"2021-01-20T04:35:04","guid":{"rendered":"http:\/\/infoecos.com.ar\/?p=72985"},"modified":"2021-01-21T01:17:33","modified_gmt":"2021-01-21T04:17:33","slug":"lamentable-robaron-en-la-sede-de-anin-y-se-llevaron-la-computadora-con-los-datos-sobre-los-ninos-que-concurren","status":"publish","type":"post","link":"https:\/\/infoecos.com.ar\/index.php\/lamentable-robaron-en-la-sede-de-anin-y-se-llevaron-la-computadora-con-los-datos-sobre-los-ninos-que-concurren\/","title":{"rendered":"Lamentable: robaron en la sede de ANIN y se llevaron la computadora con los datos sobre los ni\u00f1os que concurren"},"content":{"rendered":"\n<p>Robaron en la sede de ANIN, una de las entidades de bien p\u00fablico, sin ning\u00fan fin de lucro, que viene realizando una \u00edmproba tarea en beneficio de los dem\u00e1s, muy especialmente para contribuir a la nutrici\u00f3n infantil.<\/p>\n\n\n\n<div class=\"wp-block-image\"><figure class=\"aligncenter size-medium\"><img loading=\"lazy\" decoding=\"async\" width=\"460\" height=\"295\" src=\"http:\/\/infoecos.com.ar\/wp-content\/uploads\/2021\/01\/anin-460x295.jpg\" alt=\"\" class=\"wp-image-72986\" srcset=\"https:\/\/infoecos.com.ar\/wp-content\/uploads\/2021\/01\/anin-460x295.jpg 460w, https:\/\/infoecos.com.ar\/wp-content\/uploads\/2021\/01\/anin-920x590.jpg 920w, https:\/\/infoecos.com.ar\/wp-content\/uploads\/2021\/01\/anin-768x492.jpg 768w, https:\/\/infoecos.com.ar\/wp-content\/uploads\/2021\/01\/anin-1024x656.jpg 1024w, https:\/\/infoecos.com.ar\/wp-content\/uploads\/2021\/01\/anin.jpg 1200w\" sizes=\"(max-width: 460px) 100vw, 460px\" \/><\/figure><\/div>\n\n\n\n<p>A trav\u00e9s de las redes sociales la entidad hizo saber que se comprob\u00f3 hab\u00eda sido sustra\u00edda una computadora notebook marca Sony, de color negra, y cuyo costo es muy alto. Dicho elemento tecnol\u00f3gico es utilizado por las nutricionistas de la instituci\u00f3n y est\u00e1 registrada la informaci\u00f3n sobre cada ni\u00f1o que concurre. <\/p>\n\n\n\n<p>En la comunicaci\u00f3n que hicieron p\u00fablica a trav\u00e9s de las redes sociales se\u00f1alan que se encontraron con mucho desorden en el lugar. <\/p>\n\n\n\n<p>Se hizo un pedido a la comunidad para que colabore en la difusi\u00f3n del mensaje y que si se reciben ofertas sobre una m\u00e1quina computadora de las caracter\u00edsticas apuntadas lo comuniquen de inmediato, en virtud de la utilidad que brinda a la entidad. <\/p>\n","protected":false},"excerpt":{"rendered":"<p>A trav\u00e9s de las redes sociales la entidad hizo saber que se comprob\u00f3 hab\u00eda sido sustra\u00edda una computadora notebook marca Sony, de color negra, y cuyo costo es muy alto<\/p>\n","protected":false},"author":2,"featured_media":72986,"comment_status":"closed","ping_status":"open","sticky":false,"template":"","format":"standard","meta":{"footnotes":""},"categories":[40],"tags":[2647],"class_list":["post-72985","post","type-post","status-publish","format-standard","has-post-thumbnail","hentry","category-inferior1","tag-pedido-de-colaboracion-a-la-comunidad"],"yoast_head":"<!-- This site is optimized with the Yoast SEO plugin v23.4 - https:\/\/yoast.com\/wordpress\/plugins\/seo\/ -->\n<title>Lamentable: robaron en la sede de ANIN y se llevaron la computadora con los datos sobre los ni\u00f1os que concurren - Infoecos<\/title>\n<meta name=\"robots\" content=\"index, follow, max-snippet:-1, max-image-preview:large, max-video-preview:-1\" \/>\n<link rel=\"canonical\" href=\"https:\/\/infoecos.com.ar\/index.php\/lamentable-robaron-en-la-sede-de-anin-y-se-llevaron-la-computadora-con-los-datos-sobre-los-ninos-que-concurren\/\" \/>\n<meta property=\"og:locale\" content=\"es_ES\" \/>\n<meta property=\"og:type\" content=\"article\" \/>\n<meta property=\"og:title\" content=\"Lamentable: robaron en la sede de ANIN y se llevaron la computadora con los datos sobre los ni\u00f1os que concurren - Infoecos\" \/>\n<meta property=\"og:description\" content=\"A trav\u00e9s de las redes sociales la entidad hizo saber que se comprob\u00f3 hab\u00eda sido sustra\u00edda una computadora notebook marca Sony, de color negra, y cuyo costo es muy alto\" \/>\n<meta property=\"og:url\" content=\"https:\/\/infoecos.com.ar\/index.php\/lamentable-robaron-en-la-sede-de-anin-y-se-llevaron-la-computadora-con-los-datos-sobre-los-ninos-que-concurren\/\" \/>\n<meta property=\"og:site_name\" content=\"Infoecos\" \/>\n<meta property=\"article:publisher\" content=\"https:\/\/www.facebook.com\/profile.php?id=100063200290284\" \/>\n<meta property=\"article:published_time\" content=\"2021-01-20T04:35:04+00:00\" \/>\n<meta property=\"article:modified_time\" content=\"2021-01-21T04:17:33+00:00\" \/>\n<meta property=\"og:image\" content=\"https:\/\/infoecos.com.ar\/wp-content\/uploads\/2021\/01\/anin.jpg\" \/>\n\t<meta property=\"og:image:width\" content=\"1200\" \/>\n\t<meta property=\"og:image:height\" content=\"769\" \/>\n\t<meta property=\"og:image:type\" content=\"image\/jpeg\" \/>\n<meta name=\"author\" content=\"Jorge Matheus\" \/>\n<meta name=\"twitter:card\" content=\"summary_large_image\" \/>\n<meta name=\"twitter:creator\" content=\"@infoecos\" \/>\n<meta name=\"twitter:site\" content=\"@infoecos\" \/>\n<meta name=\"twitter:label1\" content=\"Escrito por\" \/>\n\t<meta name=\"twitter:data1\" content=\"Jorge Matheus\" \/>\n\t<meta name=\"twitter:label2\" content=\"Tiempo de lectura\" \/>\n\t<meta name=\"twitter:data2\" content=\"1 minuto\" \/>\n<script type=\"application\/ld+json\" class=\"yoast-schema-graph\">{\"@context\":\"https:\/\/schema.org\",\"@graph\":[{\"@type\":\"Article\",\"@id\":\"https:\/\/infoecos.com.ar\/index.php\/lamentable-robaron-en-la-sede-de-anin-y-se-llevaron-la-computadora-con-los-datos-sobre-los-ninos-que-concurren\/#article\",\"isPartOf\":{\"@id\":\"https:\/\/infoecos.com.ar\/index.php\/lamentable-robaron-en-la-sede-de-anin-y-se-llevaron-la-computadora-con-los-datos-sobre-los-ninos-que-concurren\/\"},\"author\":{\"name\":\"Jorge Matheus\",\"@id\":\"https:\/\/infoecos.com.ar\/#\/schema\/person\/8f5ace5ce73b4b4aac4b7245aee6f191\"},\"headline\":\"Lamentable: robaron en la sede de ANIN y se llevaron la computadora con los datos sobre los ni\u00f1os que concurren\",\"datePublished\":\"2021-01-20T04:35:04+00:00\",\"dateModified\":\"2021-01-21T04:17:33+00:00\",\"mainEntityOfPage\":{\"@id\":\"https:\/\/infoecos.com.ar\/index.php\/lamentable-robaron-en-la-sede-de-anin-y-se-llevaron-la-computadora-con-los-datos-sobre-los-ninos-que-concurren\/\"},\"wordCount\":192,\"publisher\":{\"@id\":\"https:\/\/infoecos.com.ar\/#organization\"},\"image\":{\"@id\":\"https:\/\/infoecos.com.ar\/index.php\/lamentable-robaron-en-la-sede-de-anin-y-se-llevaron-la-computadora-con-los-datos-sobre-los-ninos-que-concurren\/#primaryimage\"},\"thumbnailUrl\":\"https:\/\/infoecos.com.ar\/wp-content\/uploads\/2021\/01\/anin.jpg\",\"keywords\":[\"PEDIDO DE COLABORACI\u00d3N A LA COMUNIDAD\"],\"articleSection\":[\"Bloque inferior - 1\"],\"inLanguage\":\"es\"},{\"@type\":\"WebPage\",\"@id\":\"https:\/\/infoecos.com.ar\/index.php\/lamentable-robaron-en-la-sede-de-anin-y-se-llevaron-la-computadora-con-los-datos-sobre-los-ninos-que-concurren\/\",\"url\":\"https:\/\/infoecos.com.ar\/index.php\/lamentable-robaron-en-la-sede-de-anin-y-se-llevaron-la-computadora-con-los-datos-sobre-los-ninos-que-concurren\/\",\"name\":\"Lamentable: robaron en la sede de ANIN y se llevaron la computadora con los datos sobre los ni\u00f1os que concurren - Infoecos\",\"isPartOf\":{\"@id\":\"https:\/\/infoecos.com.ar\/#website\"},\"primaryImageOfPage\":{\"@id\":\"https:\/\/infoecos.com.ar\/index.php\/lamentable-robaron-en-la-sede-de-anin-y-se-llevaron-la-computadora-con-los-datos-sobre-los-ninos-que-concurren\/#primaryimage\"},\"image\":{\"@id\":\"https:\/\/infoecos.com.ar\/index.php\/lamentable-robaron-en-la-sede-de-anin-y-se-llevaron-la-computadora-con-los-datos-sobre-los-ninos-que-concurren\/#primaryimage\"},\"thumbnailUrl\":\"https:\/\/infoecos.com.ar\/wp-content\/uploads\/2021\/01\/anin.jpg\",\"datePublished\":\"2021-01-20T04:35:04+00:00\",\"dateModified\":\"2021-01-21T04:17:33+00:00\",\"breadcrumb\":{\"@id\":\"https:\/\/infoecos.com.ar\/index.php\/lamentable-robaron-en-la-sede-de-anin-y-se-llevaron-la-computadora-con-los-datos-sobre-los-ninos-que-concurren\/#breadcrumb\"},\"inLanguage\":\"es\",\"potentialAction\":[{\"@type\":\"ReadAction\",\"target\":[\"https:\/\/infoecos.com.ar\/index.php\/lamentable-robaron-en-la-sede-de-anin-y-se-llevaron-la-computadora-con-los-datos-sobre-los-ninos-que-concurren\/\"]}]},{\"@type\":\"ImageObject\",\"inLanguage\":\"es\",\"@id\":\"https:\/\/infoecos.com.ar\/index.php\/lamentable-robaron-en-la-sede-de-anin-y-se-llevaron-la-computadora-con-los-datos-sobre-los-ninos-que-concurren\/#primaryimage\",\"url\":\"https:\/\/infoecos.com.ar\/wp-content\/uploads\/2021\/01\/anin.jpg\",\"contentUrl\":\"https:\/\/infoecos.com.ar\/wp-content\/uploads\/2021\/01\/anin.jpg\",\"width\":1200,\"height\":769},{\"@type\":\"BreadcrumbList\",\"@id\":\"https:\/\/infoecos.com.ar\/index.php\/lamentable-robaron-en-la-sede-de-anin-y-se-llevaron-la-computadora-con-los-datos-sobre-los-ninos-que-concurren\/#breadcrumb\",\"itemListElement\":[{\"@type\":\"ListItem\",\"position\":1,\"name\":\"Portada\",\"item\":\"https:\/\/infoecos.com.ar\/\"},{\"@type\":\"ListItem\",\"position\":2,\"name\":\"Lamentable: robaron en la sede de ANIN y se llevaron la computadora con los datos sobre los ni\u00f1os que concurren\"}]},{\"@type\":\"WebSite\",\"@id\":\"https:\/\/infoecos.com.ar\/#website\",\"url\":\"https:\/\/infoecos.com.ar\/\",\"name\":\"Infoecos\",\"description\":\"Noticias de trenque lauquen y la zona\",\"publisher\":{\"@id\":\"https:\/\/infoecos.com.ar\/#organization\"},\"alternateName\":\"Noticias\",\"potentialAction\":[{\"@type\":\"SearchAction\",\"target\":{\"@type\":\"EntryPoint\",\"urlTemplate\":\"https:\/\/infoecos.com.ar\/?s={search_term_string}\"},\"query-input\":{\"@type\":\"PropertyValueSpecification\",\"valueRequired\":true,\"valueName\":\"search_term_string\"}}],\"inLanguage\":\"es\"},{\"@type\":\"Organization\",\"@id\":\"https:\/\/infoecos.com.ar\/#organization\",\"name\":\"Infoecos\",\"alternateName\":\"Noticias\",\"url\":\"https:\/\/infoecos.com.ar\/\",\"logo\":{\"@type\":\"ImageObject\",\"inLanguage\":\"es\",\"@id\":\"https:\/\/infoecos.com.ar\/#\/schema\/logo\/image\/\",\"url\":\"https:\/\/infoecos.com.ar\/wp-content\/uploads\/2024\/03\/cropped-logo.png\",\"contentUrl\":\"https:\/\/infoecos.com.ar\/wp-content\/uploads\/2024\/03\/cropped-logo.png\",\"width\":374,\"height\":90,\"caption\":\"Infoecos\"},\"image\":{\"@id\":\"https:\/\/infoecos.com.ar\/#\/schema\/logo\/image\/\"},\"sameAs\":[\"https:\/\/www.facebook.com\/profile.php?id=100063200290284\",\"https:\/\/x.com\/infoecos\"]},{\"@type\":\"Person\",\"@id\":\"https:\/\/infoecos.com.ar\/#\/schema\/person\/8f5ace5ce73b4b4aac4b7245aee6f191\",\"name\":\"Jorge Matheus\",\"url\":\"https:\/\/infoecos.com.ar\/index.php\/author\/jomatheus\/\"}]}<\/script>\n<!-- \/ Yoast SEO plugin. -->","yoast_head_json":{"title":"Lamentable: robaron en la sede de ANIN y se llevaron la computadora con los datos sobre los ni\u00f1os que concurren - Infoecos","robots":{"index":"index","follow":"follow","max-snippet":"max-snippet:-1","max-image-preview":"max-image-preview:large","max-video-preview":"max-video-preview:-1"},"canonical":"https:\/\/infoecos.com.ar\/index.php\/lamentable-robaron-en-la-sede-de-anin-y-se-llevaron-la-computadora-con-los-datos-sobre-los-ninos-que-concurren\/","og_locale":"es_ES","og_type":"article","og_title":"Lamentable: robaron en la sede de ANIN y se llevaron la computadora con los datos sobre los ni\u00f1os que concurren - Infoecos","og_description":"A trav\u00e9s de las redes sociales la entidad hizo saber que se comprob\u00f3 hab\u00eda sido sustra\u00edda una computadora notebook marca Sony, de color negra, y cuyo costo es muy alto","og_url":"https:\/\/infoecos.com.ar\/index.php\/lamentable-robaron-en-la-sede-de-anin-y-se-llevaron-la-computadora-con-los-datos-sobre-los-ninos-que-concurren\/","og_site_name":"Infoecos","article_publisher":"https:\/\/www.facebook.com\/profile.php?id=100063200290284","article_published_time":"2021-01-20T04:35:04+00:00","article_modified_time":"2021-01-21T04:17:33+00:00","og_image":[{"width":1200,"height":769,"url":"https:\/\/infoecos.com.ar\/wp-content\/uploads\/2021\/01\/anin.jpg","type":"image\/jpeg"}],"author":"Jorge Matheus","twitter_card":"summary_large_image","twitter_creator":"@infoecos","twitter_site":"@infoecos","twitter_misc":{"Escrito por":"Jorge Matheus","Tiempo de lectura":"1 minuto"},"schema":{"@context":"https:\/\/schema.org","@graph":[{"@type":"Article","@id":"https:\/\/infoecos.com.ar\/index.php\/lamentable-robaron-en-la-sede-de-anin-y-se-llevaron-la-computadora-con-los-datos-sobre-los-ninos-que-concurren\/#article","isPartOf":{"@id":"https:\/\/infoecos.com.ar\/index.php\/lamentable-robaron-en-la-sede-de-anin-y-se-llevaron-la-computadora-con-los-datos-sobre-los-ninos-que-concurren\/"},"author":{"name":"Jorge Matheus","@id":"https:\/\/infoecos.com.ar\/#\/schema\/person\/8f5ace5ce73b4b4aac4b7245aee6f191"},"headline":"Lamentable: robaron en la sede de ANIN y se llevaron la computadora con los datos sobre los ni\u00f1os que concurren","datePublished":"2021-01-20T04:35:04+00:00","dateModified":"2021-01-21T04:17:33+00:00","mainEntityOfPage":{"@id":"https:\/\/infoecos.com.ar\/index.php\/lamentable-robaron-en-la-sede-de-anin-y-se-llevaron-la-computadora-con-los-datos-sobre-los-ninos-que-concurren\/"},"wordCount":192,"publisher":{"@id":"https:\/\/infoecos.com.ar\/#organization"},"image":{"@id":"https:\/\/infoecos.com.ar\/index.php\/lamentable-robaron-en-la-sede-de-anin-y-se-llevaron-la-computadora-con-los-datos-sobre-los-ninos-que-concurren\/#primaryimage"},"thumbnailUrl":"https:\/\/infoecos.com.ar\/wp-content\/uploads\/2021\/01\/anin.jpg","keywords":["PEDIDO DE COLABORACI\u00d3N A LA COMUNIDAD"],"articleSection":["Bloque inferior - 1"],"inLanguage":"es"},{"@type":"WebPage","@id":"https:\/\/infoecos.com.ar\/index.php\/lamentable-robaron-en-la-sede-de-anin-y-se-llevaron-la-computadora-con-los-datos-sobre-los-ninos-que-concurren\/","url":"https:\/\/infoecos.com.ar\/index.php\/lamentable-robaron-en-la-sede-de-anin-y-se-llevaron-la-computadora-con-los-datos-sobre-los-ninos-que-concurren\/","name":"Lamentable: robaron en la sede de ANIN y se llevaron la computadora con los datos sobre los ni\u00f1os que concurren - Infoecos","isPartOf":{"@id":"https:\/\/infoecos.com.ar\/#website"},"primaryImageOfPage":{"@id":"https:\/\/infoecos.com.ar\/index.php\/lamentable-robaron-en-la-sede-de-anin-y-se-llevaron-la-computadora-con-los-datos-sobre-los-ninos-que-concurren\/#primaryimage"},"image":{"@id":"https:\/\/infoecos.com.ar\/index.php\/lamentable-robaron-en-la-sede-de-anin-y-se-llevaron-la-computadora-con-los-datos-sobre-los-ninos-que-concurren\/#primaryimage"},"thumbnailUrl":"https:\/\/infoecos.com.ar\/wp-content\/uploads\/2021\/01\/anin.jpg","datePublished":"2021-01-20T04:35:04+00:00","dateModified":"2021-01-21T04:17:33+00:00","breadcrumb":{"@id":"https:\/\/infoecos.com.ar\/index.php\/lamentable-robaron-en-la-sede-de-anin-y-se-llevaron-la-computadora-con-los-datos-sobre-los-ninos-que-concurren\/#breadcrumb"},"inLanguage":"es","potentialAction":[{"@type":"ReadAction","target":["https:\/\/infoecos.com.ar\/index.php\/lamentable-robaron-en-la-sede-de-anin-y-se-llevaron-la-computadora-con-los-datos-sobre-los-ninos-que-concurren\/"]}]},{"@type":"ImageObject","inLanguage":"es","@id":"https:\/\/infoecos.com.ar\/index.php\/lamentable-robaron-en-la-sede-de-anin-y-se-llevaron-la-computadora-con-los-datos-sobre-los-ninos-que-concurren\/#primaryimage","url":"https:\/\/infoecos.com.ar\/wp-content\/uploads\/2021\/01\/anin.jpg","contentUrl":"https:\/\/infoecos.com.ar\/wp-content\/uploads\/2021\/01\/anin.jpg","width":1200,"height":769},{"@type":"BreadcrumbList","@id":"https:\/\/infoecos.com.ar\/index.php\/lamentable-robaron-en-la-sede-de-anin-y-se-llevaron-la-computadora-con-los-datos-sobre-los-ninos-que-concurren\/#breadcrumb","itemListElement":[{"@type":"ListItem","position":1,"name":"Portada","item":"https:\/\/infoecos.com.ar\/"},{"@type":"ListItem","position":2,"name":"Lamentable: robaron en la sede de ANIN y se llevaron la computadora con los datos sobre los ni\u00f1os que concurren"}]},{"@type":"WebSite","@id":"https:\/\/infoecos.com.ar\/#website","url":"https:\/\/infoecos.com.ar\/","name":"Infoecos","description":"Noticias de trenque lauquen y la zona","publisher":{"@id":"https:\/\/infoecos.com.ar\/#organization"},"alternateName":"Noticias","potentialAction":[{"@type":"SearchAction","target":{"@type":"EntryPoint","urlTemplate":"https:\/\/infoecos.com.ar\/?s={search_term_string}"},"query-input":{"@type":"PropertyValueSpecification","valueRequired":true,"valueName":"search_term_string"}}],"inLanguage":"es"},{"@type":"Organization","@id":"https:\/\/infoecos.com.ar\/#organization","name":"Infoecos","alternateName":"Noticias","url":"https:\/\/infoecos.com.ar\/","logo":{"@type":"ImageObject","inLanguage":"es","@id":"https:\/\/infoecos.com.ar\/#\/schema\/logo\/image\/","url":"https:\/\/infoecos.com.ar\/wp-content\/uploads\/2024\/03\/cropped-logo.png","contentUrl":"https:\/\/infoecos.com.ar\/wp-content\/uploads\/2024\/03\/cropped-logo.png","width":374,"height":90,"caption":"Infoecos"},"image":{"@id":"https:\/\/infoecos.com.ar\/#\/schema\/logo\/image\/"},"sameAs":["https:\/\/www.facebook.com\/profile.php?id=100063200290284","https:\/\/x.com\/infoecos"]},{"@type":"Person","@id":"https:\/\/infoecos.com.ar\/#\/schema\/person\/8f5ace5ce73b4b4aac4b7245aee6f191","name":"Jorge Matheus","url":"https:\/\/infoecos.com.ar\/index.php\/author\/jomatheus\/"}]}},"featured_image_urls":{"full":["https:\/\/infoecos.com.ar\/wp-content\/uploads\/2021\/01\/anin.jpg",1200,769,false],"thumbnail":["https:\/\/infoecos.com.ar\/wp-content\/uploads\/2021\/01\/anin-150x150.jpg",150,150,true],"medium":["https:\/\/infoecos.com.ar\/wp-content\/uploads\/2021\/01\/anin-460x295.jpg",460,295,true],"medium_large":["https:\/\/infoecos.com.ar\/wp-content\/uploads\/2021\/01\/anin-768x492.jpg",640,410,true],"large":["https:\/\/infoecos.com.ar\/wp-content\/uploads\/2021\/01\/anin-920x590.jpg",640,410,true],"1536x1536":["https:\/\/infoecos.com.ar\/wp-content\/uploads\/2021\/01\/anin.jpg",1200,769,false],"2048x2048":["https:\/\/infoecos.com.ar\/wp-content\/uploads\/2021\/01\/anin.jpg",1200,769,false],"covernews-slider-full":["https:\/\/infoecos.com.ar\/wp-content\/uploads\/2021\/01\/anin.jpg",1115,715,false],"covernews-slider-center":["https:\/\/infoecos.com.ar\/wp-content\/uploads\/2021\/01\/anin-936x769.jpg",609,500,true],"covernews-featured":["https:\/\/infoecos.com.ar\/wp-content\/uploads\/2021\/01\/anin-1024x656.jpg",1024,656,true],"covernews-medium":["https:\/\/infoecos.com.ar\/wp-content\/uploads\/2021\/01\/anin-720x380.jpg",540,285,true],"covernews-medium-square":["https:\/\/infoecos.com.ar\/wp-content\/uploads\/2021\/01\/anin-675x450.jpg",375,250,true]},"author_info":{"info":["Jorge Matheus"]},"category_info":"<a href=\"https:\/\/infoecos.com.ar\/index.php\/category\/inferior1\/\" rel=\"category tag\">Bloque inferior - 1<\/a>","tag_info":"Bloque inferior - 1","comment_count":"0","_links":{"self":[{"href":"https:\/\/infoecos.com.ar\/index.php\/wp-json\/wp\/v2\/posts\/72985"}],"collection":[{"href":"https:\/\/infoecos.com.ar\/index.php\/wp-json\/wp\/v2\/posts"}],"about":[{"href":"https:\/\/infoecos.com.ar\/index.php\/wp-json\/wp\/v2\/types\/post"}],"author":[{"embeddable":true,"href":"https:\/\/infoecos.com.ar\/index.php\/wp-json\/wp\/v2\/users\/2"}],"replies":[{"embeddable":true,"href":"https:\/\/infoecos.com.ar\/index.php\/wp-json\/wp\/v2\/comments?post=72985"}],"version-history":[{"count":1,"href":"https:\/\/infoecos.com.ar\/index.php\/wp-json\/wp\/v2\/posts\/72985\/revisions"}],"predecessor-version":[{"id":72987,"href":"https:\/\/infoecos.com.ar\/index.php\/wp-json\/wp\/v2\/posts\/72985\/revisions\/72987"}],"wp:featuredmedia":[{"embeddable":true,"href":"https:\/\/infoecos.com.ar\/index.php\/wp-json\/wp\/v2\/media\/72986"}],"wp:attachment":[{"href":"https:\/\/infoecos.com.ar\/index.php\/wp-json\/wp\/v2\/media?parent=72985"}],"wp:term":[{"taxonomy":"category","embeddable":true,"href":"https:\/\/infoecos.com.ar\/index.php\/wp-json\/wp\/v2\/categories?post=72985"},{"taxonomy":"post_tag","embeddable":true,"href":"https:\/\/infoecos.com.ar\/index.php\/wp-json\/wp\/v2\/tags?post=72985"}],"curies":[{"name":"wp","href":"https:\/\/api.w.org\/{rel}","templated":true}]}}