{"id":72988,"date":"2021-01-20T01:43:45","date_gmt":"2021-01-20T04:43:45","guid":{"rendered":"http:\/\/infoecos.com.ar\/?p=72988"},"modified":"2021-01-21T01:51:21","modified_gmt":"2021-01-21T04:51:21","slug":"se-licitaron-obras-de-repavimentacion-para-la-ruta-30-en-el-distrito-de-chivilcoy","status":"publish","type":"post","link":"https:\/\/infoecos.com.ar\/index.php\/se-licitaron-obras-de-repavimentacion-para-la-ruta-30-en-el-distrito-de-chivilcoy\/","title":{"rendered":"Se licitaron obras de repavimentaci\u00f3n para la Ruta 30 en el distrito de Chivilcoy"},"content":{"rendered":"\n<p class=\"wp-block-paragraph\">La Direcci\u00f3n de Vialidad de la Provincia de Buenos Aires, dependiente de la Subsecretar\u00eda de Obras P\u00fablicas, licit\u00f3 las obras de repavimentaci\u00f3n de las Rutas 30 y 51.<\/p>\n\n\n\n<div class=\"wp-block-image\"><figure class=\"aligncenter size-medium\"><img loading=\"lazy\" decoding=\"async\" width=\"460\" height=\"325\" src=\"http:\/\/infoecos.com.ar\/wp-content\/uploads\/2021\/01\/R.-P.-30-sub-tramo1-01-460x325.jpg\" alt=\"\" class=\"wp-image-72989\" srcset=\"https:\/\/infoecos.com.ar\/wp-content\/uploads\/2021\/01\/R.-P.-30-sub-tramo1-01-460x325.jpg 460w, https:\/\/infoecos.com.ar\/wp-content\/uploads\/2021\/01\/R.-P.-30-sub-tramo1-01-920x650.jpg 920w, https:\/\/infoecos.com.ar\/wp-content\/uploads\/2021\/01\/R.-P.-30-sub-tramo1-01-768x543.jpg 768w, https:\/\/infoecos.com.ar\/wp-content\/uploads\/2021\/01\/R.-P.-30-sub-tramo1-01-1536x1086.jpg 1536w, https:\/\/infoecos.com.ar\/wp-content\/uploads\/2021\/01\/R.-P.-30-sub-tramo1-01-2048x1448.jpg 2048w, https:\/\/infoecos.com.ar\/wp-content\/uploads\/2021\/01\/R.-P.-30-sub-tramo1-01-1024x724.jpg 1024w\" sizes=\"auto, (max-width: 460px) 100vw, 460px\" \/><\/figure><\/div>\n\n\n\n<p class=\"wp-block-paragraph\">\u201cSeguimos poniendo en marcha el Plan Quinquenal, desarrollado e impulsado por el Gobernador Kicillof, con el objetivo de mejorar la calidad de vida de las y los bonaerenses\u201d, explic\u00f3 el administrador de Vialidad, Ra\u00fal Costantino, y a\u00f1adi\u00f3: \u201cComo se\u00f1ala el Ministro Simone, la ejecuci\u00f3n de las obras reactiva la econom\u00eda y brinda m\u00e1s puestos de trabajo\u201d.<\/p>\n\n\n\n<p class=\"wp-block-paragraph\">Por su parte, el subsecretario de Transporte bonaerense, Alejo Supply, expres\u00f3: \u201cEstoy muy feliz de poder estar presente en este acto, ya que se trata de obras estrat\u00e9gicas para el crecimiento de la Provincia\u201d.<\/p>\n\n\n\n<div class=\"wp-block-image\"><figure class=\"aligncenter size-medium\"><img loading=\"lazy\" decoding=\"async\" width=\"460\" height=\"307\" src=\"http:\/\/infoecos.com.ar\/wp-content\/uploads\/2021\/01\/Apertura-de-sobres-Costantino-460x307.jpg\" alt=\"\" class=\"wp-image-72990\" srcset=\"https:\/\/infoecos.com.ar\/wp-content\/uploads\/2021\/01\/Apertura-de-sobres-Costantino-460x307.jpg 460w, https:\/\/infoecos.com.ar\/wp-content\/uploads\/2021\/01\/Apertura-de-sobres-Costantino-920x614.jpg 920w, https:\/\/infoecos.com.ar\/wp-content\/uploads\/2021\/01\/Apertura-de-sobres-Costantino-768x513.jpg 768w, https:\/\/infoecos.com.ar\/wp-content\/uploads\/2021\/01\/Apertura-de-sobres-Costantino-1536x1025.jpg 1536w, https:\/\/infoecos.com.ar\/wp-content\/uploads\/2021\/01\/Apertura-de-sobres-Costantino-2048x1367.jpg 2048w, https:\/\/infoecos.com.ar\/wp-content\/uploads\/2021\/01\/Apertura-de-sobres-Costantino-1024x684.jpg 1024w, https:\/\/infoecos.com.ar\/wp-content\/uploads\/2021\/01\/Apertura-de-sobres-Costantino-675x450.jpg 675w\" sizes=\"auto, (max-width: 460px) 100vw, 460px\" \/><\/figure><\/div>\n\n\n\n<p class=\"wp-block-paragraph\"><strong>Ruta 30:<\/strong><\/p>\n\n\n\n<p class=\"wp-block-paragraph\">Se licit\u00f3 la repavimentaci\u00f3n de la Ruta Provincial 30, en el tramo comprendido entre la Ruta Nacional 5 y el acceso a Moquehu\u00e1, en jurisdicci\u00f3n del partido de Chivilcoy. Los trabajos implican la reconformaci\u00f3n de banquinas, la construcci\u00f3n de las intersecciones tipo empalme a las localidades La Rica y Moquehu\u00e1 y se\u00f1alizaci\u00f3n horizontal y vertical.<\/p>\n\n\n\n<p class=\"wp-block-paragraph\">A su vez, se ejecutar\u00e1 la instalaci\u00f3n de elementos de iluminaci\u00f3n para la intersecci\u00f3n de Ruta 30 con La Rica y Moquehu\u00e1, se prolongar\u00e1n las luminarias existentes y se reemplazar\u00e1n las luminarias de sodio por unas tipo LED. <\/p>\n\n\n\n<p class=\"wp-block-paragraph\">Asimismo, se realizar\u00e1n tareas de mantenimiento de alcantarillas transversales y trabajos de colocaci\u00f3n de barandas de defensa vehicular. El presupuesto oficial es de $655.044.596, 75.<\/p>\n","protected":false},"excerpt":{"rendered":"<p>Se licit\u00f3 la repavimentaci\u00f3n de la Ruta Provincial 30, en el tramo comprendido entre la Ruta Nacional 5 y el acceso a Moquehu\u00e1<\/p>\n","protected":false},"author":2,"featured_media":72989,"comment_status":"closed","ping_status":"open","sticky":false,"template":"","format":"standard","meta":{"footnotes":""},"categories":[44],"tags":[2648],"class_list":["post-72988","post","type-post","status-publish","format-standard","has-post-thumbnail","hentry","category-inferior5","tag-vialidad-de-buenos-aires"],"featured_image_urls":{"full":["https:\/\/infoecos.com.ar\/wp-content\/uploads\/2021\/01\/R.-P.-30-sub-tramo1-01-scaled.jpg",2560,1810,false],"thumbnail":["https:\/\/infoecos.com.ar\/wp-content\/uploads\/2021\/01\/R.-P.-30-sub-tramo1-01-150x150.jpg",150,150,true],"medium":["https:\/\/infoecos.com.ar\/wp-content\/uploads\/2021\/01\/R.-P.-30-sub-tramo1-01-460x325.jpg",460,325,true],"medium_large":["https:\/\/infoecos.com.ar\/wp-content\/uploads\/2021\/01\/R.-P.-30-sub-tramo1-01-768x543.jpg",640,453,true],"large":["https:\/\/infoecos.com.ar\/wp-content\/uploads\/2021\/01\/R.-P.-30-sub-tramo1-01-920x650.jpg",640,452,true],"1536x1536":["https:\/\/infoecos.com.ar\/wp-content\/uploads\/2021\/01\/R.-P.-30-sub-tramo1-01-1536x1086.jpg",1536,1086,true],"2048x2048":["https:\/\/infoecos.com.ar\/wp-content\/uploads\/2021\/01\/R.-P.-30-sub-tramo1-01-2048x1448.jpg",2048,1448,true],"covernews-slider-full":["https:\/\/infoecos.com.ar\/wp-content\/uploads\/2021\/01\/R.-P.-30-sub-tramo1-01-1536x1020.jpg",1077,715,true],"covernews-slider-center":["https:\/\/infoecos.com.ar\/wp-content\/uploads\/2021\/01\/R.-P.-30-sub-tramo1-01-936x897.jpg",522,500,true],"covernews-featured":["https:\/\/infoecos.com.ar\/wp-content\/uploads\/2021\/01\/R.-P.-30-sub-tramo1-01-1024x724.jpg",1024,724,true],"covernews-medium":["https:\/\/infoecos.com.ar\/wp-content\/uploads\/2021\/01\/R.-P.-30-sub-tramo1-01-720x380.jpg",540,285,true],"covernews-medium-square":["https:\/\/infoecos.com.ar\/wp-content\/uploads\/2021\/01\/R.-P.-30-sub-tramo1-01-675x450.jpg",375,250,true]},"author_info":{"info":["Jorge Matheus"]},"category_info":"<a href=\"https:\/\/infoecos.com.ar\/index.php\/category\/inferior5\/\" rel=\"category tag\">Bloque inferior - 5<\/a>","tag_info":"Bloque inferior - 5","comment_count":"0","_links":{"self":[{"href":"https:\/\/infoecos.com.ar\/index.php\/wp-json\/wp\/v2\/posts\/72988","targetHints":{"allow":["GET"]}}],"collection":[{"href":"https:\/\/infoecos.com.ar\/index.php\/wp-json\/wp\/v2\/posts"}],"about":[{"href":"https:\/\/infoecos.com.ar\/index.php\/wp-json\/wp\/v2\/types\/post"}],"author":[{"embeddable":true,"href":"https:\/\/infoecos.com.ar\/index.php\/wp-json\/wp\/v2\/users\/2"}],"replies":[{"embeddable":true,"href":"https:\/\/infoecos.com.ar\/index.php\/wp-json\/wp\/v2\/comments?post=72988"}],"version-history":[{"count":1,"href":"https:\/\/infoecos.com.ar\/index.php\/wp-json\/wp\/v2\/posts\/72988\/revisions"}],"predecessor-version":[{"id":72991,"href":"https:\/\/infoecos.com.ar\/index.php\/wp-json\/wp\/v2\/posts\/72988\/revisions\/72991"}],"wp:featuredmedia":[{"embeddable":true,"href":"https:\/\/infoecos.com.ar\/index.php\/wp-json\/wp\/v2\/media\/72989"}],"wp:attachment":[{"href":"https:\/\/infoecos.com.ar\/index.php\/wp-json\/wp\/v2\/media?parent=72988"}],"wp:term":[{"taxonomy":"category","embeddable":true,"href":"https:\/\/infoecos.com.ar\/index.php\/wp-json\/wp\/v2\/categories?post=72988"},{"taxonomy":"post_tag","embeddable":true,"href":"https:\/\/infoecos.com.ar\/index.php\/wp-json\/wp\/v2\/tags?post=72988"}],"curies":[{"name":"wp","href":"https:\/\/api.w.org\/{rel}","templated":true}]}}