{"id":73006,"date":"2021-01-20T02:14:13","date_gmt":"2021-01-20T05:14:13","guid":{"rendered":"http:\/\/infoecos.com.ar\/?p=73006"},"modified":"2021-01-21T01:49:19","modified_gmt":"2021-01-21T04:49:19","slug":"se-inicio-la-campana-para-la-aplicacion-de-la-segunda-dosis-de-la-vacuna-sputnik-v","status":"publish","type":"post","link":"https:\/\/infoecos.com.ar\/index.php\/se-inicio-la-campana-para-la-aplicacion-de-la-segunda-dosis-de-la-vacuna-sputnik-v\/","title":{"rendered":"Se inici\u00f3 la campa\u00f1a para la aplicaci\u00f3n de la segunda dosis de la vacuna Sputnik V"},"content":{"rendered":"\n<p class=\"wp-block-paragraph\">Con la presencia del ministro de Salud de la Naci\u00f3n, Gin\u00e9s Gonz\u00e1lez Garc\u00eda; y la secretaria de Acceso a la Salud, Carla Vizzotti; se inicio este martes en el Hospital Posadas de Mor\u00f3n la campa\u00f1a para la aplicaci\u00f3n de la segunda dosis de la vacuna Sputnik V contra el coronavirus que, al igual que en la primera etapa, incluye a todas las provincias de la Argentina.<\/p>\n\n\n\n<div class=\"wp-block-image\"><figure class=\"aligncenter size-medium\"><img loading=\"lazy\" decoding=\"async\" width=\"460\" height=\"259\" src=\"http:\/\/infoecos.com.ar\/wp-content\/uploads\/2021\/01\/gines-460x259.jpg\" alt=\"\" class=\"wp-image-73007\" srcset=\"https:\/\/infoecos.com.ar\/wp-content\/uploads\/2021\/01\/gines-460x259.jpg 460w, https:\/\/infoecos.com.ar\/wp-content\/uploads\/2021\/01\/gines-920x518.jpg 920w, https:\/\/infoecos.com.ar\/wp-content\/uploads\/2021\/01\/gines-768x432.jpg 768w, https:\/\/infoecos.com.ar\/wp-content\/uploads\/2021\/01\/gines.jpg 1004w\" sizes=\"auto, (max-width: 460px) 100vw, 460px\" \/><\/figure><\/div>\n\n\n\n<p class=\"wp-block-paragraph\">\u00abEl programa lo venimos cumpliendo perfectamente bien. Todos saben los problemas que hay en el mundo pero no hemos tenido ninguno de esos inconvenientes, seguimos accediendo a la vacuna de acuerdo a los convenios que hemos firmado\u00bb, asegur\u00f3 Gin\u00e9s, quien ratific\u00f3 que la Argentina se asegur\u00f3 por contratos un poco m\u00e1s de 51 millones de dosis.<\/p>\n\n\n\n<p class=\"wp-block-paragraph\">Adem\u00e1s, el ministro se\u00f1al\u00f3 que el Gobierno nacional sigue manteniendo conversaciones con los laboratorios Moderna, Pfizer, Sinopharm, Cansino y Sonovac para garantizar que no haya faltantes.<\/p>\n","protected":false},"excerpt":{"rendered":"<p>El Gobierno nacional sigue manteniendo conversaciones con los laboratorios Moderna, Pfizer, Sinopharm, Cansino y Sonovac para garantizar que no haya faltantes<\/p>\n","protected":false},"author":2,"featured_media":73007,"comment_status":"closed","ping_status":"open","sticky":false,"template":"","format":"standard","meta":{"footnotes":""},"categories":[41],"tags":[2652],"class_list":["post-73006","post","type-post","status-publish","format-standard","has-post-thumbnail","hentry","category-inferior2","tag-en-el-hospital-posadas-de-moron"],"featured_image_urls":{"full":["https:\/\/infoecos.com.ar\/wp-content\/uploads\/2021\/01\/gines.jpg",1004,565,false],"thumbnail":["https:\/\/infoecos.com.ar\/wp-content\/uploads\/2021\/01\/gines-150x150.jpg",150,150,true],"medium":["https:\/\/infoecos.com.ar\/wp-content\/uploads\/2021\/01\/gines-460x259.jpg",460,259,true],"medium_large":["https:\/\/infoecos.com.ar\/wp-content\/uploads\/2021\/01\/gines-768x432.jpg",640,360,true],"large":["https:\/\/infoecos.com.ar\/wp-content\/uploads\/2021\/01\/gines-920x518.jpg",640,360,true],"1536x1536":["https:\/\/infoecos.com.ar\/wp-content\/uploads\/2021\/01\/gines.jpg",1004,565,false],"2048x2048":["https:\/\/infoecos.com.ar\/wp-content\/uploads\/2021\/01\/gines.jpg",1004,565,false],"covernews-slider-full":["https:\/\/infoecos.com.ar\/wp-content\/uploads\/2021\/01\/gines.jpg",1004,565,false],"covernews-slider-center":["https:\/\/infoecos.com.ar\/wp-content\/uploads\/2021\/01\/gines-936x565.jpg",800,483,true],"covernews-featured":["https:\/\/infoecos.com.ar\/wp-content\/uploads\/2021\/01\/gines.jpg",1004,565,false],"covernews-medium":["https:\/\/infoecos.com.ar\/wp-content\/uploads\/2021\/01\/gines-720x380.jpg",540,285,true],"covernews-medium-square":["https:\/\/infoecos.com.ar\/wp-content\/uploads\/2021\/01\/gines-675x450.jpg",375,250,true]},"author_info":{"info":["Jorge Matheus"]},"category_info":"<a href=\"https:\/\/infoecos.com.ar\/index.php\/category\/inferior2\/\" rel=\"category tag\">Bloque inferior - 2<\/a>","tag_info":"Bloque inferior - 2","comment_count":"0","_links":{"self":[{"href":"https:\/\/infoecos.com.ar\/index.php\/wp-json\/wp\/v2\/posts\/73006","targetHints":{"allow":["GET"]}}],"collection":[{"href":"https:\/\/infoecos.com.ar\/index.php\/wp-json\/wp\/v2\/posts"}],"about":[{"href":"https:\/\/infoecos.com.ar\/index.php\/wp-json\/wp\/v2\/types\/post"}],"author":[{"embeddable":true,"href":"https:\/\/infoecos.com.ar\/index.php\/wp-json\/wp\/v2\/users\/2"}],"replies":[{"embeddable":true,"href":"https:\/\/infoecos.com.ar\/index.php\/wp-json\/wp\/v2\/comments?post=73006"}],"version-history":[{"count":1,"href":"https:\/\/infoecos.com.ar\/index.php\/wp-json\/wp\/v2\/posts\/73006\/revisions"}],"predecessor-version":[{"id":73008,"href":"https:\/\/infoecos.com.ar\/index.php\/wp-json\/wp\/v2\/posts\/73006\/revisions\/73008"}],"wp:featuredmedia":[{"embeddable":true,"href":"https:\/\/infoecos.com.ar\/index.php\/wp-json\/wp\/v2\/media\/73007"}],"wp:attachment":[{"href":"https:\/\/infoecos.com.ar\/index.php\/wp-json\/wp\/v2\/media?parent=73006"}],"wp:term":[{"taxonomy":"category","embeddable":true,"href":"https:\/\/infoecos.com.ar\/index.php\/wp-json\/wp\/v2\/categories?post=73006"},{"taxonomy":"post_tag","embeddable":true,"href":"https:\/\/infoecos.com.ar\/index.php\/wp-json\/wp\/v2\/tags?post=73006"}],"curies":[{"name":"wp","href":"https:\/\/api.w.org\/{rel}","templated":true}]}}