{"id":73027,"date":"2021-01-20T16:50:26","date_gmt":"2021-01-20T19:50:26","guid":{"rendered":"http:\/\/infoecos.com.ar\/?p=73027"},"modified":"2021-01-22T00:47:47","modified_gmt":"2021-01-22T03:47:47","slug":"eden-concluyo-con-la-obra-electrica-que-beneficia-a-salliquelo-pellegrini-tres-lomas-y-zonas-aledanas","status":"publish","type":"post","link":"https:\/\/infoecos.com.ar\/index.php\/eden-concluyo-con-la-obra-electrica-que-beneficia-a-salliquelo-pellegrini-tres-lomas-y-zonas-aledanas\/","title":{"rendered":"EDEN concluy\u00f3 con la obra el\u00e9ctrica que beneficia a Salliquel\u00f3, Pellegrini, Tres Lomas y zonas aleda\u00f1as"},"content":{"rendered":"\n<p class=\"wp-block-paragraph\">EDEN (Empresa Distribuidora de Energ\u00eda Norte) avanz\u00f3 con una importante obra que conecta diferentes puntos de la red. Beneficia los ususarios de Salliquel\u00f3, Pellegrini, Tres Lomas y zonas aleda\u00f1as.<\/p>\n\n\n\n<div class=\"wp-block-image\"><figure class=\"aligncenter size-medium\"><img loading=\"lazy\" decoding=\"async\" width=\"460\" height=\"460\" src=\"http:\/\/infoecos.com.ar\/wp-content\/uploads\/2021\/01\/OBRA-LAMT-PELLEGRINI-MARI-LAUQUEN-460x460.jpg\" alt=\"\" class=\"wp-image-73028\" srcset=\"https:\/\/infoecos.com.ar\/wp-content\/uploads\/2021\/01\/OBRA-LAMT-PELLEGRINI-MARI-LAUQUEN-460x460.jpg 460w, https:\/\/infoecos.com.ar\/wp-content\/uploads\/2021\/01\/OBRA-LAMT-PELLEGRINI-MARI-LAUQUEN-920x920.jpg 920w, https:\/\/infoecos.com.ar\/wp-content\/uploads\/2021\/01\/OBRA-LAMT-PELLEGRINI-MARI-LAUQUEN-150x150.jpg 150w, https:\/\/infoecos.com.ar\/wp-content\/uploads\/2021\/01\/OBRA-LAMT-PELLEGRINI-MARI-LAUQUEN-768x768.jpg 768w, https:\/\/infoecos.com.ar\/wp-content\/uploads\/2021\/01\/OBRA-LAMT-PELLEGRINI-MARI-LAUQUEN-1024x1024.jpg 1024w, https:\/\/infoecos.com.ar\/wp-content\/uploads\/2021\/01\/OBRA-LAMT-PELLEGRINI-MARI-LAUQUEN.jpg 1080w\" sizes=\"auto, (max-width: 460px) 100vw, 460px\" \/><\/figure><\/div>\n\n\n\n<p class=\"wp-block-paragraph\">Se realiz\u00f3 la construcci\u00f3n de 28 km de l\u00ednea a\u00e9rea de 33 kV (media tensi\u00f3n) que conecta a la Estaci\u00f3n Transformadora (ET) Pellegrini con el puesto de medici\u00f3n de Mari Lauquen, que se encuentra entre dicha ET y la Cooperativa Trenque Lauquen.<\/p>\n\n\n\n<p class=\"wp-block-paragraph\">Cabe destacar que toda la traza de esta nueva l\u00ednea se realiz\u00f3 con postes de hormig\u00f3n y postes de la nueva tecnolog\u00eda PRFV (Postes fabricados en Poli\u00e9ster Reforzado con Fibra de Vidrio), brindando mayor seguridad.<\/p>\n\n\n\n<p class=\"wp-block-paragraph\">Para la conexi\u00f3n de esta l\u00ednea, se realiz\u00f3 adem\u00e1s una ampliaci\u00f3n de la ET Pellegrini que comprende la construcci\u00f3n de un nuevo campo de 33 kV con equipo de maniobra y protecci\u00f3n, m\u00e1s la adecuaci\u00f3n de un campo existente con la misma tecnolog\u00eda que el anterior.<\/p>\n\n\n\n<div class=\"wp-block-image\"><figure class=\"aligncenter size-medium\"><img loading=\"lazy\" decoding=\"async\" width=\"345\" height=\"460\" src=\"http:\/\/infoecos.com.ar\/wp-content\/uploads\/2021\/01\/OBRA-LAMT-PELLEGRINI-MARI-LAUQUEN-3-345x460.jpeg\" alt=\"\" class=\"wp-image-73029\" srcset=\"https:\/\/infoecos.com.ar\/wp-content\/uploads\/2021\/01\/OBRA-LAMT-PELLEGRINI-MARI-LAUQUEN-3-345x460.jpeg 345w, https:\/\/infoecos.com.ar\/wp-content\/uploads\/2021\/01\/OBRA-LAMT-PELLEGRINI-MARI-LAUQUEN-3-690x920.jpeg 690w, https:\/\/infoecos.com.ar\/wp-content\/uploads\/2021\/01\/OBRA-LAMT-PELLEGRINI-MARI-LAUQUEN-3-768x1024.jpeg 768w, https:\/\/infoecos.com.ar\/wp-content\/uploads\/2021\/01\/OBRA-LAMT-PELLEGRINI-MARI-LAUQUEN-3.jpeg 780w\" sizes=\"auto, (max-width: 345px) 100vw, 345px\" \/><\/figure><\/div>\n\n\n\n<p class=\"wp-block-paragraph\">Esta obra, financiada con fondos del FREBA, ayudar\u00e1 a sostener la demanda en las localidades ante fallas o mantenimientos programados de la l\u00ednea de 66 kV Trenque Lauquen-Tres Lomas.<\/p>\n\n\n\n<p class=\"wp-block-paragraph\">\u201cLa importancia de la obra reside en que conecta diferentes puntos de la red, permite que en caso de contingencias, podamos tomar energ\u00eda de otra l\u00ednea, y as\u00ed mejorar servicio para nuestros usuarios\u201d, expres\u00f3 Javier Gabilondo, Jefe de las Sucursales de EDEN, y agreg\u00f3, \u00abAhora nos enfocaremos en buscar una soluci\u00f3n para que Salliquel\u00f3 deje de ser punta de l\u00ednea, aunque gracias a esta obra pas\u00f3 de depender de una l\u00ednea de 100 km a una de 30 km, contando con potencia disponible en caso de que quede fuera de servicio los 70 km de l\u00ednea entre Trenque Lauquen &#8211; Tres Lomas\u00bb<em>.<\/em><\/p>\n\n\n\n<div class=\"wp-block-image\"><figure class=\"aligncenter size-medium\"><img loading=\"lazy\" decoding=\"async\" width=\"460\" height=\"259\" src=\"http:\/\/infoecos.com.ar\/wp-content\/uploads\/2021\/01\/OBRA-LAMT-PELLEGRINI-MARI-LAUQUEN-2-460x259.jpg\" alt=\"\" class=\"wp-image-73030\" srcset=\"https:\/\/infoecos.com.ar\/wp-content\/uploads\/2021\/01\/OBRA-LAMT-PELLEGRINI-MARI-LAUQUEN-2-460x259.jpg 460w, https:\/\/infoecos.com.ar\/wp-content\/uploads\/2021\/01\/OBRA-LAMT-PELLEGRINI-MARI-LAUQUEN-2-920x518.jpg 920w, https:\/\/infoecos.com.ar\/wp-content\/uploads\/2021\/01\/OBRA-LAMT-PELLEGRINI-MARI-LAUQUEN-2-768x432.jpg 768w, https:\/\/infoecos.com.ar\/wp-content\/uploads\/2021\/01\/OBRA-LAMT-PELLEGRINI-MARI-LAUQUEN-2-1536x864.jpg 1536w, https:\/\/infoecos.com.ar\/wp-content\/uploads\/2021\/01\/OBRA-LAMT-PELLEGRINI-MARI-LAUQUEN-2-2048x1152.jpg 2048w, https:\/\/infoecos.com.ar\/wp-content\/uploads\/2021\/01\/OBRA-LAMT-PELLEGRINI-MARI-LAUQUEN-2-1024x576.jpg 1024w\" sizes=\"auto, (max-width: 460px) 100vw, 460px\" \/><\/figure><\/div>\n","protected":false},"excerpt":{"rendered":"<p>Se realiz\u00f3 la construcci\u00f3n de 28 km de l\u00ednea a\u00e9rea de 33 kV (media tensi\u00f3n) que conecta a la Estaci\u00f3n Transformadora (ET) Pellegrini con el puesto de medici\u00f3n de Mari Lauquen, que se encuentra entre dicha ET y la Cooperativa Trenque Lauquen<\/p>\n","protected":false},"author":2,"featured_media":73029,"comment_status":"closed","ping_status":"open","sticky":false,"template":"","format":"standard","meta":{"footnotes":""},"categories":[43],"tags":[2655],"class_list":["post-73027","post","type-post","status-publish","format-standard","has-post-thumbnail","hentry","category-inferior4","tag-inversion-en-lineas-electricas"],"featured_image_urls":{"full":["https:\/\/infoecos.com.ar\/wp-content\/uploads\/2021\/01\/OBRA-LAMT-PELLEGRINI-MARI-LAUQUEN-3.jpeg",780,1040,false],"thumbnail":["https:\/\/infoecos.com.ar\/wp-content\/uploads\/2021\/01\/OBRA-LAMT-PELLEGRINI-MARI-LAUQUEN-3-150x150.jpeg",150,150,true],"medium":["https:\/\/infoecos.com.ar\/wp-content\/uploads\/2021\/01\/OBRA-LAMT-PELLEGRINI-MARI-LAUQUEN-3-345x460.jpeg",345,460,true],"medium_large":["https:\/\/infoecos.com.ar\/wp-content\/uploads\/2021\/01\/OBRA-LAMT-PELLEGRINI-MARI-LAUQUEN-3-768x1024.jpeg",640,853,true],"large":["https:\/\/infoecos.com.ar\/wp-content\/uploads\/2021\/01\/OBRA-LAMT-PELLEGRINI-MARI-LAUQUEN-3-690x920.jpeg",640,853,true],"1536x1536":["https:\/\/infoecos.com.ar\/wp-content\/uploads\/2021\/01\/OBRA-LAMT-PELLEGRINI-MARI-LAUQUEN-3.jpeg",780,1040,false],"2048x2048":["https:\/\/infoecos.com.ar\/wp-content\/uploads\/2021\/01\/OBRA-LAMT-PELLEGRINI-MARI-LAUQUEN-3.jpeg",780,1040,false],"covernews-slider-full":["https:\/\/infoecos.com.ar\/wp-content\/uploads\/2021\/01\/OBRA-LAMT-PELLEGRINI-MARI-LAUQUEN-3-780x1020.jpeg",547,715,true],"covernews-slider-center":["https:\/\/infoecos.com.ar\/wp-content\/uploads\/2021\/01\/OBRA-LAMT-PELLEGRINI-MARI-LAUQUEN-3-780x897.jpeg",435,500,true],"covernews-featured":["https:\/\/infoecos.com.ar\/wp-content\/uploads\/2021\/01\/OBRA-LAMT-PELLEGRINI-MARI-LAUQUEN-3.jpeg",780,1040,false],"covernews-medium":["https:\/\/infoecos.com.ar\/wp-content\/uploads\/2021\/01\/OBRA-LAMT-PELLEGRINI-MARI-LAUQUEN-3-720x380.jpeg",540,285,true],"covernews-medium-square":["https:\/\/infoecos.com.ar\/wp-content\/uploads\/2021\/01\/OBRA-LAMT-PELLEGRINI-MARI-LAUQUEN-3-675x450.jpeg",375,250,true]},"author_info":{"info":["Jorge Matheus"]},"category_info":"<a href=\"https:\/\/infoecos.com.ar\/index.php\/category\/inferior4\/\" rel=\"category tag\">Bloque inferior - 4<\/a>","tag_info":"Bloque inferior - 4","comment_count":"0","_links":{"self":[{"href":"https:\/\/infoecos.com.ar\/index.php\/wp-json\/wp\/v2\/posts\/73027","targetHints":{"allow":["GET"]}}],"collection":[{"href":"https:\/\/infoecos.com.ar\/index.php\/wp-json\/wp\/v2\/posts"}],"about":[{"href":"https:\/\/infoecos.com.ar\/index.php\/wp-json\/wp\/v2\/types\/post"}],"author":[{"embeddable":true,"href":"https:\/\/infoecos.com.ar\/index.php\/wp-json\/wp\/v2\/users\/2"}],"replies":[{"embeddable":true,"href":"https:\/\/infoecos.com.ar\/index.php\/wp-json\/wp\/v2\/comments?post=73027"}],"version-history":[{"count":1,"href":"https:\/\/infoecos.com.ar\/index.php\/wp-json\/wp\/v2\/posts\/73027\/revisions"}],"predecessor-version":[{"id":73031,"href":"https:\/\/infoecos.com.ar\/index.php\/wp-json\/wp\/v2\/posts\/73027\/revisions\/73031"}],"wp:featuredmedia":[{"embeddable":true,"href":"https:\/\/infoecos.com.ar\/index.php\/wp-json\/wp\/v2\/media\/73029"}],"wp:attachment":[{"href":"https:\/\/infoecos.com.ar\/index.php\/wp-json\/wp\/v2\/media?parent=73027"}],"wp:term":[{"taxonomy":"category","embeddable":true,"href":"https:\/\/infoecos.com.ar\/index.php\/wp-json\/wp\/v2\/categories?post=73027"},{"taxonomy":"post_tag","embeddable":true,"href":"https:\/\/infoecos.com.ar\/index.php\/wp-json\/wp\/v2\/tags?post=73027"}],"curies":[{"name":"wp","href":"https:\/\/api.w.org\/{rel}","templated":true}]}}