{"id":73032,"date":"2021-01-20T17:02:44","date_gmt":"2021-01-20T20:02:44","guid":{"rendered":"http:\/\/infoecos.com.ar\/?p=73032"},"modified":"2021-01-22T00:49:27","modified_gmt":"2021-01-22T03:49:27","slug":"roberto-salvarezza-tenemos-que-seguir-confiando-en-las-vacunas","status":"publish","type":"post","link":"https:\/\/infoecos.com.ar\/index.php\/roberto-salvarezza-tenemos-que-seguir-confiando-en-las-vacunas\/","title":{"rendered":"Roberto Salvarezza: \u201ctenemos que seguir confiando en las vacunas\u201d"},"content":{"rendered":"\n<p class=\"wp-block-paragraph\">El ministro de Ciencia y Tecnolog\u00eda de la Naci\u00f3n, Roberto Salvarezza, dijo que \u201ctenemos que seguir confiando en las vacunas\u201d y destac\u00f3 que se \u201cest\u00e1 observando en Israel que el ensayo cl\u00ednico de Pfizer no es el que se hab\u00eda prometido\u201d.<\/p>\n\n\n\n<div class=\"wp-block-image\"><figure class=\"aligncenter size-medium\"><img loading=\"lazy\" decoding=\"async\" width=\"460\" height=\"259\" src=\"http:\/\/infoecos.com.ar\/wp-content\/uploads\/2020\/10\/salvarezza-460x259.jpg\" alt=\"\" class=\"wp-image-69967\" srcset=\"https:\/\/infoecos.com.ar\/wp-content\/uploads\/2020\/10\/salvarezza-460x259.jpg 460w, https:\/\/infoecos.com.ar\/wp-content\/uploads\/2020\/10\/salvarezza-768x432.jpg 768w, https:\/\/infoecos.com.ar\/wp-content\/uploads\/2020\/10\/salvarezza.jpg 880w\" sizes=\"auto, (max-width: 460px) 100vw, 460px\" \/><\/figure><\/div>\n\n\n\n<p class=\"wp-block-paragraph\">En declaraciones a <strong>Radio Provincia<\/strong> sostuvo que \u00abestamos con vacunas que son aprobadas en emergencia en todo el mundo. Resulta incomprensible que algunos medios hablen de vacunas respetadas o prestigiosas que Argentina no acceder\u00eda. No es un tema de prestigio a las vacunas hay que medirlas por si son eficaces o no\u00bb.<\/p>\n\n\n\n<p class=\"wp-block-paragraph\">En ese sentido, Salvarezza indic\u00f3 que \u201cla eficacia de la que se hablaba en Israel no es tanta pero de todas maneras, son vacunas que ayudan a proteger\u201d y agreg\u00f3 que \u201ctambi\u00e9n est\u00e1 el tema de la seguridad de la vacuna, que no es recomendable aplicar en los adultos mayores. As\u00ed que un tema es la eficacia y otro la seguridad. Estamos en etapa de observaci\u00f3n de las vacunas\u00bb.<\/p>\n\n\n\n<p class=\"wp-block-paragraph\">Por \u00faltimo, dijo que \u00abtenemos preparado el dispositivo para una vacunaci\u00f3n masiva\u201d y precis\u00f3 que \u201clo razonable es que si el plan se cumple tendr\u00edamos que tener para julio\/agosto al 50% de la poblaci\u00f3n prioritaria cubierta. Trabajadores de la salud, esenciales y adultos mayores\u201d.<\/p>\n","protected":false},"excerpt":{"rendered":"<p>El ministro de Ciencia y Tecnolog\u00eda de la Naci\u00f3n dijo que \u00abresulta incomprensible que algunos medios hablen de vacunas respetadas o prestigiosas que Argentina no acceder\u00eda\u00bb<\/p>\n","protected":false},"author":2,"featured_media":69967,"comment_status":"closed","ping_status":"open","sticky":false,"template":"","format":"standard","meta":{"footnotes":""},"categories":[26],"tags":[156],"class_list":["post-73032","post","type-post","status-publish","format-standard","has-post-thumbnail","hentry","category-inferior6","tag-salud"],"featured_image_urls":{"full":["https:\/\/infoecos.com.ar\/wp-content\/uploads\/2020\/10\/salvarezza.jpg",880,495,false],"thumbnail":["https:\/\/infoecos.com.ar\/wp-content\/uploads\/2020\/10\/salvarezza-150x150.jpg",150,150,true],"medium":["https:\/\/infoecos.com.ar\/wp-content\/uploads\/2020\/10\/salvarezza-460x259.jpg",460,259,true],"medium_large":["https:\/\/infoecos.com.ar\/wp-content\/uploads\/2020\/10\/salvarezza-768x432.jpg",640,360,true],"large":["https:\/\/infoecos.com.ar\/wp-content\/uploads\/2020\/10\/salvarezza.jpg",640,360,false],"1536x1536":["https:\/\/infoecos.com.ar\/wp-content\/uploads\/2020\/10\/salvarezza.jpg",880,495,false],"2048x2048":["https:\/\/infoecos.com.ar\/wp-content\/uploads\/2020\/10\/salvarezza.jpg",880,495,false],"covernews-slider-full":["https:\/\/infoecos.com.ar\/wp-content\/uploads\/2020\/10\/salvarezza.jpg",880,495,false],"covernews-slider-center":["https:\/\/infoecos.com.ar\/wp-content\/uploads\/2020\/10\/salvarezza.jpg",800,450,false],"covernews-featured":["https:\/\/infoecos.com.ar\/wp-content\/uploads\/2020\/10\/salvarezza.jpg",880,495,false],"covernews-medium":["https:\/\/infoecos.com.ar\/wp-content\/uploads\/2020\/10\/salvarezza-720x380.jpg",540,285,true],"covernews-medium-square":["https:\/\/infoecos.com.ar\/wp-content\/uploads\/2020\/10\/salvarezza-675x450.jpg",375,250,true]},"author_info":{"info":["Jorge Matheus"]},"category_info":"<a href=\"https:\/\/infoecos.com.ar\/index.php\/category\/inferior6\/\" rel=\"category tag\">Bloque inferior - 6<\/a>","tag_info":"Bloque inferior - 6","comment_count":"0","_links":{"self":[{"href":"https:\/\/infoecos.com.ar\/index.php\/wp-json\/wp\/v2\/posts\/73032","targetHints":{"allow":["GET"]}}],"collection":[{"href":"https:\/\/infoecos.com.ar\/index.php\/wp-json\/wp\/v2\/posts"}],"about":[{"href":"https:\/\/infoecos.com.ar\/index.php\/wp-json\/wp\/v2\/types\/post"}],"author":[{"embeddable":true,"href":"https:\/\/infoecos.com.ar\/index.php\/wp-json\/wp\/v2\/users\/2"}],"replies":[{"embeddable":true,"href":"https:\/\/infoecos.com.ar\/index.php\/wp-json\/wp\/v2\/comments?post=73032"}],"version-history":[{"count":1,"href":"https:\/\/infoecos.com.ar\/index.php\/wp-json\/wp\/v2\/posts\/73032\/revisions"}],"predecessor-version":[{"id":73033,"href":"https:\/\/infoecos.com.ar\/index.php\/wp-json\/wp\/v2\/posts\/73032\/revisions\/73033"}],"wp:featuredmedia":[{"embeddable":true,"href":"https:\/\/infoecos.com.ar\/index.php\/wp-json\/wp\/v2\/media\/69967"}],"wp:attachment":[{"href":"https:\/\/infoecos.com.ar\/index.php\/wp-json\/wp\/v2\/media?parent=73032"}],"wp:term":[{"taxonomy":"category","embeddable":true,"href":"https:\/\/infoecos.com.ar\/index.php\/wp-json\/wp\/v2\/categories?post=73032"},{"taxonomy":"post_tag","embeddable":true,"href":"https:\/\/infoecos.com.ar\/index.php\/wp-json\/wp\/v2\/tags?post=73032"}],"curies":[{"name":"wp","href":"https:\/\/api.w.org\/{rel}","templated":true}]}}