{"id":73034,"date":"2021-01-20T17:16:44","date_gmt":"2021-01-20T20:16:44","guid":{"rendered":"http:\/\/infoecos.com.ar\/?p=73034"},"modified":"2021-01-22T00:46:47","modified_gmt":"2021-01-22T03:46:47","slug":"las-bolsas-de-cereales-y-comercio-muy-preocupadas-por-el-paro-de-transportistas-autoconvocados","status":"publish","type":"post","link":"https:\/\/infoecos.com.ar\/index.php\/las-bolsas-de-cereales-y-comercio-muy-preocupadas-por-el-paro-de-transportistas-autoconvocados\/","title":{"rendered":"Las Bolsas de Cereales y Comercio muy preocupadas por el paro de transportistas autoconvocados"},"content":{"rendered":"\n<p class=\"wp-block-paragraph\">Las Bolsas de Cereales y de Comercio del pa\u00eds dieron a conocer un comunicado a ra\u00edz de las dificultades que se presentan como consecuencia del paro por tiempo indeterminado de los transportistas autoconvocados. No hay ingreso de granos en los distintos puertos y en algunas terminales el bloqueo ha sido total. <\/p>\n\n\n\n<div class=\"wp-block-image\"><figure class=\"aligncenter size-medium\"><img loading=\"lazy\" decoding=\"async\" width=\"460\" height=\"345\" src=\"http:\/\/infoecos.com.ar\/wp-content\/uploads\/2021\/01\/puerto-460x345.jpg\" alt=\"\" class=\"wp-image-73035\" srcset=\"https:\/\/infoecos.com.ar\/wp-content\/uploads\/2021\/01\/puerto-460x345.jpg 460w, https:\/\/infoecos.com.ar\/wp-content\/uploads\/2021\/01\/puerto-920x690.jpg 920w, https:\/\/infoecos.com.ar\/wp-content\/uploads\/2021\/01\/puerto-768x576.jpg 768w, https:\/\/infoecos.com.ar\/wp-content\/uploads\/2021\/01\/puerto-1024x768.jpg 1024w, https:\/\/infoecos.com.ar\/wp-content\/uploads\/2021\/01\/puerto.jpg 1280w\" sizes=\"auto, (max-width: 460px) 100vw, 460px\" \/><\/figure><\/div>\n\n\n\n<p class=\"wp-block-paragraph\">Este mi\u00e9rcoles no ingresaron camiones a las terminales de Necochea y Bah\u00eda Blanca, y en Rosario lleg\u00f3 s\u00f3lo el 20% de lo que se recibi\u00f3 hace una semana.<\/p>\n\n\n\n<p class=\"wp-block-paragraph\">El documento lleva la firma de:<\/p>\n\n\n\n<p class=\"wp-block-paragraph\"><strong>Bolsa&nbsp;de&nbsp;Cereales&nbsp;de&nbsp;Bah\u00eda Blanca<br>Bolsa&nbsp;de&nbsp;Cereales&nbsp;de&nbsp;Buenos Aires<br>Bolsa&nbsp;de&nbsp;Cereales&nbsp;de&nbsp;C\u00f3rdoba<br>Bolsa&nbsp;de&nbsp;Cereales&nbsp;de&nbsp;Entre R\u00edos<br>Bolsa&nbsp;de&nbsp;Comercio&nbsp;de&nbsp;Chaco<br>Bolsa&nbsp;de&nbsp;Comercio&nbsp;de&nbsp;Rosario<br>Bolsa&nbsp;de&nbsp;Comercio&nbsp;de&nbsp;Santa Fe&nbsp;<\/strong><\/p>\n\n\n\n<p class=\"wp-block-paragraph\">Texto:<\/p>\n\n\n\n<p class=\"wp-block-paragraph\"><strong><em>Las&nbsp;Bolsas&nbsp;de&nbsp;Cereales&nbsp;y&nbsp;de&nbsp;Comercio del pa\u00eds expresan la preocupaci\u00f3n&nbsp;de&nbsp;toda la cadena&nbsp;de&nbsp;producci\u00f3n y comercializaci\u00f3n&nbsp;de&nbsp;granos y derivados, insumos agropecuarios, y productos alimenticios por las medidas&nbsp;de&nbsp;fuerza que se est\u00e1n llevando a cabo en las rutas, impidiendo la libre circulaci\u00f3n&nbsp;de&nbsp;mercader\u00edas e insumos.<\/em><\/strong><\/p>\n\n\n\n<p class=\"wp-block-paragraph\"><strong><em>Estas medidas&nbsp;de&nbsp;fuerza generan da\u00f1os econ\u00f3micos que afectan a todos los eslabones&nbsp;de&nbsp;la cadena agroindustrial y ponen en riesgo el abastecimiento para consumo interno y procesamiento, as\u00ed como el ingreso&nbsp;de&nbsp;miles&nbsp;de&nbsp;camiones que no pueden acceder a los puertos&nbsp;de&nbsp;exportaci\u00f3n. Todos estos sectores, que se ven afectados por los cortes&nbsp;de&nbsp;ruta, son considerados esenciales en base a la legislaci\u00f3n vigente.<\/em><\/strong><\/p>\n\n\n\n<p class=\"wp-block-paragraph\"><strong><em>Es por ello, que solicitamos a las autoridades nacionales, a la Justicia y a los gobiernos provinciales, que tengan a bien arbitrar las medidas necesarias tendientes a permitir recuperar r\u00e1pidamente la libre circulaci\u00f3n del transporte&nbsp;de&nbsp;cargas,&nbsp;de&nbsp;manera urgente.<\/em><\/strong><\/p>\n","protected":false},"excerpt":{"rendered":"<p>Este mi\u00e9rcoles no ingresaron camiones a las terminales de Necochea y Bah\u00eda Blanca, y en Rosario lleg\u00f3 s\u00f3lo el 20% de lo que se recibi\u00f3 hace una semana<\/p>\n","protected":false},"author":2,"featured_media":73036,"comment_status":"closed","ping_status":"open","sticky":false,"template":"","format":"standard","meta":{"footnotes":""},"categories":[42],"tags":[2656],"class_list":["post-73034","post","type-post","status-publish","format-standard","has-post-thumbnail","hentry","category-inferior3","tag-medida-que-se-hace-sentir"],"featured_image_urls":{"full":["https:\/\/infoecos.com.ar\/wp-content\/uploads\/2021\/01\/transportistas.jpg",1200,675,false],"thumbnail":["https:\/\/infoecos.com.ar\/wp-content\/uploads\/2021\/01\/transportistas-150x150.jpg",150,150,true],"medium":["https:\/\/infoecos.com.ar\/wp-content\/uploads\/2021\/01\/transportistas-460x259.jpg",460,259,true],"medium_large":["https:\/\/infoecos.com.ar\/wp-content\/uploads\/2021\/01\/transportistas-768x432.jpg",640,360,true],"large":["https:\/\/infoecos.com.ar\/wp-content\/uploads\/2021\/01\/transportistas-920x518.jpg",640,360,true],"1536x1536":["https:\/\/infoecos.com.ar\/wp-content\/uploads\/2021\/01\/transportistas.jpg",1200,675,false],"2048x2048":["https:\/\/infoecos.com.ar\/wp-content\/uploads\/2021\/01\/transportistas.jpg",1200,675,false],"covernews-slider-full":["https:\/\/infoecos.com.ar\/wp-content\/uploads\/2021\/01\/transportistas.jpg",1115,627,false],"covernews-slider-center":["https:\/\/infoecos.com.ar\/wp-content\/uploads\/2021\/01\/transportistas-936x675.jpg",693,500,true],"covernews-featured":["https:\/\/infoecos.com.ar\/wp-content\/uploads\/2021\/01\/transportistas-1024x576.jpg",1024,576,true],"covernews-medium":["https:\/\/infoecos.com.ar\/wp-content\/uploads\/2021\/01\/transportistas-720x380.jpg",540,285,true],"covernews-medium-square":["https:\/\/infoecos.com.ar\/wp-content\/uploads\/2021\/01\/transportistas-675x450.jpg",375,250,true]},"author_info":{"info":["Jorge Matheus"]},"category_info":"<a href=\"https:\/\/infoecos.com.ar\/index.php\/category\/inferior3\/\" rel=\"category tag\">Bloque inferior - 3<\/a>","tag_info":"Bloque inferior - 3","comment_count":"0","_links":{"self":[{"href":"https:\/\/infoecos.com.ar\/index.php\/wp-json\/wp\/v2\/posts\/73034","targetHints":{"allow":["GET"]}}],"collection":[{"href":"https:\/\/infoecos.com.ar\/index.php\/wp-json\/wp\/v2\/posts"}],"about":[{"href":"https:\/\/infoecos.com.ar\/index.php\/wp-json\/wp\/v2\/types\/post"}],"author":[{"embeddable":true,"href":"https:\/\/infoecos.com.ar\/index.php\/wp-json\/wp\/v2\/users\/2"}],"replies":[{"embeddable":true,"href":"https:\/\/infoecos.com.ar\/index.php\/wp-json\/wp\/v2\/comments?post=73034"}],"version-history":[{"count":2,"href":"https:\/\/infoecos.com.ar\/index.php\/wp-json\/wp\/v2\/posts\/73034\/revisions"}],"predecessor-version":[{"id":73153,"href":"https:\/\/infoecos.com.ar\/index.php\/wp-json\/wp\/v2\/posts\/73034\/revisions\/73153"}],"wp:featuredmedia":[{"embeddable":true,"href":"https:\/\/infoecos.com.ar\/index.php\/wp-json\/wp\/v2\/media\/73036"}],"wp:attachment":[{"href":"https:\/\/infoecos.com.ar\/index.php\/wp-json\/wp\/v2\/media?parent=73034"}],"wp:term":[{"taxonomy":"category","embeddable":true,"href":"https:\/\/infoecos.com.ar\/index.php\/wp-json\/wp\/v2\/categories?post=73034"},{"taxonomy":"post_tag","embeddable":true,"href":"https:\/\/infoecos.com.ar\/index.php\/wp-json\/wp\/v2\/tags?post=73034"}],"curies":[{"name":"wp","href":"https:\/\/api.w.org\/{rel}","templated":true}]}}