{"id":73044,"date":"2021-01-20T17:43:26","date_gmt":"2021-01-20T20:43:26","guid":{"rendered":"http:\/\/infoecos.com.ar\/?p=73044"},"modified":"2021-01-22T00:54:25","modified_gmt":"2021-01-22T03:54:25","slug":"el-departamento-ejecutivo-de-trenque-lauquen-y-el-reconocimiento-a-barracchia","status":"publish","type":"post","link":"https:\/\/infoecos.com.ar\/index.php\/el-departamento-ejecutivo-de-trenque-lauquen-y-el-reconocimiento-a-barracchia\/","title":{"rendered":"El Departamento Ejecutivo de Trenque Lauquen y el reconocimiento a Barracchia"},"content":{"rendered":"\n<p class=\"wp-block-paragraph\">Hoy, 20 de enero, se cumplen diez a\u00f1os de la desaparici\u00f3n f\u00edsica del doctor Jorge Alberto Barracchia, quien fuera cinco (5) veces intendente municipal de Trenque Lauquen, primero por la UCR entre los a\u00f1os 1987 y 2002 (per\u00edodos 1987\/91,1991\/95,1995\/99 y 1999\/mayo de 2002) y despu\u00e9s por el Frente para la Victoria, entre 2007 y enero de 2011, adem\u00e1s de otras funciones p\u00fablicas que ejerci\u00f3 y que lo llevaron a quedar en la historia del distrito.<\/p>\n\n\n\n<div class=\"wp-block-image\"><figure class=\"aligncenter size-medium\"><img loading=\"lazy\" decoding=\"async\" width=\"460\" height=\"278\" src=\"http:\/\/infoecos.com.ar\/wp-content\/uploads\/2021\/01\/barracchia-460x278.jpg\" alt=\"\" class=\"wp-image-72980\" srcset=\"https:\/\/infoecos.com.ar\/wp-content\/uploads\/2021\/01\/barracchia-460x278.jpg 460w, https:\/\/infoecos.com.ar\/wp-content\/uploads\/2021\/01\/barracchia-920x556.jpg 920w, https:\/\/infoecos.com.ar\/wp-content\/uploads\/2021\/01\/barracchia-768x464.jpg 768w, https:\/\/infoecos.com.ar\/wp-content\/uploads\/2021\/01\/barracchia-1024x619.jpg 1024w, https:\/\/infoecos.com.ar\/wp-content\/uploads\/2021\/01\/barracchia.jpg 1280w\" sizes=\"auto, (max-width: 460px) 100vw, 460px\" \/><\/figure><\/div>\n\n\n\n<p class=\"wp-block-paragraph\">Debido a las pol\u00edticas p\u00fablicas que junto a sus equipos de trabajo llev\u00f3 adelante en sus diferentes mandatos y que incluso fueron copiadas por otros municipios, Trenque Lauquen trascendi\u00f3 al pa\u00eds y al mundo.<br>Barracchia ocup\u00f3 otros cargos de relevancia como secretario de Bienestar Social, concejal y Convencional Constituyente para la reforma de la Constituci\u00f3n de la Provincia de Buenos Aires, y cuando pas\u00f3 integrar el ARI, conducido por Elisa Carri\u00f3, (despu\u00e9s de su renuncia a la Intendencia en 2002) se postul\u00f3 como candidato a senador nacional, puesto al que finalmente no accedi\u00f3. Enfrent\u00f3 en las urnas a dos dirigentes de mucho peso: Eduardo Duhalde y Ra\u00fal Alfons\u00edn.<\/p>\n\n\n\n<p class=\"wp-block-paragraph\">Su nombre trascendi\u00f3 las fronteras del distrito e incluso lleg\u00f3 a exponer algunas de sus ideas a nivel internacional. Fue dos veces tentado para ocupar cargos p\u00fablicos de envergadura en la provincia: presidente del IOMA (Instituto de Obra M\u00e9dico Asistencial) y el ministerio de Salud bonaerense.<\/p>\n\n\n\n<p class=\"wp-block-paragraph\">Su legado fue el de un Trenque Lauquen de progreso, con obras de infraestructura b\u00e1sica para las distintas localidades del distrito e ideas innovadoras como el Prolim y la Ampliaci\u00f3n Urbana, entre otros tantos proyectos pensados en beneficio de la comunidad.<\/p>\n\n\n\n<p class=\"wp-block-paragraph\">\u201cEl Gordo\u201d, como se lo conoc\u00eda popularmente, -m\u00e9dico cirujano de profesi\u00f3n-, muri\u00f3 el 20 de enero del 2011 a los 63 a\u00f1os, despu\u00e9s de haber participado de un acto p\u00fablico: la inauguraci\u00f3n de nuevos pozos de agua potable en la calle Lagos.<\/p>\n\n\n\n<p class=\"wp-block-paragraph\">En la zona de estacionamiento interno del Palacio Municipal se descompens\u00f3. Empleados de la administraci\u00f3n municipal lo hallaron en el auto e hicieron que se lo derivara con urgencia al Hospital Dr. Pedro T. Orellana, donde a pesar de los esfuerzos de los m\u00e9dicos nada se pudo hacer.<\/p>\n\n\n\n<p class=\"wp-block-paragraph\">El ex Intendente Barracchia, con su enorme capacidad de gesti\u00f3n y pol\u00edticas innovadoras, dej\u00f3 una huella muy profunda en la comunidad que lo recuerda como un gran l\u00edder, un \u00abhacedor\u00bb y, sobre todo, como alguien muy comprometido con su pueblo y fiel a sus convicciones.<\/p>\n","protected":false},"excerpt":{"rendered":"<p>\u00abSu nombre trascendi\u00f3 las fronteras del distrito e incluso lleg\u00f3 a exponer algunas de sus ideas a nivel internacional\u00bb, se expuso en el informe diario del municipio<\/p>\n","protected":false},"author":2,"featured_media":72980,"comment_status":"closed","ping_status":"open","sticky":false,"template":"","format":"standard","meta":{"footnotes":""},"categories":[1331],"tags":[2659],"class_list":["post-73044","post","type-post","status-publish","format-standard","has-post-thumbnail","hentry","category-inferior11","tag-comprometido-y-fiel-a-sus-convicciones"],"featured_image_urls":{"full":["https:\/\/infoecos.com.ar\/wp-content\/uploads\/2021\/01\/barracchia.jpg",1280,774,false],"thumbnail":["https:\/\/infoecos.com.ar\/wp-content\/uploads\/2021\/01\/barracchia-150x150.jpg",150,150,true],"medium":["https:\/\/infoecos.com.ar\/wp-content\/uploads\/2021\/01\/barracchia-460x278.jpg",460,278,true],"medium_large":["https:\/\/infoecos.com.ar\/wp-content\/uploads\/2021\/01\/barracchia-768x464.jpg",640,387,true],"large":["https:\/\/infoecos.com.ar\/wp-content\/uploads\/2021\/01\/barracchia-920x556.jpg",640,387,true],"1536x1536":["https:\/\/infoecos.com.ar\/wp-content\/uploads\/2021\/01\/barracchia.jpg",1280,774,false],"2048x2048":["https:\/\/infoecos.com.ar\/wp-content\/uploads\/2021\/01\/barracchia.jpg",1280,774,false],"covernews-slider-full":["https:\/\/infoecos.com.ar\/wp-content\/uploads\/2021\/01\/barracchia.jpg",1115,674,false],"covernews-slider-center":["https:\/\/infoecos.com.ar\/wp-content\/uploads\/2021\/01\/barracchia-936x774.jpg",605,500,true],"covernews-featured":["https:\/\/infoecos.com.ar\/wp-content\/uploads\/2021\/01\/barracchia-1024x619.jpg",1024,619,true],"covernews-medium":["https:\/\/infoecos.com.ar\/wp-content\/uploads\/2021\/01\/barracchia-720x380.jpg",540,285,true],"covernews-medium-square":["https:\/\/infoecos.com.ar\/wp-content\/uploads\/2021\/01\/barracchia-675x450.jpg",375,250,true]},"author_info":{"info":["Jorge Matheus"]},"category_info":"<a href=\"https:\/\/infoecos.com.ar\/index.php\/category\/inferior11\/\" rel=\"category tag\">Bloque inferior - 11<\/a>","tag_info":"Bloque inferior - 11","comment_count":"0","_links":{"self":[{"href":"https:\/\/infoecos.com.ar\/index.php\/wp-json\/wp\/v2\/posts\/73044","targetHints":{"allow":["GET"]}}],"collection":[{"href":"https:\/\/infoecos.com.ar\/index.php\/wp-json\/wp\/v2\/posts"}],"about":[{"href":"https:\/\/infoecos.com.ar\/index.php\/wp-json\/wp\/v2\/types\/post"}],"author":[{"embeddable":true,"href":"https:\/\/infoecos.com.ar\/index.php\/wp-json\/wp\/v2\/users\/2"}],"replies":[{"embeddable":true,"href":"https:\/\/infoecos.com.ar\/index.php\/wp-json\/wp\/v2\/comments?post=73044"}],"version-history":[{"count":1,"href":"https:\/\/infoecos.com.ar\/index.php\/wp-json\/wp\/v2\/posts\/73044\/revisions"}],"predecessor-version":[{"id":73045,"href":"https:\/\/infoecos.com.ar\/index.php\/wp-json\/wp\/v2\/posts\/73044\/revisions\/73045"}],"wp:featuredmedia":[{"embeddable":true,"href":"https:\/\/infoecos.com.ar\/index.php\/wp-json\/wp\/v2\/media\/72980"}],"wp:attachment":[{"href":"https:\/\/infoecos.com.ar\/index.php\/wp-json\/wp\/v2\/media?parent=73044"}],"wp:term":[{"taxonomy":"category","embeddable":true,"href":"https:\/\/infoecos.com.ar\/index.php\/wp-json\/wp\/v2\/categories?post=73044"},{"taxonomy":"post_tag","embeddable":true,"href":"https:\/\/infoecos.com.ar\/index.php\/wp-json\/wp\/v2\/tags?post=73044"}],"curies":[{"name":"wp","href":"https:\/\/api.w.org\/{rel}","templated":true}]}}