{"id":73057,"date":"2021-01-21T01:22:35","date_gmt":"2021-01-21T04:22:35","guid":{"rendered":"http:\/\/infoecos.com.ar\/?p=73057"},"modified":"2021-01-22T00:53:37","modified_gmt":"2021-01-22T03:53:37","slug":"el-recuerdo-masivo-a-barracchia-deja-en-claro-que-otra-argentina-es-posible","status":"publish","type":"post","link":"https:\/\/infoecos.com.ar\/index.php\/el-recuerdo-masivo-a-barracchia-deja-en-claro-que-otra-argentina-es-posible\/","title":{"rendered":"El recuerdo masivo a Barracchia deja en claro que \u00abotra Argentina es posible\u00bb"},"content":{"rendered":"\n<p>Ha sido un d\u00eda donde muchas\/os transmitieron el reconocimiento a un ciudadano inolvidable de Trenque Lauquen. Ya no hacen falta m\u00e1s comentarios. <\/p>\n\n\n\n<div class=\"wp-block-image\"><figure class=\"aligncenter size-large\"><img loading=\"lazy\" decoding=\"async\" width=\"920\" height=\"613\" src=\"http:\/\/infoecos.com.ar\/wp-content\/uploads\/2021\/01\/barrachia3-920x613.jpg\" alt=\"\" class=\"wp-image-72978\" srcset=\"https:\/\/infoecos.com.ar\/wp-content\/uploads\/2021\/01\/barrachia3-920x613.jpg 920w, https:\/\/infoecos.com.ar\/wp-content\/uploads\/2021\/01\/barrachia3-460x307.jpg 460w, https:\/\/infoecos.com.ar\/wp-content\/uploads\/2021\/01\/barrachia3-768x512.jpg 768w, https:\/\/infoecos.com.ar\/wp-content\/uploads\/2021\/01\/barrachia3-1024x682.jpg 1024w, https:\/\/infoecos.com.ar\/wp-content\/uploads\/2021\/01\/barrachia3-675x450.jpg 675w, https:\/\/infoecos.com.ar\/wp-content\/uploads\/2021\/01\/barrachia3.jpg 1280w\" sizes=\"(max-width: 920px) 100vw, 920px\" \/><\/figure><\/div>\n\n\n\n<p>\u00abA las pruebas me remito\u00bb. <\/p>\n\n\n\n<p>La historia no solo est\u00e1 escrita por los que ganan, porque en \u00faltima instancia \u00abEl Gordo\u00bb perdi\u00f3. Y, sin embargo, con hechos concretos, despu\u00e9s de 10 a\u00f1os, vaya a saber desde donde, escribe las p\u00e1ginas inolvidables de tanto tiempo conduciendo los destinos de esta ciudad del interior profundo.<\/p>\n\n\n\n<p>Es de esperar que las manifestaciones donde se vuelca el legado, como asi tambi\u00e9n las decenas de notas publicadas en p\u00e1ginas web sean le\u00eddas en donde se \u00abcocina\u00bb el poder pol\u00edtico en nuestro pa\u00eds. Queda claro que otra Argentina es posible. Solo hay que saberse aferrar, como un abrojo, a los buenos ejemplos. Barracchia, con el f\u00e9rreo acompa\u00f1amiento de su comunidad, lo evidenci\u00f3.<\/p>\n\n\n\n<p>Habr\u00eda que promover quienes hemos palpado las gestiones ejemplares, aunar esfuerzos y hablar en las escuelas sobre su trayectoria. Los ni\u00f1os y muy j\u00f3venes saben de \u00e9l por comentarios de mayores. En consecuencia, poder divulgar su tarea tendr\u00eda que ser como una &#8216;obligaci\u00f3n&#8217; curricular. Se deber\u00eda, adem\u00e1s, invitar a exponer en las aulas a quienes lo precedieron, como as\u00ed tambi\u00e9n a los que fueron sus compa\u00f1eros de la ni\u00f1ez, adolescencia y universidad. L\u00e1stima que la vida nos arrebat\u00f3 a otro mandatario ejemplar: Juan Carlos Font.<\/p>\n\n\n\n<p>Analicemos si la idea aqu\u00ed expuesta es posible. Distinguir\u00eda, creo, a\u00fan m\u00e1s a este Pueblo que es tomado como referencia a nivel nacional e incluso internacional.<\/p>\n","protected":false},"excerpt":{"rendered":"<p>Es de esperar que las manifestaciones donde se vuelca el legado, como asi tambi\u00e9n las decenas de notas publicadas en p\u00e1ginas web sean le\u00eddas en donde se \u00abcocina\u00bb el poder pol\u00edtico en nuestro pa\u00eds<\/p>\n","protected":false},"author":2,"featured_media":72978,"comment_status":"closed","ping_status":"open","sticky":false,"template":"","format":"standard","meta":{"footnotes":""},"categories":[1330],"tags":[1875],"class_list":["post-73057","post","type-post","status-publish","format-standard","has-post-thumbnail","hentry","category-inferior10","tag-escribe-jorge-matheus"],"yoast_head":"<!-- This site is optimized with the Yoast SEO plugin v23.4 - https:\/\/yoast.com\/wordpress\/plugins\/seo\/ -->\n<title>El recuerdo masivo a Barracchia deja en claro que &quot;otra Argentina es posible&quot; - Infoecos<\/title>\n<meta name=\"robots\" content=\"index, follow, max-snippet:-1, max-image-preview:large, max-video-preview:-1\" \/>\n<link rel=\"canonical\" href=\"https:\/\/infoecos.com.ar\/index.php\/el-recuerdo-masivo-a-barracchia-deja-en-claro-que-otra-argentina-es-posible\/\" \/>\n<meta property=\"og:locale\" content=\"es_ES\" \/>\n<meta property=\"og:type\" content=\"article\" \/>\n<meta property=\"og:title\" content=\"El recuerdo masivo a Barracchia deja en claro que &quot;otra Argentina es posible&quot; - Infoecos\" \/>\n<meta property=\"og:description\" content=\"Es de esperar que las manifestaciones donde se vuelca el legado, como asi tambi\u00e9n las decenas de notas publicadas en p\u00e1ginas web sean le\u00eddas en donde se &quot;cocina&quot; el poder pol\u00edtico en nuestro pa\u00eds\" \/>\n<meta property=\"og:url\" content=\"https:\/\/infoecos.com.ar\/index.php\/el-recuerdo-masivo-a-barracchia-deja-en-claro-que-otra-argentina-es-posible\/\" \/>\n<meta property=\"og:site_name\" content=\"Infoecos\" \/>\n<meta property=\"article:publisher\" content=\"https:\/\/www.facebook.com\/profile.php?id=100063200290284\" \/>\n<meta property=\"article:published_time\" content=\"2021-01-21T04:22:35+00:00\" \/>\n<meta property=\"article:modified_time\" content=\"2021-01-22T03:53:37+00:00\" \/>\n<meta property=\"og:image\" content=\"https:\/\/infoecos.com.ar\/wp-content\/uploads\/2021\/01\/barrachia3.jpg\" \/>\n\t<meta property=\"og:image:width\" content=\"1280\" \/>\n\t<meta property=\"og:image:height\" content=\"853\" \/>\n\t<meta property=\"og:image:type\" content=\"image\/jpeg\" \/>\n<meta name=\"author\" content=\"Jorge Matheus\" \/>\n<meta name=\"twitter:card\" content=\"summary_large_image\" \/>\n<meta name=\"twitter:creator\" content=\"@infoecos\" \/>\n<meta name=\"twitter:site\" content=\"@infoecos\" \/>\n<meta name=\"twitter:label1\" content=\"Escrito por\" \/>\n\t<meta name=\"twitter:data1\" content=\"Jorge Matheus\" \/>\n\t<meta name=\"twitter:label2\" content=\"Tiempo de lectura\" \/>\n\t<meta name=\"twitter:data2\" content=\"1 minuto\" \/>\n<script type=\"application\/ld+json\" class=\"yoast-schema-graph\">{\"@context\":\"https:\/\/schema.org\",\"@graph\":[{\"@type\":\"Article\",\"@id\":\"https:\/\/infoecos.com.ar\/index.php\/el-recuerdo-masivo-a-barracchia-deja-en-claro-que-otra-argentina-es-posible\/#article\",\"isPartOf\":{\"@id\":\"https:\/\/infoecos.com.ar\/index.php\/el-recuerdo-masivo-a-barracchia-deja-en-claro-que-otra-argentina-es-posible\/\"},\"author\":{\"name\":\"Jorge Matheus\",\"@id\":\"https:\/\/infoecos.com.ar\/#\/schema\/person\/8f5ace5ce73b4b4aac4b7245aee6f191\"},\"headline\":\"El recuerdo masivo a Barracchia deja en claro que \u00abotra Argentina es posible\u00bb\",\"datePublished\":\"2021-01-21T04:22:35+00:00\",\"dateModified\":\"2021-01-22T03:53:37+00:00\",\"mainEntityOfPage\":{\"@id\":\"https:\/\/infoecos.com.ar\/index.php\/el-recuerdo-masivo-a-barracchia-deja-en-claro-que-otra-argentina-es-posible\/\"},\"wordCount\":288,\"publisher\":{\"@id\":\"https:\/\/infoecos.com.ar\/#organization\"},\"image\":{\"@id\":\"https:\/\/infoecos.com.ar\/index.php\/el-recuerdo-masivo-a-barracchia-deja-en-claro-que-otra-argentina-es-posible\/#primaryimage\"},\"thumbnailUrl\":\"https:\/\/infoecos.com.ar\/wp-content\/uploads\/2021\/01\/barrachia3.jpg\",\"keywords\":[\"ESCRIBE: JORGE MATHEUS\"],\"articleSection\":[\"Bloque inferior - 10\"],\"inLanguage\":\"es\"},{\"@type\":\"WebPage\",\"@id\":\"https:\/\/infoecos.com.ar\/index.php\/el-recuerdo-masivo-a-barracchia-deja-en-claro-que-otra-argentina-es-posible\/\",\"url\":\"https:\/\/infoecos.com.ar\/index.php\/el-recuerdo-masivo-a-barracchia-deja-en-claro-que-otra-argentina-es-posible\/\",\"name\":\"El recuerdo masivo a Barracchia deja en claro que \\\"otra Argentina es posible\\\" - Infoecos\",\"isPartOf\":{\"@id\":\"https:\/\/infoecos.com.ar\/#website\"},\"primaryImageOfPage\":{\"@id\":\"https:\/\/infoecos.com.ar\/index.php\/el-recuerdo-masivo-a-barracchia-deja-en-claro-que-otra-argentina-es-posible\/#primaryimage\"},\"image\":{\"@id\":\"https:\/\/infoecos.com.ar\/index.php\/el-recuerdo-masivo-a-barracchia-deja-en-claro-que-otra-argentina-es-posible\/#primaryimage\"},\"thumbnailUrl\":\"https:\/\/infoecos.com.ar\/wp-content\/uploads\/2021\/01\/barrachia3.jpg\",\"datePublished\":\"2021-01-21T04:22:35+00:00\",\"dateModified\":\"2021-01-22T03:53:37+00:00\",\"breadcrumb\":{\"@id\":\"https:\/\/infoecos.com.ar\/index.php\/el-recuerdo-masivo-a-barracchia-deja-en-claro-que-otra-argentina-es-posible\/#breadcrumb\"},\"inLanguage\":\"es\",\"potentialAction\":[{\"@type\":\"ReadAction\",\"target\":[\"https:\/\/infoecos.com.ar\/index.php\/el-recuerdo-masivo-a-barracchia-deja-en-claro-que-otra-argentina-es-posible\/\"]}]},{\"@type\":\"ImageObject\",\"inLanguage\":\"es\",\"@id\":\"https:\/\/infoecos.com.ar\/index.php\/el-recuerdo-masivo-a-barracchia-deja-en-claro-que-otra-argentina-es-posible\/#primaryimage\",\"url\":\"https:\/\/infoecos.com.ar\/wp-content\/uploads\/2021\/01\/barrachia3.jpg\",\"contentUrl\":\"https:\/\/infoecos.com.ar\/wp-content\/uploads\/2021\/01\/barrachia3.jpg\",\"width\":1280,\"height\":853},{\"@type\":\"BreadcrumbList\",\"@id\":\"https:\/\/infoecos.com.ar\/index.php\/el-recuerdo-masivo-a-barracchia-deja-en-claro-que-otra-argentina-es-posible\/#breadcrumb\",\"itemListElement\":[{\"@type\":\"ListItem\",\"position\":1,\"name\":\"Portada\",\"item\":\"https:\/\/infoecos.com.ar\/\"},{\"@type\":\"ListItem\",\"position\":2,\"name\":\"El recuerdo masivo a Barracchia deja en claro que \u00abotra Argentina es posible\u00bb\"}]},{\"@type\":\"WebSite\",\"@id\":\"https:\/\/infoecos.com.ar\/#website\",\"url\":\"https:\/\/infoecos.com.ar\/\",\"name\":\"Infoecos\",\"description\":\"Noticias de trenque lauquen y la zona\",\"publisher\":{\"@id\":\"https:\/\/infoecos.com.ar\/#organization\"},\"alternateName\":\"Noticias\",\"potentialAction\":[{\"@type\":\"SearchAction\",\"target\":{\"@type\":\"EntryPoint\",\"urlTemplate\":\"https:\/\/infoecos.com.ar\/?s={search_term_string}\"},\"query-input\":{\"@type\":\"PropertyValueSpecification\",\"valueRequired\":true,\"valueName\":\"search_term_string\"}}],\"inLanguage\":\"es\"},{\"@type\":\"Organization\",\"@id\":\"https:\/\/infoecos.com.ar\/#organization\",\"name\":\"Infoecos\",\"alternateName\":\"Noticias\",\"url\":\"https:\/\/infoecos.com.ar\/\",\"logo\":{\"@type\":\"ImageObject\",\"inLanguage\":\"es\",\"@id\":\"https:\/\/infoecos.com.ar\/#\/schema\/logo\/image\/\",\"url\":\"https:\/\/infoecos.com.ar\/wp-content\/uploads\/2024\/03\/cropped-logo.png\",\"contentUrl\":\"https:\/\/infoecos.com.ar\/wp-content\/uploads\/2024\/03\/cropped-logo.png\",\"width\":374,\"height\":90,\"caption\":\"Infoecos\"},\"image\":{\"@id\":\"https:\/\/infoecos.com.ar\/#\/schema\/logo\/image\/\"},\"sameAs\":[\"https:\/\/www.facebook.com\/profile.php?id=100063200290284\",\"https:\/\/x.com\/infoecos\"]},{\"@type\":\"Person\",\"@id\":\"https:\/\/infoecos.com.ar\/#\/schema\/person\/8f5ace5ce73b4b4aac4b7245aee6f191\",\"name\":\"Jorge Matheus\",\"url\":\"https:\/\/infoecos.com.ar\/index.php\/author\/jomatheus\/\"}]}<\/script>\n<!-- \/ Yoast SEO plugin. -->","yoast_head_json":{"title":"El recuerdo masivo a Barracchia deja en claro que \"otra Argentina es posible\" - Infoecos","robots":{"index":"index","follow":"follow","max-snippet":"max-snippet:-1","max-image-preview":"max-image-preview:large","max-video-preview":"max-video-preview:-1"},"canonical":"https:\/\/infoecos.com.ar\/index.php\/el-recuerdo-masivo-a-barracchia-deja-en-claro-que-otra-argentina-es-posible\/","og_locale":"es_ES","og_type":"article","og_title":"El recuerdo masivo a Barracchia deja en claro que \"otra Argentina es posible\" - Infoecos","og_description":"Es de esperar que las manifestaciones donde se vuelca el legado, como asi tambi\u00e9n las decenas de notas publicadas en p\u00e1ginas web sean le\u00eddas en donde se \"cocina\" el poder pol\u00edtico en nuestro pa\u00eds","og_url":"https:\/\/infoecos.com.ar\/index.php\/el-recuerdo-masivo-a-barracchia-deja-en-claro-que-otra-argentina-es-posible\/","og_site_name":"Infoecos","article_publisher":"https:\/\/www.facebook.com\/profile.php?id=100063200290284","article_published_time":"2021-01-21T04:22:35+00:00","article_modified_time":"2021-01-22T03:53:37+00:00","og_image":[{"width":1280,"height":853,"url":"https:\/\/infoecos.com.ar\/wp-content\/uploads\/2021\/01\/barrachia3.jpg","type":"image\/jpeg"}],"author":"Jorge Matheus","twitter_card":"summary_large_image","twitter_creator":"@infoecos","twitter_site":"@infoecos","twitter_misc":{"Escrito por":"Jorge Matheus","Tiempo de lectura":"1 minuto"},"schema":{"@context":"https:\/\/schema.org","@graph":[{"@type":"Article","@id":"https:\/\/infoecos.com.ar\/index.php\/el-recuerdo-masivo-a-barracchia-deja-en-claro-que-otra-argentina-es-posible\/#article","isPartOf":{"@id":"https:\/\/infoecos.com.ar\/index.php\/el-recuerdo-masivo-a-barracchia-deja-en-claro-que-otra-argentina-es-posible\/"},"author":{"name":"Jorge Matheus","@id":"https:\/\/infoecos.com.ar\/#\/schema\/person\/8f5ace5ce73b4b4aac4b7245aee6f191"},"headline":"El recuerdo masivo a Barracchia deja en claro que \u00abotra Argentina es posible\u00bb","datePublished":"2021-01-21T04:22:35+00:00","dateModified":"2021-01-22T03:53:37+00:00","mainEntityOfPage":{"@id":"https:\/\/infoecos.com.ar\/index.php\/el-recuerdo-masivo-a-barracchia-deja-en-claro-que-otra-argentina-es-posible\/"},"wordCount":288,"publisher":{"@id":"https:\/\/infoecos.com.ar\/#organization"},"image":{"@id":"https:\/\/infoecos.com.ar\/index.php\/el-recuerdo-masivo-a-barracchia-deja-en-claro-que-otra-argentina-es-posible\/#primaryimage"},"thumbnailUrl":"https:\/\/infoecos.com.ar\/wp-content\/uploads\/2021\/01\/barrachia3.jpg","keywords":["ESCRIBE: JORGE MATHEUS"],"articleSection":["Bloque inferior - 10"],"inLanguage":"es"},{"@type":"WebPage","@id":"https:\/\/infoecos.com.ar\/index.php\/el-recuerdo-masivo-a-barracchia-deja-en-claro-que-otra-argentina-es-posible\/","url":"https:\/\/infoecos.com.ar\/index.php\/el-recuerdo-masivo-a-barracchia-deja-en-claro-que-otra-argentina-es-posible\/","name":"El recuerdo masivo a Barracchia deja en claro que \"otra Argentina es posible\" - Infoecos","isPartOf":{"@id":"https:\/\/infoecos.com.ar\/#website"},"primaryImageOfPage":{"@id":"https:\/\/infoecos.com.ar\/index.php\/el-recuerdo-masivo-a-barracchia-deja-en-claro-que-otra-argentina-es-posible\/#primaryimage"},"image":{"@id":"https:\/\/infoecos.com.ar\/index.php\/el-recuerdo-masivo-a-barracchia-deja-en-claro-que-otra-argentina-es-posible\/#primaryimage"},"thumbnailUrl":"https:\/\/infoecos.com.ar\/wp-content\/uploads\/2021\/01\/barrachia3.jpg","datePublished":"2021-01-21T04:22:35+00:00","dateModified":"2021-01-22T03:53:37+00:00","breadcrumb":{"@id":"https:\/\/infoecos.com.ar\/index.php\/el-recuerdo-masivo-a-barracchia-deja-en-claro-que-otra-argentina-es-posible\/#breadcrumb"},"inLanguage":"es","potentialAction":[{"@type":"ReadAction","target":["https:\/\/infoecos.com.ar\/index.php\/el-recuerdo-masivo-a-barracchia-deja-en-claro-que-otra-argentina-es-posible\/"]}]},{"@type":"ImageObject","inLanguage":"es","@id":"https:\/\/infoecos.com.ar\/index.php\/el-recuerdo-masivo-a-barracchia-deja-en-claro-que-otra-argentina-es-posible\/#primaryimage","url":"https:\/\/infoecos.com.ar\/wp-content\/uploads\/2021\/01\/barrachia3.jpg","contentUrl":"https:\/\/infoecos.com.ar\/wp-content\/uploads\/2021\/01\/barrachia3.jpg","width":1280,"height":853},{"@type":"BreadcrumbList","@id":"https:\/\/infoecos.com.ar\/index.php\/el-recuerdo-masivo-a-barracchia-deja-en-claro-que-otra-argentina-es-posible\/#breadcrumb","itemListElement":[{"@type":"ListItem","position":1,"name":"Portada","item":"https:\/\/infoecos.com.ar\/"},{"@type":"ListItem","position":2,"name":"El recuerdo masivo a Barracchia deja en claro que \u00abotra Argentina es posible\u00bb"}]},{"@type":"WebSite","@id":"https:\/\/infoecos.com.ar\/#website","url":"https:\/\/infoecos.com.ar\/","name":"Infoecos","description":"Noticias de trenque lauquen y la zona","publisher":{"@id":"https:\/\/infoecos.com.ar\/#organization"},"alternateName":"Noticias","potentialAction":[{"@type":"SearchAction","target":{"@type":"EntryPoint","urlTemplate":"https:\/\/infoecos.com.ar\/?s={search_term_string}"},"query-input":{"@type":"PropertyValueSpecification","valueRequired":true,"valueName":"search_term_string"}}],"inLanguage":"es"},{"@type":"Organization","@id":"https:\/\/infoecos.com.ar\/#organization","name":"Infoecos","alternateName":"Noticias","url":"https:\/\/infoecos.com.ar\/","logo":{"@type":"ImageObject","inLanguage":"es","@id":"https:\/\/infoecos.com.ar\/#\/schema\/logo\/image\/","url":"https:\/\/infoecos.com.ar\/wp-content\/uploads\/2024\/03\/cropped-logo.png","contentUrl":"https:\/\/infoecos.com.ar\/wp-content\/uploads\/2024\/03\/cropped-logo.png","width":374,"height":90,"caption":"Infoecos"},"image":{"@id":"https:\/\/infoecos.com.ar\/#\/schema\/logo\/image\/"},"sameAs":["https:\/\/www.facebook.com\/profile.php?id=100063200290284","https:\/\/x.com\/infoecos"]},{"@type":"Person","@id":"https:\/\/infoecos.com.ar\/#\/schema\/person\/8f5ace5ce73b4b4aac4b7245aee6f191","name":"Jorge Matheus","url":"https:\/\/infoecos.com.ar\/index.php\/author\/jomatheus\/"}]}},"featured_image_urls":{"full":["https:\/\/infoecos.com.ar\/wp-content\/uploads\/2021\/01\/barrachia3.jpg",1280,853,false],"thumbnail":["https:\/\/infoecos.com.ar\/wp-content\/uploads\/2021\/01\/barrachia3-150x150.jpg",150,150,true],"medium":["https:\/\/infoecos.com.ar\/wp-content\/uploads\/2021\/01\/barrachia3-460x307.jpg",460,307,true],"medium_large":["https:\/\/infoecos.com.ar\/wp-content\/uploads\/2021\/01\/barrachia3-768x512.jpg",640,427,true],"large":["https:\/\/infoecos.com.ar\/wp-content\/uploads\/2021\/01\/barrachia3-920x613.jpg",640,426,true],"1536x1536":["https:\/\/infoecos.com.ar\/wp-content\/uploads\/2021\/01\/barrachia3.jpg",1280,853,false],"2048x2048":["https:\/\/infoecos.com.ar\/wp-content\/uploads\/2021\/01\/barrachia3.jpg",1280,853,false],"covernews-slider-full":["https:\/\/infoecos.com.ar\/wp-content\/uploads\/2021\/01\/barrachia3.jpg",1073,715,false],"covernews-slider-center":["https:\/\/infoecos.com.ar\/wp-content\/uploads\/2021\/01\/barrachia3-936x853.jpg",549,500,true],"covernews-featured":["https:\/\/infoecos.com.ar\/wp-content\/uploads\/2021\/01\/barrachia3-1024x682.jpg",1024,682,true],"covernews-medium":["https:\/\/infoecos.com.ar\/wp-content\/uploads\/2021\/01\/barrachia3-720x380.jpg",540,285,true],"covernews-medium-square":["https:\/\/infoecos.com.ar\/wp-content\/uploads\/2021\/01\/barrachia3-675x450.jpg",375,250,true]},"author_info":{"info":["Jorge Matheus"]},"category_info":"<a href=\"https:\/\/infoecos.com.ar\/index.php\/category\/inferior10\/\" rel=\"category tag\">Bloque inferior - 10<\/a>","tag_info":"Bloque inferior - 10","comment_count":"0","_links":{"self":[{"href":"https:\/\/infoecos.com.ar\/index.php\/wp-json\/wp\/v2\/posts\/73057"}],"collection":[{"href":"https:\/\/infoecos.com.ar\/index.php\/wp-json\/wp\/v2\/posts"}],"about":[{"href":"https:\/\/infoecos.com.ar\/index.php\/wp-json\/wp\/v2\/types\/post"}],"author":[{"embeddable":true,"href":"https:\/\/infoecos.com.ar\/index.php\/wp-json\/wp\/v2\/users\/2"}],"replies":[{"embeddable":true,"href":"https:\/\/infoecos.com.ar\/index.php\/wp-json\/wp\/v2\/comments?post=73057"}],"version-history":[{"count":1,"href":"https:\/\/infoecos.com.ar\/index.php\/wp-json\/wp\/v2\/posts\/73057\/revisions"}],"predecessor-version":[{"id":73058,"href":"https:\/\/infoecos.com.ar\/index.php\/wp-json\/wp\/v2\/posts\/73057\/revisions\/73058"}],"wp:featuredmedia":[{"embeddable":true,"href":"https:\/\/infoecos.com.ar\/index.php\/wp-json\/wp\/v2\/media\/72978"}],"wp:attachment":[{"href":"https:\/\/infoecos.com.ar\/index.php\/wp-json\/wp\/v2\/media?parent=73057"}],"wp:term":[{"taxonomy":"category","embeddable":true,"href":"https:\/\/infoecos.com.ar\/index.php\/wp-json\/wp\/v2\/categories?post=73057"},{"taxonomy":"post_tag","embeddable":true,"href":"https:\/\/infoecos.com.ar\/index.php\/wp-json\/wp\/v2\/tags?post=73057"}],"curies":[{"name":"wp","href":"https:\/\/api.w.org\/{rel}","templated":true}]}}