{"id":73062,"date":"2021-01-21T01:35:26","date_gmt":"2021-01-21T04:35:26","guid":{"rendered":"http:\/\/infoecos.com.ar\/?p=73062"},"modified":"2021-01-22T00:45:00","modified_gmt":"2021-01-22T03:45:00","slug":"este-miercoles-dejo-de-prestar-servicios-la-primavera","status":"publish","type":"post","link":"https:\/\/infoecos.com.ar\/index.php\/este-miercoles-dejo-de-prestar-servicios-la-primavera\/","title":{"rendered":"Este mi\u00e9rcoles dej\u00f3 de prestar servicios \u00abLa Primavera\u00bb"},"content":{"rendered":"\n<p class=\"wp-block-paragraph\">Este mi\u00e9rcoles dej\u00f3 de prestar servicio de autotransporte de pasajeros la empresa \u00abLa Primavera\u00bb.<\/p>\n\n\n\n<div class=\"wp-block-image\"><figure class=\"aligncenter size-large\"><img loading=\"lazy\" decoding=\"async\" width=\"620\" height=\"350\" src=\"http:\/\/infoecos.com.ar\/wp-content\/uploads\/2021\/01\/1-51-620x350-1.jpg\" alt=\"\" class=\"wp-image-73063\" srcset=\"https:\/\/infoecos.com.ar\/wp-content\/uploads\/2021\/01\/1-51-620x350-1.jpg 620w, https:\/\/infoecos.com.ar\/wp-content\/uploads\/2021\/01\/1-51-620x350-1-460x260.jpg 460w\" sizes=\"auto, (max-width: 620px) 100vw, 620px\" \/><\/figure><\/div>\n\n\n\n<p class=\"wp-block-paragraph\">La informaci\u00f3n fue publicada en la red social Facebook, donde se destaca la tarea que la misma realiz\u00f3 durante a\u00f1os, muy especialmente en \u00e9pocas de inundaci\u00f3n.<\/p>\n\n\n\n<p class=\"wp-block-paragraph\">\u00abLa Primavera\u00bb, cuyos propietarios residen en Juan Jos\u00e9 Paso, realizaba el recorrido diario entre Pehuaj\u00f3 y Trenque Lauquen, pasando por las localidades de Francisco Madero, Juan Jos\u00e9 Paso y Beruti.<\/p>\n\n\n\n<p class=\"wp-block-paragraph\">Se pondera que durante la prestaci\u00f3n de los servicios las acciones empresarias fueron m\u00e1s all\u00e1 de lo comercial. Tambi\u00e9n realiz\u00f3 una tarea solidaria encomiable. <\/p>\n","protected":false},"excerpt":{"rendered":"<p>La informaci\u00f3n fue publicada en la red social Facebook, donde se destaca la tarea que la misma realiz\u00f3 durante a\u00f1os, muy especialmente en \u00e9pocas de inundaci\u00f3n<\/p>\n","protected":false},"author":2,"featured_media":73063,"comment_status":"closed","ping_status":"open","sticky":false,"template":"","format":"standard","meta":{"footnotes":""},"categories":[40],"tags":[2663],"class_list":["post-73062","post","type-post","status-publish","format-standard","has-post-thumbnail","hentry","category-inferior1","tag-un-icono-del-autotransporte-de-pasajeros"],"featured_image_urls":{"full":["https:\/\/infoecos.com.ar\/wp-content\/uploads\/2021\/01\/1-51-620x350-1.jpg",620,350,false],"thumbnail":["https:\/\/infoecos.com.ar\/wp-content\/uploads\/2021\/01\/1-51-620x350-1-150x150.jpg",150,150,true],"medium":["https:\/\/infoecos.com.ar\/wp-content\/uploads\/2021\/01\/1-51-620x350-1-460x260.jpg",460,260,true],"medium_large":["https:\/\/infoecos.com.ar\/wp-content\/uploads\/2021\/01\/1-51-620x350-1.jpg",620,350,false],"large":["https:\/\/infoecos.com.ar\/wp-content\/uploads\/2021\/01\/1-51-620x350-1.jpg",620,350,false],"1536x1536":["https:\/\/infoecos.com.ar\/wp-content\/uploads\/2021\/01\/1-51-620x350-1.jpg",620,350,false],"2048x2048":["https:\/\/infoecos.com.ar\/wp-content\/uploads\/2021\/01\/1-51-620x350-1.jpg",620,350,false],"covernews-slider-full":["https:\/\/infoecos.com.ar\/wp-content\/uploads\/2021\/01\/1-51-620x350-1.jpg",620,350,false],"covernews-slider-center":["https:\/\/infoecos.com.ar\/wp-content\/uploads\/2021\/01\/1-51-620x350-1.jpg",620,350,false],"covernews-featured":["https:\/\/infoecos.com.ar\/wp-content\/uploads\/2021\/01\/1-51-620x350-1.jpg",620,350,false],"covernews-medium":["https:\/\/infoecos.com.ar\/wp-content\/uploads\/2021\/01\/1-51-620x350-1.jpg",540,305,false],"covernews-medium-square":["https:\/\/infoecos.com.ar\/wp-content\/uploads\/2021\/01\/1-51-620x350-1.jpg",400,226,false]},"author_info":{"info":["Jorge Matheus"]},"category_info":"<a href=\"https:\/\/infoecos.com.ar\/index.php\/category\/inferior1\/\" rel=\"category tag\">Bloque inferior - 1<\/a>","tag_info":"Bloque inferior - 1","comment_count":"0","_links":{"self":[{"href":"https:\/\/infoecos.com.ar\/index.php\/wp-json\/wp\/v2\/posts\/73062","targetHints":{"allow":["GET"]}}],"collection":[{"href":"https:\/\/infoecos.com.ar\/index.php\/wp-json\/wp\/v2\/posts"}],"about":[{"href":"https:\/\/infoecos.com.ar\/index.php\/wp-json\/wp\/v2\/types\/post"}],"author":[{"embeddable":true,"href":"https:\/\/infoecos.com.ar\/index.php\/wp-json\/wp\/v2\/users\/2"}],"replies":[{"embeddable":true,"href":"https:\/\/infoecos.com.ar\/index.php\/wp-json\/wp\/v2\/comments?post=73062"}],"version-history":[{"count":1,"href":"https:\/\/infoecos.com.ar\/index.php\/wp-json\/wp\/v2\/posts\/73062\/revisions"}],"predecessor-version":[{"id":73064,"href":"https:\/\/infoecos.com.ar\/index.php\/wp-json\/wp\/v2\/posts\/73062\/revisions\/73064"}],"wp:featuredmedia":[{"embeddable":true,"href":"https:\/\/infoecos.com.ar\/index.php\/wp-json\/wp\/v2\/media\/73063"}],"wp:attachment":[{"href":"https:\/\/infoecos.com.ar\/index.php\/wp-json\/wp\/v2\/media?parent=73062"}],"wp:term":[{"taxonomy":"category","embeddable":true,"href":"https:\/\/infoecos.com.ar\/index.php\/wp-json\/wp\/v2\/categories?post=73062"},{"taxonomy":"post_tag","embeddable":true,"href":"https:\/\/infoecos.com.ar\/index.php\/wp-json\/wp\/v2\/tags?post=73062"}],"curies":[{"name":"wp","href":"https:\/\/api.w.org\/{rel}","templated":true}]}}