{"id":73081,"date":"2021-01-21T13:55:07","date_gmt":"2021-01-21T16:55:07","guid":{"rendered":"http:\/\/infoecos.com.ar\/?p=73081"},"modified":"2021-01-21T13:55:11","modified_gmt":"2021-01-21T16:55:11","slug":"el-sindicato-de-camioneros-de-santa-fe-reclamo-un-plan-de-vacunacion-contra-el-covid-19-para-sus-trabajadores","status":"publish","type":"post","link":"https:\/\/infoecos.com.ar\/index.php\/el-sindicato-de-camioneros-de-santa-fe-reclamo-un-plan-de-vacunacion-contra-el-covid-19-para-sus-trabajadores\/","title":{"rendered":"El Sindicato de Camioneros de Santa Fe, reclam\u00f3 un plan de vacunaci\u00f3n contra el COVID 19 para sus trabajadores"},"content":{"rendered":"\n<p class=\"wp-block-paragraph\">\u201cSomos trabajadores esenciales y lo hemos dado todo para que siga girando la rueda econ\u00f3mica de la Argentina, abasteciendo cada rinc\u00f3n del pa\u00eds y su gente y cubriendo sus necesidades\u201d sentenci\u00f3 el l\u00edder federal de Camioneros, Sergio Aladio.<\/p>\n\n\n\n<div class=\"wp-block-image\"><figure class=\"aligncenter size-medium\"><img loading=\"lazy\" decoding=\"async\" width=\"460\" height=\"305\" src=\"http:\/\/infoecos.com.ar\/wp-content\/uploads\/2021\/01\/aladiosergio-460x305.jpg\" alt=\"\" class=\"wp-image-73082\" srcset=\"https:\/\/infoecos.com.ar\/wp-content\/uploads\/2021\/01\/aladiosergio-460x305.jpg 460w, https:\/\/infoecos.com.ar\/wp-content\/uploads\/2021\/01\/aladiosergio-920x611.jpg 920w, https:\/\/infoecos.com.ar\/wp-content\/uploads\/2021\/01\/aladiosergio-768x510.jpg 768w, https:\/\/infoecos.com.ar\/wp-content\/uploads\/2021\/01\/aladiosergio.jpg 1024w\" sizes=\"auto, (max-width: 460px) 100vw, 460px\" \/><\/figure><\/div>\n\n\n\n<p class=\"wp-block-paragraph\">En un comunicado, expres\u00f3 que \u201cdeben tenernos en cuenta el Gobierno Nacional y los gobiernos provinciales, porque nuestro trabajo no se detiene y necesitamos estar cubiertos de esta enfermedad. Es necesario proteger a los trabajadores esenciales y en particular, tambi\u00e9n, a los camioneros\u201d remarc\u00f3.<\/p>\n\n\n\n<p class=\"wp-block-paragraph\">Aladio explic\u00f3 que \u201ccuando digo cada una de las actividades, me refiero a cada muchacho o muchacha que trabajan en la distribuci\u00f3n de medicamentos o alimentos, en la recolecci\u00f3n de residuos, en la entrega de dinero y en otras tantas actividades que permiten que la econom\u00eda y el pa\u00eds no se detengan\u201d.<\/p>\n\n\n\n<p class=\"wp-block-paragraph\">Por \u00faltimo subray\u00f3 que \u201cen esta lucha contra un enemigo invisible, somos los que recorremos y recorrimos el pa\u00eds a lo largo y lo ancho del mismo; los que padecimos los maltratos en el ingreso a cada provincia, casi al l\u00edmites insospechados de vejaci\u00f3n, con fajas en los camiones para no bajar de las cabinas, o mandarnos a los trabajadores a playas donde se los aislaban por tiempos indefinidos\u201d.<\/p>\n","protected":false},"excerpt":{"rendered":"<p>\u201cSomos trabajadores esenciales y lo hemos dado todo para que siga girando la rueda econ\u00f3mica de la Argentina\u00bb, se\u00f1al\u00f3 Sergio Aladio<\/p>\n","protected":false},"author":2,"featured_media":73083,"comment_status":"closed","ping_status":"open","sticky":false,"template":"","format":"standard","meta":{"footnotes":""},"categories":[49],"tags":[2664],"class_list":["post-73081","post","type-post","status-publish","format-standard","has-post-thumbnail","hentry","category-c3nota3","tag-justo-pedido"],"featured_image_urls":{"full":["https:\/\/infoecos.com.ar\/wp-content\/uploads\/2021\/01\/aladiosergio1.jpg",512,307,false],"thumbnail":["https:\/\/infoecos.com.ar\/wp-content\/uploads\/2021\/01\/aladiosergio1-150x150.jpg",150,150,true],"medium":["https:\/\/infoecos.com.ar\/wp-content\/uploads\/2021\/01\/aladiosergio1-460x276.jpg",460,276,true],"medium_large":["https:\/\/infoecos.com.ar\/wp-content\/uploads\/2021\/01\/aladiosergio1.jpg",512,307,false],"large":["https:\/\/infoecos.com.ar\/wp-content\/uploads\/2021\/01\/aladiosergio1.jpg",512,307,false],"1536x1536":["https:\/\/infoecos.com.ar\/wp-content\/uploads\/2021\/01\/aladiosergio1.jpg",512,307,false],"2048x2048":["https:\/\/infoecos.com.ar\/wp-content\/uploads\/2021\/01\/aladiosergio1.jpg",512,307,false],"covernews-slider-full":["https:\/\/infoecos.com.ar\/wp-content\/uploads\/2021\/01\/aladiosergio1.jpg",512,307,false],"covernews-slider-center":["https:\/\/infoecos.com.ar\/wp-content\/uploads\/2021\/01\/aladiosergio1.jpg",512,307,false],"covernews-featured":["https:\/\/infoecos.com.ar\/wp-content\/uploads\/2021\/01\/aladiosergio1.jpg",512,307,false],"covernews-medium":["https:\/\/infoecos.com.ar\/wp-content\/uploads\/2021\/01\/aladiosergio1.jpg",512,307,false],"covernews-medium-square":["https:\/\/infoecos.com.ar\/wp-content\/uploads\/2021\/01\/aladiosergio1.jpg",400,240,false]},"author_info":{"info":["Jorge Matheus"]},"category_info":"<a href=\"https:\/\/infoecos.com.ar\/index.php\/category\/c3nota3\/\" rel=\"category tag\">C3 N3<\/a>","tag_info":"C3 N3","comment_count":"0","_links":{"self":[{"href":"https:\/\/infoecos.com.ar\/index.php\/wp-json\/wp\/v2\/posts\/73081","targetHints":{"allow":["GET"]}}],"collection":[{"href":"https:\/\/infoecos.com.ar\/index.php\/wp-json\/wp\/v2\/posts"}],"about":[{"href":"https:\/\/infoecos.com.ar\/index.php\/wp-json\/wp\/v2\/types\/post"}],"author":[{"embeddable":true,"href":"https:\/\/infoecos.com.ar\/index.php\/wp-json\/wp\/v2\/users\/2"}],"replies":[{"embeddable":true,"href":"https:\/\/infoecos.com.ar\/index.php\/wp-json\/wp\/v2\/comments?post=73081"}],"version-history":[{"count":1,"href":"https:\/\/infoecos.com.ar\/index.php\/wp-json\/wp\/v2\/posts\/73081\/revisions"}],"predecessor-version":[{"id":73084,"href":"https:\/\/infoecos.com.ar\/index.php\/wp-json\/wp\/v2\/posts\/73081\/revisions\/73084"}],"wp:featuredmedia":[{"embeddable":true,"href":"https:\/\/infoecos.com.ar\/index.php\/wp-json\/wp\/v2\/media\/73083"}],"wp:attachment":[{"href":"https:\/\/infoecos.com.ar\/index.php\/wp-json\/wp\/v2\/media?parent=73081"}],"wp:term":[{"taxonomy":"category","embeddable":true,"href":"https:\/\/infoecos.com.ar\/index.php\/wp-json\/wp\/v2\/categories?post=73081"},{"taxonomy":"post_tag","embeddable":true,"href":"https:\/\/infoecos.com.ar\/index.php\/wp-json\/wp\/v2\/tags?post=73081"}],"curies":[{"name":"wp","href":"https:\/\/api.w.org\/{rel}","templated":true}]}}