{"id":73085,"date":"2021-01-21T14:06:07","date_gmt":"2021-01-21T17:06:07","guid":{"rendered":"http:\/\/infoecos.com.ar\/?p=73085"},"modified":"2021-01-21T14:06:09","modified_gmt":"2021-01-21T17:06:09","slug":"se-mantiene-el-numero-de-casos-positivos-en-trenque-lauquen-reportaron-227-este-jueves","status":"publish","type":"post","link":"https:\/\/infoecos.com.ar\/index.php\/se-mantiene-el-numero-de-casos-positivos-en-trenque-lauquen-reportaron-227-este-jueves\/","title":{"rendered":"Se mantiene el n\u00famero de casos positivos en Trenque Lauquen: reportaron 227 este jueves"},"content":{"rendered":"\n<p class=\"wp-block-paragraph\">Dieciocho (18) nuevos casos de Covid-19 confirmados, 11 de Trenque Lauquen y siete (7) de Treinta de Agosto; 20 personas recuperadas m\u00e1s y 29 casos descartados fueron reportados este jueves por la subsecretar\u00eda de Salud Municipal.<\/p>\n\n\n\n<div class=\"wp-block-image\"><figure class=\"aligncenter size-medium\"><img loading=\"lazy\" decoding=\"async\" width=\"460\" height=\"460\" src=\"http:\/\/infoecos.com.ar\/wp-content\/uploads\/2021\/01\/reportetljueves-1-460x460.jpg\" alt=\"\" class=\"wp-image-73086\" srcset=\"https:\/\/infoecos.com.ar\/wp-content\/uploads\/2021\/01\/reportetljueves-1-460x460.jpg 460w, https:\/\/infoecos.com.ar\/wp-content\/uploads\/2021\/01\/reportetljueves-1-920x920.jpg 920w, https:\/\/infoecos.com.ar\/wp-content\/uploads\/2021\/01\/reportetljueves-1-150x150.jpg 150w, https:\/\/infoecos.com.ar\/wp-content\/uploads\/2021\/01\/reportetljueves-1-768x768.jpg 768w, https:\/\/infoecos.com.ar\/wp-content\/uploads\/2021\/01\/reportetljueves-1-1024x1024.jpg 1024w, https:\/\/infoecos.com.ar\/wp-content\/uploads\/2021\/01\/reportetljueves-1.jpg 1280w\" sizes=\"auto, (max-width: 460px) 100vw, 460px\" \/><\/figure><\/div>\n\n\n\n<p class=\"wp-block-paragraph\">Con estos datos los casos activos se mantienen en 227 debido a que otros dos (2) nuevos casos confirmados hab\u00edan sido cargados por el sistema inform\u00e1tico -que lleva las estad\u00edsticas de la situaci\u00f3n sanitaria del distrito- ayer (mi\u00e9rcoles) despu\u00e9s de haberse emitido el informe diario que elabora el \u00e1rea de Salud. Esos dos (2) casos fueron detectados por hisopado y corresponden a Trenque Lauquen.<\/p>\n\n\n\n<p class=\"wp-block-paragraph\">De los 18 nuevos casos de la fecha, 12 se registraron por hisopado y seis (6) por nexo o criterio epidemiol\u00f3gico seg\u00fan protocolo actualizado vigente: 11 pertenecen a Trenque Lauquen \u2013seis (6) por hisopado y cinco (5) por nexo o criterio- y siete (7) a Treinta de Agosto \u2013seis (6) por hisopado y uno (1) por nexo o criterio-.<\/p>\n\n\n\n<p class=\"wp-block-paragraph\">Entre los 227 casos activos, 163 son de la ciudad cabecera, 63 de Treinta de Agosto y uno (1) de Beruti, y diez (10) se encuentran en el Hospital Municipal Dr. Pedro T. Orellana, cinco (5) en el Centro Extrahospitalario que funciona en el ex Hotel Pailla Hu\u00e9 y 212 en sus domicilios particulares.<\/p>\n\n\n\n<p class=\"wp-block-paragraph\">El n\u00famero de personas recuperadas desde el inicio de la pandemia asciende a 1.525, incluidas las 20 de las \u00faltimas 24 horas, 17 de Trenque Lauquen y tres (3) de Treinta de Agosto, mientras que los casos descartados, sumados los 29 de la fecha \u201325 de la ciudad cabecera y cuatro (4) de Treinta de Agosto- ya son 3.543.<\/p>\n\n\n\n<p class=\"wp-block-paragraph\">Hay 65 casos sospechosos, 48 de Trenque Lauquen y 17 de Treinta de Agosto -62 en sus domicilios particulares, dos (2) en el Hospital Municipal y uno (1) en el Centro Extrahospitalario- y 553 personas aisladas, 337 de Trenque Lauquen, 211 de Treinta de Agosto y cinco (5) de Beruti..<\/p>\n","protected":false},"excerpt":{"rendered":"<p>Entre los 227 casos activos, 163 son de la ciudad cabecera, 63 de Treinta de Agosto y uno (1) de Beruti, y diez (10) se encuentran en el Hospital Municipal Dr. Pedro T. Orellana, cinco (5) en el Centro Extrahospitalario que funciona en el ex Hotel Pailla Hu\u00e9 y 212 en sus domicilios particulares<\/p>\n","protected":false},"author":2,"featured_media":61882,"comment_status":"closed","ping_status":"open","sticky":false,"template":"","format":"standard","meta":{"footnotes":""},"categories":[1613],"tags":[1785],"class_list":["post-73085","post","type-post","status-publish","format-standard","has-post-thumbnail","hentry","category-noticia-secundaria","tag-coronavirus"],"featured_image_urls":{"full":["https:\/\/infoecos.com.ar\/wp-content\/uploads\/Hospital-1080x675-1.jpg",1080,675,false],"thumbnail":["https:\/\/infoecos.com.ar\/wp-content\/uploads\/Hospital-1080x675-1-150x150.jpg",150,150,true],"medium":["https:\/\/infoecos.com.ar\/wp-content\/uploads\/Hospital-1080x675-1-460x288.jpg",460,288,true],"medium_large":["https:\/\/infoecos.com.ar\/wp-content\/uploads\/Hospital-1080x675-1-768x480.jpg",640,400,true],"large":["https:\/\/infoecos.com.ar\/wp-content\/uploads\/Hospital-1080x675-1-920x575.jpg",640,400,true],"1536x1536":["https:\/\/infoecos.com.ar\/wp-content\/uploads\/Hospital-1080x675-1.jpg",1080,675,false],"2048x2048":["https:\/\/infoecos.com.ar\/wp-content\/uploads\/Hospital-1080x675-1.jpg",1080,675,false],"covernews-slider-full":["https:\/\/infoecos.com.ar\/wp-content\/uploads\/Hospital-1080x675-1.jpg",1080,675,false],"covernews-slider-center":["https:\/\/infoecos.com.ar\/wp-content\/uploads\/Hospital-1080x675-1-936x675.jpg",693,500,true],"covernews-featured":["https:\/\/infoecos.com.ar\/wp-content\/uploads\/Hospital-1080x675-1-1024x640.jpg",1024,640,true],"covernews-medium":["https:\/\/infoecos.com.ar\/wp-content\/uploads\/Hospital-1080x675-1-720x380.jpg",540,285,true],"covernews-medium-square":["https:\/\/infoecos.com.ar\/wp-content\/uploads\/Hospital-1080x675-1-675x450.jpg",375,250,true]},"author_info":{"info":["Jorge Matheus"]},"category_info":"<a href=\"https:\/\/infoecos.com.ar\/index.php\/category\/noticia-secundaria\/\" rel=\"category tag\">Noticia Secundaria<\/a>","tag_info":"Noticia Secundaria","comment_count":"0","_links":{"self":[{"href":"https:\/\/infoecos.com.ar\/index.php\/wp-json\/wp\/v2\/posts\/73085","targetHints":{"allow":["GET"]}}],"collection":[{"href":"https:\/\/infoecos.com.ar\/index.php\/wp-json\/wp\/v2\/posts"}],"about":[{"href":"https:\/\/infoecos.com.ar\/index.php\/wp-json\/wp\/v2\/types\/post"}],"author":[{"embeddable":true,"href":"https:\/\/infoecos.com.ar\/index.php\/wp-json\/wp\/v2\/users\/2"}],"replies":[{"embeddable":true,"href":"https:\/\/infoecos.com.ar\/index.php\/wp-json\/wp\/v2\/comments?post=73085"}],"version-history":[{"count":1,"href":"https:\/\/infoecos.com.ar\/index.php\/wp-json\/wp\/v2\/posts\/73085\/revisions"}],"predecessor-version":[{"id":73087,"href":"https:\/\/infoecos.com.ar\/index.php\/wp-json\/wp\/v2\/posts\/73085\/revisions\/73087"}],"wp:featuredmedia":[{"embeddable":true,"href":"https:\/\/infoecos.com.ar\/index.php\/wp-json\/wp\/v2\/media\/61882"}],"wp:attachment":[{"href":"https:\/\/infoecos.com.ar\/index.php\/wp-json\/wp\/v2\/media?parent=73085"}],"wp:term":[{"taxonomy":"category","embeddable":true,"href":"https:\/\/infoecos.com.ar\/index.php\/wp-json\/wp\/v2\/categories?post=73085"},{"taxonomy":"post_tag","embeddable":true,"href":"https:\/\/infoecos.com.ar\/index.php\/wp-json\/wp\/v2\/tags?post=73085"}],"curies":[{"name":"wp","href":"https:\/\/api.w.org\/{rel}","templated":true}]}}