{"id":73088,"date":"2021-01-21T14:38:32","date_gmt":"2021-01-21T17:38:32","guid":{"rendered":"http:\/\/infoecos.com.ar\/?p=73088"},"modified":"2021-01-21T14:39:33","modified_gmt":"2021-01-21T17:39:33","slug":"los-empleados-municipales-de-trenque-lauquen-podran-cobrar-sus-salarios-a-partir-del-martes-26","status":"publish","type":"post","link":"https:\/\/infoecos.com.ar\/index.php\/los-empleados-municipales-de-trenque-lauquen-podran-cobrar-sus-salarios-a-partir-del-martes-26\/","title":{"rendered":"Los empleados municipales de Trenque Lauquen podr\u00e1n cobrar sus salarios a partir del martes 26"},"content":{"rendered":"\n<p class=\"wp-block-paragraph\">El Departamento Ejecutivo de Trenque Lauquen, como lo viene haciendo desde hace unos meses, pagar\u00e1 anticipadamente los salarios a los empleados municipales.<\/p>\n\n\n\n<div class=\"wp-block-image\"><figure class=\"aligncenter size-medium\"><img loading=\"lazy\" decoding=\"async\" width=\"460\" height=\"306\" src=\"http:\/\/infoecos.com.ar\/wp-content\/uploads\/Municipio-2-460x306.jpg\" alt=\"\" class=\"wp-image-61593\" srcset=\"https:\/\/infoecos.com.ar\/wp-content\/uploads\/Municipio-2-460x306.jpg 460w, https:\/\/infoecos.com.ar\/wp-content\/uploads\/Municipio-2-768x511.jpg 768w, https:\/\/infoecos.com.ar\/wp-content\/uploads\/Municipio-2-675x450.jpg 675w, https:\/\/infoecos.com.ar\/wp-content\/uploads\/Municipio-2.jpg 800w\" sizes=\"auto, (max-width: 460px) 100vw, 460px\" \/><\/figure><\/div>\n\n\n\n<p class=\"wp-block-paragraph\">La principal informaci\u00f3n del parte de prensa diario de este jueves anticipa que el pr\u00f3ximo lunes 25 se acreditar\u00e1n. <\/p>\n\n\n\n<p class=\"wp-block-paragraph\">Los salarios podr\u00e1n comenzar a cobrarse, al d\u00eda siguiente. <\/p>\n\n\n\n<p class=\"wp-block-paragraph\">Se estar\u00eda confirmando de esta manera que las cuentas del municipio se han acomodado, pese a la situaci\u00f3n sanitaria que se atraviesa. Durante mucho tiempo se afirm\u00f3 que hab\u00eda dificultades e incluso se lleg\u00f3 a hablar de un d\u00e9ficit significativo. <\/p>\n\n\n\n<p class=\"wp-block-paragraph\">El intendente, Miguel Fern\u00e1ndez, en cada exposici\u00f3n p\u00fablica que se le present\u00f3 llev\u00f3 tranquilidad. Desde que design\u00f3 a <strong>Alfredo Zambiasio<\/strong> en la que se dio en denominar <strong>secretar\u00eda de Administraci\u00f3n y Gesti\u00f3n Tributaria<\/strong>, se asegura que hubo mayor orden en el manejo econ\u00f3mico y, consecuentemente, se refleja en el cumplimiento m\u00e1s estricto de las obligaciones que tiene el municipio. <\/p>\n","protected":false},"excerpt":{"rendered":"<p>Se estar\u00eda confirmando de esta manera que las cuentas del municipio se han acomodado, pese a la situaci\u00f3n sanitaria que se atraviesa<\/p>\n","protected":false},"author":2,"featured_media":61593,"comment_status":"closed","ping_status":"open","sticky":false,"template":"","format":"standard","meta":{"footnotes":""},"categories":[1612],"tags":[2665],"class_list":["post-73088","post","type-post","status-publish","format-standard","has-post-thumbnail","hentry","category-noticia-principal","tag-el-lunes-se-depositan-en-los-cajeros"],"featured_image_urls":{"full":["https:\/\/infoecos.com.ar\/wp-content\/uploads\/Municipio-2.jpg",800,532,false],"thumbnail":["https:\/\/infoecos.com.ar\/wp-content\/uploads\/Municipio-2-150x150.jpg",150,150,true],"medium":["https:\/\/infoecos.com.ar\/wp-content\/uploads\/Municipio-2-460x306.jpg",460,306,true],"medium_large":["https:\/\/infoecos.com.ar\/wp-content\/uploads\/Municipio-2-768x511.jpg",640,426,true],"large":["https:\/\/infoecos.com.ar\/wp-content\/uploads\/Municipio-2.jpg",640,426,false],"1536x1536":["https:\/\/infoecos.com.ar\/wp-content\/uploads\/Municipio-2.jpg",800,532,false],"2048x2048":["https:\/\/infoecos.com.ar\/wp-content\/uploads\/Municipio-2.jpg",800,532,false],"covernews-slider-full":["https:\/\/infoecos.com.ar\/wp-content\/uploads\/Municipio-2.jpg",800,532,false],"covernews-slider-center":["https:\/\/infoecos.com.ar\/wp-content\/uploads\/Municipio-2.jpg",752,500,false],"covernews-featured":["https:\/\/infoecos.com.ar\/wp-content\/uploads\/Municipio-2.jpg",800,532,false],"covernews-medium":["https:\/\/infoecos.com.ar\/wp-content\/uploads\/Municipio-2-720x380.jpg",540,285,true],"covernews-medium-square":["https:\/\/infoecos.com.ar\/wp-content\/uploads\/Municipio-2-675x450.jpg",375,250,true]},"author_info":{"info":["Jorge Matheus"]},"category_info":"<a href=\"https:\/\/infoecos.com.ar\/index.php\/category\/noticia-principal\/\" rel=\"category tag\">Noticia Principal<\/a>","tag_info":"Noticia Principal","comment_count":"0","_links":{"self":[{"href":"https:\/\/infoecos.com.ar\/index.php\/wp-json\/wp\/v2\/posts\/73088","targetHints":{"allow":["GET"]}}],"collection":[{"href":"https:\/\/infoecos.com.ar\/index.php\/wp-json\/wp\/v2\/posts"}],"about":[{"href":"https:\/\/infoecos.com.ar\/index.php\/wp-json\/wp\/v2\/types\/post"}],"author":[{"embeddable":true,"href":"https:\/\/infoecos.com.ar\/index.php\/wp-json\/wp\/v2\/users\/2"}],"replies":[{"embeddable":true,"href":"https:\/\/infoecos.com.ar\/index.php\/wp-json\/wp\/v2\/comments?post=73088"}],"version-history":[{"count":2,"href":"https:\/\/infoecos.com.ar\/index.php\/wp-json\/wp\/v2\/posts\/73088\/revisions"}],"predecessor-version":[{"id":73091,"href":"https:\/\/infoecos.com.ar\/index.php\/wp-json\/wp\/v2\/posts\/73088\/revisions\/73091"}],"wp:featuredmedia":[{"embeddable":true,"href":"https:\/\/infoecos.com.ar\/index.php\/wp-json\/wp\/v2\/media\/61593"}],"wp:attachment":[{"href":"https:\/\/infoecos.com.ar\/index.php\/wp-json\/wp\/v2\/media?parent=73088"}],"wp:term":[{"taxonomy":"category","embeddable":true,"href":"https:\/\/infoecos.com.ar\/index.php\/wp-json\/wp\/v2\/categories?post=73088"},{"taxonomy":"post_tag","embeddable":true,"href":"https:\/\/infoecos.com.ar\/index.php\/wp-json\/wp\/v2\/tags?post=73088"}],"curies":[{"name":"wp","href":"https:\/\/api.w.org\/{rel}","templated":true}]}}