{"id":73095,"date":"2021-01-21T15:09:31","date_gmt":"2021-01-21T18:09:31","guid":{"rendered":"http:\/\/infoecos.com.ar\/?p=73095"},"modified":"2021-01-21T15:09:34","modified_gmt":"2021-01-21T18:09:34","slug":"gilberto-alegre-confirmo-a-traves-de-twitter-que-se-esta-conformando-lealtad-bonaerense","status":"publish","type":"post","link":"https:\/\/infoecos.com.ar\/index.php\/gilberto-alegre-confirmo-a-traves-de-twitter-que-se-esta-conformando-lealtad-bonaerense\/","title":{"rendered":"Gilberto Alegre confirm\u00f3 a trav\u00e9s de Twitter que se est\u00e1 conformando Lealtad Bonaerense"},"content":{"rendered":"\n<p class=\"wp-block-paragraph\">El ex intendente municipal de General Villegas, <strong>Gilberto Alegre<\/strong>, confirm\u00f3 a trav\u00e9s de su cuenta de <strong>Twitter<\/strong> que se est\u00e1 conformando una nueva corriente pol\u00edtica. La misma denominada <strong>Lealtad Bonaerense<\/strong> es liderada por <strong>Joaqu\u00edn De La Torre<\/strong>. \u00c9ste \u00faltimo, despu\u00e9s de haber sido intendente municipal del distrito de San Miguel se aline\u00f3 con el Frente Renovador de Sergio Massa. Dej\u00f3 de pertenecer a este espacio una vez que estableci\u00f3 v\u00ednculos con Cambiemos y fue designado ministro de Gobierno de Mar\u00eda Eugenia Vidal.<\/p>\n\n\n\n<div class=\"wp-block-image\"><figure class=\"aligncenter size-large\"><img loading=\"lazy\" decoding=\"async\" width=\"400\" height=\"400\" src=\"http:\/\/infoecos.com.ar\/wp-content\/uploads\/2021\/01\/alegre.jpg\" alt=\"\" class=\"wp-image-73096\" srcset=\"https:\/\/infoecos.com.ar\/wp-content\/uploads\/2021\/01\/alegre.jpg 400w, https:\/\/infoecos.com.ar\/wp-content\/uploads\/2021\/01\/alegre-150x150.jpg 150w\" sizes=\"auto, (max-width: 400px) 100vw, 400px\" \/><figcaption>Alegre en Twitter<\/figcaption><\/figure><\/div>\n\n\n\n<p class=\"wp-block-paragraph\">Alegre que tambi\u00e9n estuvo enrolado en el Frente Renovador e incluso lleg\u00f3 a ser Diputado Nacional por la corriente entre el 2013 y 2017, constituy\u00e9ndose en presidente de la Comisi\u00f3n de Agricultura de la c\u00e1mara baja, comenta en la red que <strong>Lealtad Bonaerense<\/strong> es para armar un frente opositor con eje en el Peronismo no K, tambi\u00e9n distante del macrismo. <\/p>\n\n\n\n<p class=\"wp-block-paragraph\">El dirigente villeguense que se mantuvo en silencio durante bastante tiempo y que mantiene una relaci\u00f3n de amistad reconocida con Emilio Monz\u00f3, apunta que el espacio en formaci\u00f3n y que lidera De La Torre tiene aspiraciones de gobernar la provincia con dirigentes de origen bonaerense.  <\/p>\n\n\n\n<p class=\"wp-block-paragraph\"><\/p>\n","protected":false},"excerpt":{"rendered":"<p>Comenta en la red que Lealtad Bonaerense es para armar un frente opositor con eje en el Peronismo no K, tambi\u00e9n distante del macrismo<\/p>\n","protected":false},"author":2,"featured_media":73096,"comment_status":"closed","ping_status":"open","sticky":false,"template":"","format":"standard","meta":{"footnotes":""},"categories":[28],"tags":[2666],"class_list":["post-73095","post","type-post","status-publish","format-standard","has-post-thumbnail","hentry","category-c1nota1","tag-liderada-por-joaquin-de-la-torre"],"featured_image_urls":{"full":["https:\/\/infoecos.com.ar\/wp-content\/uploads\/2021\/01\/alegre.jpg",400,400,false],"thumbnail":["https:\/\/infoecos.com.ar\/wp-content\/uploads\/2021\/01\/alegre-150x150.jpg",150,150,true],"medium":["https:\/\/infoecos.com.ar\/wp-content\/uploads\/2021\/01\/alegre.jpg",400,400,false],"medium_large":["https:\/\/infoecos.com.ar\/wp-content\/uploads\/2021\/01\/alegre.jpg",400,400,false],"large":["https:\/\/infoecos.com.ar\/wp-content\/uploads\/2021\/01\/alegre.jpg",400,400,false],"1536x1536":["https:\/\/infoecos.com.ar\/wp-content\/uploads\/2021\/01\/alegre.jpg",400,400,false],"2048x2048":["https:\/\/infoecos.com.ar\/wp-content\/uploads\/2021\/01\/alegre.jpg",400,400,false],"covernews-slider-full":["https:\/\/infoecos.com.ar\/wp-content\/uploads\/2021\/01\/alegre.jpg",400,400,false],"covernews-slider-center":["https:\/\/infoecos.com.ar\/wp-content\/uploads\/2021\/01\/alegre.jpg",400,400,false],"covernews-featured":["https:\/\/infoecos.com.ar\/wp-content\/uploads\/2021\/01\/alegre.jpg",400,400,false],"covernews-medium":["https:\/\/infoecos.com.ar\/wp-content\/uploads\/2021\/01\/alegre-400x380.jpg",358,340,true],"covernews-medium-square":["https:\/\/infoecos.com.ar\/wp-content\/uploads\/2021\/01\/alegre.jpg",250,250,false]},"author_info":{"info":["Jorge Matheus"]},"category_info":"<a href=\"https:\/\/infoecos.com.ar\/index.php\/category\/c1nota1\/\" rel=\"category tag\">C1 N1<\/a>","tag_info":"C1 N1","comment_count":"0","_links":{"self":[{"href":"https:\/\/infoecos.com.ar\/index.php\/wp-json\/wp\/v2\/posts\/73095","targetHints":{"allow":["GET"]}}],"collection":[{"href":"https:\/\/infoecos.com.ar\/index.php\/wp-json\/wp\/v2\/posts"}],"about":[{"href":"https:\/\/infoecos.com.ar\/index.php\/wp-json\/wp\/v2\/types\/post"}],"author":[{"embeddable":true,"href":"https:\/\/infoecos.com.ar\/index.php\/wp-json\/wp\/v2\/users\/2"}],"replies":[{"embeddable":true,"href":"https:\/\/infoecos.com.ar\/index.php\/wp-json\/wp\/v2\/comments?post=73095"}],"version-history":[{"count":1,"href":"https:\/\/infoecos.com.ar\/index.php\/wp-json\/wp\/v2\/posts\/73095\/revisions"}],"predecessor-version":[{"id":73097,"href":"https:\/\/infoecos.com.ar\/index.php\/wp-json\/wp\/v2\/posts\/73095\/revisions\/73097"}],"wp:featuredmedia":[{"embeddable":true,"href":"https:\/\/infoecos.com.ar\/index.php\/wp-json\/wp\/v2\/media\/73096"}],"wp:attachment":[{"href":"https:\/\/infoecos.com.ar\/index.php\/wp-json\/wp\/v2\/media?parent=73095"}],"wp:term":[{"taxonomy":"category","embeddable":true,"href":"https:\/\/infoecos.com.ar\/index.php\/wp-json\/wp\/v2\/categories?post=73095"},{"taxonomy":"post_tag","embeddable":true,"href":"https:\/\/infoecos.com.ar\/index.php\/wp-json\/wp\/v2\/tags?post=73095"}],"curies":[{"name":"wp","href":"https:\/\/api.w.org\/{rel}","templated":true}]}}