{"id":73098,"date":"2021-01-21T15:24:59","date_gmt":"2021-01-21T18:24:59","guid":{"rendered":"http:\/\/infoecos.com.ar\/?p=73098"},"modified":"2021-01-21T15:25:02","modified_gmt":"2021-01-21T18:25:02","slug":"otro-intendente-que-se-vacuno-contra-el-covid-19-roberto-alvarez-de-tres-lomas","status":"publish","type":"post","link":"https:\/\/infoecos.com.ar\/index.php\/otro-intendente-que-se-vacuno-contra-el-covid-19-roberto-alvarez-de-tres-lomas\/","title":{"rendered":"Otro intendente que se vacun\u00f3 contra el COVID-19: Roberto \u00c1lvarez de Tres Lomas"},"content":{"rendered":"\n<p class=\"wp-block-paragraph\">Otro intendente municipal de la regi\u00f3n que pas\u00f3 por el vacunatorio: Roberto \u00c1lvarez de Tres Lomas.<\/p>\n\n\n\n<div class=\"wp-block-image\"><figure class=\"aligncenter size-medium\"><img loading=\"lazy\" decoding=\"async\" width=\"460\" height=\"372\" src=\"http:\/\/infoecos.com.ar\/wp-content\/uploads\/2021\/01\/Vacunacion-Intendente-2-460x372.jpg\" alt=\"\" class=\"wp-image-73099\" srcset=\"https:\/\/infoecos.com.ar\/wp-content\/uploads\/2021\/01\/Vacunacion-Intendente-2-460x372.jpg 460w, https:\/\/infoecos.com.ar\/wp-content\/uploads\/2021\/01\/Vacunacion-Intendente-2-920x743.jpg 920w, https:\/\/infoecos.com.ar\/wp-content\/uploads\/2021\/01\/Vacunacion-Intendente-2-768x620.jpg 768w, https:\/\/infoecos.com.ar\/wp-content\/uploads\/2021\/01\/Vacunacion-Intendente-2-1536x1241.jpg 1536w, https:\/\/infoecos.com.ar\/wp-content\/uploads\/2021\/01\/Vacunacion-Intendente-2-2048x1654.jpg 2048w, https:\/\/infoecos.com.ar\/wp-content\/uploads\/2021\/01\/Vacunacion-Intendente-2-1024x827.jpg 1024w\" sizes=\"auto, (max-width: 460px) 100vw, 460px\" \/><\/figure><\/div>\n\n\n\n<p class=\"wp-block-paragraph\">El Jefe Comunal se aplic\u00f3 la primera dosis de la vacuna Sputnik V contra el COVID-19.<\/p>\n\n\n\n<p class=\"wp-block-paragraph\">La vacunaci\u00f3n se realiz\u00f3 en el Hospital Municipal \u00abDr. Domingo V. Girotti\u00bb, en horas de la ma\u00f1ana de este jueves. Es en dicho centro asistencial donde se lleva adelante la primera etapa del plan provincial de vacunaci\u00f3n p\u00fablica, gratuita y optativa contra el COVID-19.<\/p>\n\n\n\n<p class=\"wp-block-paragraph\"><\/p>\n\n\n\n<p class=\"wp-block-paragraph\"><\/p>\n\n\n\n<p class=\"wp-block-paragraph\"><\/p>\n","protected":false},"excerpt":{"rendered":"<p>La vacunaci\u00f3n se realiz\u00f3 en el Hospital Municipal \u00abDr. Domingo V. Girotti\u00bb, en horas de la ma\u00f1ana de este jueves<\/p>\n","protected":false},"author":2,"featured_media":73099,"comment_status":"closed","ping_status":"open","sticky":false,"template":"","format":"standard","meta":{"footnotes":""},"categories":[29],"tags":[2667],"class_list":["post-73098","post","type-post","status-publish","format-standard","has-post-thumbnail","hentry","category-c2nota1","tag-primera-dosis"],"featured_image_urls":{"full":["https:\/\/infoecos.com.ar\/wp-content\/uploads\/2021\/01\/Vacunacion-Intendente-2-scaled.jpg",2560,2068,false],"thumbnail":["https:\/\/infoecos.com.ar\/wp-content\/uploads\/2021\/01\/Vacunacion-Intendente-2-150x150.jpg",150,150,true],"medium":["https:\/\/infoecos.com.ar\/wp-content\/uploads\/2021\/01\/Vacunacion-Intendente-2-460x372.jpg",460,372,true],"medium_large":["https:\/\/infoecos.com.ar\/wp-content\/uploads\/2021\/01\/Vacunacion-Intendente-2-768x620.jpg",640,517,true],"large":["https:\/\/infoecos.com.ar\/wp-content\/uploads\/2021\/01\/Vacunacion-Intendente-2-920x743.jpg",640,517,true],"1536x1536":["https:\/\/infoecos.com.ar\/wp-content\/uploads\/2021\/01\/Vacunacion-Intendente-2-1536x1241.jpg",1536,1241,true],"2048x2048":["https:\/\/infoecos.com.ar\/wp-content\/uploads\/2021\/01\/Vacunacion-Intendente-2-2048x1654.jpg",2048,1654,true],"covernews-slider-full":["https:\/\/infoecos.com.ar\/wp-content\/uploads\/2021\/01\/Vacunacion-Intendente-2-1536x1020.jpg",1077,715,true],"covernews-slider-center":["https:\/\/infoecos.com.ar\/wp-content\/uploads\/2021\/01\/Vacunacion-Intendente-2-936x897.jpg",522,500,true],"covernews-featured":["https:\/\/infoecos.com.ar\/wp-content\/uploads\/2021\/01\/Vacunacion-Intendente-2-1024x827.jpg",1024,827,true],"covernews-medium":["https:\/\/infoecos.com.ar\/wp-content\/uploads\/2021\/01\/Vacunacion-Intendente-2-720x380.jpg",540,285,true],"covernews-medium-square":["https:\/\/infoecos.com.ar\/wp-content\/uploads\/2021\/01\/Vacunacion-Intendente-2-675x450.jpg",375,250,true]},"author_info":{"info":["Jorge Matheus"]},"category_info":"<a href=\"https:\/\/infoecos.com.ar\/index.php\/category\/c2nota1\/\" rel=\"category tag\">C2 nota 1<\/a>","tag_info":"C2 nota 1","comment_count":"0","_links":{"self":[{"href":"https:\/\/infoecos.com.ar\/index.php\/wp-json\/wp\/v2\/posts\/73098","targetHints":{"allow":["GET"]}}],"collection":[{"href":"https:\/\/infoecos.com.ar\/index.php\/wp-json\/wp\/v2\/posts"}],"about":[{"href":"https:\/\/infoecos.com.ar\/index.php\/wp-json\/wp\/v2\/types\/post"}],"author":[{"embeddable":true,"href":"https:\/\/infoecos.com.ar\/index.php\/wp-json\/wp\/v2\/users\/2"}],"replies":[{"embeddable":true,"href":"https:\/\/infoecos.com.ar\/index.php\/wp-json\/wp\/v2\/comments?post=73098"}],"version-history":[{"count":1,"href":"https:\/\/infoecos.com.ar\/index.php\/wp-json\/wp\/v2\/posts\/73098\/revisions"}],"predecessor-version":[{"id":73100,"href":"https:\/\/infoecos.com.ar\/index.php\/wp-json\/wp\/v2\/posts\/73098\/revisions\/73100"}],"wp:featuredmedia":[{"embeddable":true,"href":"https:\/\/infoecos.com.ar\/index.php\/wp-json\/wp\/v2\/media\/73099"}],"wp:attachment":[{"href":"https:\/\/infoecos.com.ar\/index.php\/wp-json\/wp\/v2\/media?parent=73098"}],"wp:term":[{"taxonomy":"category","embeddable":true,"href":"https:\/\/infoecos.com.ar\/index.php\/wp-json\/wp\/v2\/categories?post=73098"},{"taxonomy":"post_tag","embeddable":true,"href":"https:\/\/infoecos.com.ar\/index.php\/wp-json\/wp\/v2\/tags?post=73098"}],"curies":[{"name":"wp","href":"https:\/\/api.w.org\/{rel}","templated":true}]}}