{"id":73101,"date":"2021-01-21T15:30:56","date_gmt":"2021-01-21T18:30:56","guid":{"rendered":"http:\/\/infoecos.com.ar\/?p=73101"},"modified":"2021-01-21T15:30:58","modified_gmt":"2021-01-21T18:30:58","slug":"segundo-curso-de-vacunadores-eventuales-de-covid-19-en-trenque-lauquen","status":"publish","type":"post","link":"https:\/\/infoecos.com.ar\/index.php\/segundo-curso-de-vacunadores-eventuales-de-covid-19-en-trenque-lauquen\/","title":{"rendered":"Segundo curso de vacunadores eventuales de  COVID-19 en Trenque Lauquen"},"content":{"rendered":"\n<p class=\"wp-block-paragraph\">Este viernes tendr\u00e1 lugar en Trenque Lauquen el segundo curso de vacunadores eventuales de Covid-19 que organizan Regi\u00f3n Sanitaria II, dependiente del ministerio de Salud de la provincia de Buenos Aires, y la municipalidad de Trenque Lauquen.<\/p>\n\n\n\n<div class=\"wp-block-image\"><figure class=\"aligncenter size-medium\"><img loading=\"lazy\" decoding=\"async\" width=\"460\" height=\"345\" src=\"http:\/\/infoecos.com.ar\/wp-content\/uploads\/Polo-Cientifico-Tecnol\u00f3gico-460x345.jpeg\" alt=\"\" class=\"wp-image-61297\" srcset=\"https:\/\/infoecos.com.ar\/wp-content\/uploads\/Polo-Cientifico-Tecnol\u00f3gico-460x345.jpeg 460w, https:\/\/infoecos.com.ar\/wp-content\/uploads\/Polo-Cientifico-Tecnol\u00f3gico-920x690.jpeg 920w, https:\/\/infoecos.com.ar\/wp-content\/uploads\/Polo-Cientifico-Tecnol\u00f3gico-768x576.jpeg 768w, https:\/\/infoecos.com.ar\/wp-content\/uploads\/Polo-Cientifico-Tecnol\u00f3gico.jpeg 960w\" sizes=\"auto, (max-width: 460px) 100vw, 460px\" \/><\/figure><\/div>\n\n\n\n<p class=\"wp-block-paragraph\">La capacitaci\u00f3n se desarrollar\u00e1 de 8.30 a 12 en las instalaciones del Polo Cient\u00edfico Tecnol\u00f3gico, Hern\u00e1ndez 816, y est\u00e1 destinado a estudiantes avanzados y profesionales de carreras afines de salud, enfermeras\/os, m\u00e9dicas\/os, bioqu\u00edmicas\/os, t\u00e9cnicas\/os en laboratorio, odont\u00f3logos\/as, veterinarios\/as, kinesi\u00f3logas\/os y farmac\u00e9uticas\/os.<\/p>\n\n\n\n<p class=\"wp-block-paragraph\">Las personas interesadas deber\u00e1n presentarse a las 8, media hora antes del inicio de la capacitaci\u00f3n, para poder registrarse.<\/p>\n\n\n\n<p class=\"wp-block-paragraph\">La responsable del \u00e1rea de vacunaci\u00f3n municipal, Dra. Mar\u00eda Teste, invit\u00f3 a los interesados a sumarse a la propuesta y aclar\u00f3 que \u201cesta capacitaci\u00f3n habilita a participar en la campa\u00f1a de vacunaci\u00f3n Covid-19 que va a ser impulsada por el Gobierno de la provincia de Buenos Aires\u201d.<\/p>\n\n\n\n<p class=\"wp-block-paragraph\">El 18 de diciembre pasado se realiz\u00f3 la primer convocatoria y participaron unos 35 estudiantes y profesionales. <\/p>\n\n\n\n<p class=\"wp-block-paragraph\"><\/p>\n","protected":false},"excerpt":{"rendered":"<p>La capacitaci\u00f3n se desarrollar\u00e1 de 8.30 a 12 en las instalaciones del Polo Cient\u00edfico Tecnol\u00f3gico, Hern\u00e1ndez 816<\/p>\n","protected":false},"author":2,"featured_media":57235,"comment_status":"closed","ping_status":"open","sticky":false,"template":"","format":"standard","meta":{"footnotes":""},"categories":[25],"tags":[2668],"class_list":["post-73101","post","type-post","status-publish","format-standard","has-post-thumbnail","hentry","category-c3nota1","tag-este-viernes"],"featured_image_urls":{"full":"","thumbnail":"","medium":"","medium_large":"","large":"","1536x1536":"","2048x2048":"","covernews-slider-full":"","covernews-slider-center":"","covernews-featured":"","covernews-medium":"","covernews-medium-square":""},"author_info":{"info":["Jorge Matheus"]},"category_info":"<a href=\"https:\/\/infoecos.com.ar\/index.php\/category\/c3nota1\/\" rel=\"category tag\">C3 N1<\/a>","tag_info":"C3 N1","comment_count":"0","_links":{"self":[{"href":"https:\/\/infoecos.com.ar\/index.php\/wp-json\/wp\/v2\/posts\/73101","targetHints":{"allow":["GET"]}}],"collection":[{"href":"https:\/\/infoecos.com.ar\/index.php\/wp-json\/wp\/v2\/posts"}],"about":[{"href":"https:\/\/infoecos.com.ar\/index.php\/wp-json\/wp\/v2\/types\/post"}],"author":[{"embeddable":true,"href":"https:\/\/infoecos.com.ar\/index.php\/wp-json\/wp\/v2\/users\/2"}],"replies":[{"embeddable":true,"href":"https:\/\/infoecos.com.ar\/index.php\/wp-json\/wp\/v2\/comments?post=73101"}],"version-history":[{"count":1,"href":"https:\/\/infoecos.com.ar\/index.php\/wp-json\/wp\/v2\/posts\/73101\/revisions"}],"predecessor-version":[{"id":73102,"href":"https:\/\/infoecos.com.ar\/index.php\/wp-json\/wp\/v2\/posts\/73101\/revisions\/73102"}],"wp:attachment":[{"href":"https:\/\/infoecos.com.ar\/index.php\/wp-json\/wp\/v2\/media?parent=73101"}],"wp:term":[{"taxonomy":"category","embeddable":true,"href":"https:\/\/infoecos.com.ar\/index.php\/wp-json\/wp\/v2\/categories?post=73101"},{"taxonomy":"post_tag","embeddable":true,"href":"https:\/\/infoecos.com.ar\/index.php\/wp-json\/wp\/v2\/tags?post=73101"}],"curies":[{"name":"wp","href":"https:\/\/api.w.org\/{rel}","templated":true}]}}