{"id":73111,"date":"2021-01-21T16:16:24","date_gmt":"2021-01-21T19:16:24","guid":{"rendered":"http:\/\/infoecos.com.ar\/?p=73111"},"modified":"2021-01-21T16:16:27","modified_gmt":"2021-01-21T19:16:27","slug":"sigue-restringida-la-comercializacion-de-granos-bloqueo-total-en-bahia-blanca-y-quequen","status":"publish","type":"post","link":"https:\/\/infoecos.com.ar\/index.php\/sigue-restringida-la-comercializacion-de-granos-bloqueo-total-en-bahia-blanca-y-quequen\/","title":{"rendered":"Sigue restringida la comercializaci\u00f3n de granos: bloqueo total en Bah\u00eda Blanca y Quequ\u00e9n"},"content":{"rendered":"\n<p class=\"wp-block-paragraph\">Los bloqueos y piquetes de transportistas autoconvocados siguen restringiendo la comercializaci\u00f3n de granos.<\/p>\n\n\n\n<div class=\"wp-block-image\"><figure class=\"aligncenter size-medium\"><img loading=\"lazy\" decoding=\"async\" width=\"460\" height=\"259\" src=\"http:\/\/infoecos.com.ar\/wp-content\/uploads\/2021\/01\/Puerto-Bahi-Blanca-460x259.jpg\" alt=\"\" class=\"wp-image-73112\" srcset=\"https:\/\/infoecos.com.ar\/wp-content\/uploads\/2021\/01\/Puerto-Bahi-Blanca-460x259.jpg 460w, https:\/\/infoecos.com.ar\/wp-content\/uploads\/2021\/01\/Puerto-Bahi-Blanca-768x432.jpg 768w, https:\/\/infoecos.com.ar\/wp-content\/uploads\/2021\/01\/Puerto-Bahi-Blanca.jpg 829w\" sizes=\"auto, (max-width: 460px) 100vw, 460px\" \/><\/figure><\/div>\n\n\n\n<p class=\"wp-block-paragraph\">En las terminales portuarias bonaerenses de Bah\u00eda Blanca y Quequ\u00e9n los bloqueos son totales: este jueves tampoco se registraron ingresos de camiones con granos en las terminales de ambos destinos.<\/p>\n\n\n\n<p class=\"wp-block-paragraph\">En tanto, en las terminales portuarias e industrias de la zona de influencia de Rosario la firma Williams Entregas registr\u00f3 ingresos matinales de 544 camiones, una cifra muy exigua para esta \u00e9poca del a\u00f1o. (Fuente: bichosdecampo.com).<\/p>\n\n\n\n<div class=\"wp-block-image\"><figure class=\"aligncenter size-medium\"><img loading=\"lazy\" decoding=\"async\" width=\"460\" height=\"239\" src=\"http:\/\/infoecos.com.ar\/wp-content\/uploads\/2021\/01\/puertoquequen-460x239.jpg\" alt=\"\" class=\"wp-image-73113\" srcset=\"https:\/\/infoecos.com.ar\/wp-content\/uploads\/2021\/01\/puertoquequen-460x239.jpg 460w, https:\/\/infoecos.com.ar\/wp-content\/uploads\/2021\/01\/puertoquequen.jpg 500w\" sizes=\"auto, (max-width: 460px) 100vw, 460px\" \/><\/figure><\/div>\n\n\n\n<p class=\"wp-block-paragraph\">Recordamos que las Bolsas de Cereales y de Comercio del pa\u00eds expresaron a trav\u00e9s de un comunicado \u00abla preocupaci\u00f3n de toda la cadena de producci\u00f3n y comercializaci\u00f3n de granos y derivados por las medidas de fuerza que se est\u00e1n llevando a cabo en las rutas, impidiendo la libre circulaci\u00f3n de mercader\u00edas e insumos\u00bb.<\/p>\n\n\n\n<p class=\"wp-block-paragraph\">\u00abEstas medidas de fuerza generan da\u00f1os econ\u00f3micos que afectan a todos los eslabones de la cadena agroindustrial y ponen en riesgo el abastecimiento para consumo interno y procesamiento, as\u00ed como el ingreso de miles de camiones que no pueden acceder a los puertos de exportaci\u00f3n\u00bb, agregaron las entidades burs\u00e1tiles.<\/p>\n\n\n\n<p class=\"wp-block-paragraph\"><\/p>\n","protected":false},"excerpt":{"rendered":"<p>Este jueves tampoco se registraron ingresos de camiones con granos en las terminales de ambos destinos<\/p>\n","protected":false},"author":2,"featured_media":73112,"comment_status":"closed","ping_status":"open","sticky":false,"template":"","format":"standard","meta":{"footnotes":""},"categories":[47],"tags":[2671],"class_list":["post-73111","post","type-post","status-publish","format-standard","has-post-thumbnail","hentry","category-c3nota2","tag-paro-de-transportistas-autoconvocados"],"featured_image_urls":{"full":["https:\/\/infoecos.com.ar\/wp-content\/uploads\/2021\/01\/Puerto-Bahi-Blanca.jpg",829,466,false],"thumbnail":["https:\/\/infoecos.com.ar\/wp-content\/uploads\/2021\/01\/Puerto-Bahi-Blanca-150x150.jpg",150,150,true],"medium":["https:\/\/infoecos.com.ar\/wp-content\/uploads\/2021\/01\/Puerto-Bahi-Blanca-460x259.jpg",460,259,true],"medium_large":["https:\/\/infoecos.com.ar\/wp-content\/uploads\/2021\/01\/Puerto-Bahi-Blanca-768x432.jpg",640,360,true],"large":["https:\/\/infoecos.com.ar\/wp-content\/uploads\/2021\/01\/Puerto-Bahi-Blanca.jpg",640,360,false],"1536x1536":["https:\/\/infoecos.com.ar\/wp-content\/uploads\/2021\/01\/Puerto-Bahi-Blanca.jpg",829,466,false],"2048x2048":["https:\/\/infoecos.com.ar\/wp-content\/uploads\/2021\/01\/Puerto-Bahi-Blanca.jpg",829,466,false],"covernews-slider-full":["https:\/\/infoecos.com.ar\/wp-content\/uploads\/2021\/01\/Puerto-Bahi-Blanca.jpg",829,466,false],"covernews-slider-center":["https:\/\/infoecos.com.ar\/wp-content\/uploads\/2021\/01\/Puerto-Bahi-Blanca.jpg",800,450,false],"covernews-featured":["https:\/\/infoecos.com.ar\/wp-content\/uploads\/2021\/01\/Puerto-Bahi-Blanca.jpg",829,466,false],"covernews-medium":["https:\/\/infoecos.com.ar\/wp-content\/uploads\/2021\/01\/Puerto-Bahi-Blanca-720x380.jpg",540,285,true],"covernews-medium-square":["https:\/\/infoecos.com.ar\/wp-content\/uploads\/2021\/01\/Puerto-Bahi-Blanca-675x450.jpg",375,250,true]},"author_info":{"info":["Jorge Matheus"]},"category_info":"<a href=\"https:\/\/infoecos.com.ar\/index.php\/category\/c3nota2\/\" rel=\"category tag\">C3 N2<\/a>","tag_info":"C3 N2","comment_count":"0","_links":{"self":[{"href":"https:\/\/infoecos.com.ar\/index.php\/wp-json\/wp\/v2\/posts\/73111","targetHints":{"allow":["GET"]}}],"collection":[{"href":"https:\/\/infoecos.com.ar\/index.php\/wp-json\/wp\/v2\/posts"}],"about":[{"href":"https:\/\/infoecos.com.ar\/index.php\/wp-json\/wp\/v2\/types\/post"}],"author":[{"embeddable":true,"href":"https:\/\/infoecos.com.ar\/index.php\/wp-json\/wp\/v2\/users\/2"}],"replies":[{"embeddable":true,"href":"https:\/\/infoecos.com.ar\/index.php\/wp-json\/wp\/v2\/comments?post=73111"}],"version-history":[{"count":1,"href":"https:\/\/infoecos.com.ar\/index.php\/wp-json\/wp\/v2\/posts\/73111\/revisions"}],"predecessor-version":[{"id":73114,"href":"https:\/\/infoecos.com.ar\/index.php\/wp-json\/wp\/v2\/posts\/73111\/revisions\/73114"}],"wp:featuredmedia":[{"embeddable":true,"href":"https:\/\/infoecos.com.ar\/index.php\/wp-json\/wp\/v2\/media\/73112"}],"wp:attachment":[{"href":"https:\/\/infoecos.com.ar\/index.php\/wp-json\/wp\/v2\/media?parent=73111"}],"wp:term":[{"taxonomy":"category","embeddable":true,"href":"https:\/\/infoecos.com.ar\/index.php\/wp-json\/wp\/v2\/categories?post=73111"},{"taxonomy":"post_tag","embeddable":true,"href":"https:\/\/infoecos.com.ar\/index.php\/wp-json\/wp\/v2\/tags?post=73111"}],"curies":[{"name":"wp","href":"https:\/\/api.w.org\/{rel}","templated":true}]}}