{"id":73123,"date":"2021-01-21T17:14:11","date_gmt":"2021-01-21T20:14:11","guid":{"rendered":"http:\/\/infoecos.com.ar\/?p=73123"},"modified":"2021-01-21T17:14:13","modified_gmt":"2021-01-21T20:14:13","slug":"198-casos-activos-en-el-distrito-de-chivilcoy","status":"publish","type":"post","link":"https:\/\/infoecos.com.ar\/index.php\/198-casos-activos-en-el-distrito-de-chivilcoy\/","title":{"rendered":"198 casos activos en el distrito de Chivilcoy"},"content":{"rendered":"\n<p class=\"wp-block-paragraph\">Se registraron, en Chivilcoy, un total de 16 casos confirmados de Covid-19, de los cuales 12 corresponden al sistema p\u00fablico y 4 al sistema privado. Adem\u00e1s, se recuperaron 22 nuevos pacientes.<\/p>\n\n\n\n<p class=\"wp-block-paragraph\">As\u00ed lo informaron el intendente Guillermo Britos, junto al secretario de Salud, Jos\u00e9 Caprara, en conferencia de prensa este jueves por la ma\u00f1ana.<\/p>\n\n\n\n<div class=\"wp-block-image\"><figure class=\"aligncenter size-medium\"><img loading=\"lazy\" decoding=\"async\" width=\"460\" height=\"307\" src=\"http:\/\/infoecos.com.ar\/wp-content\/uploads\/2021\/01\/britos-3-460x307.jpg\" alt=\"\" class=\"wp-image-73124\" srcset=\"https:\/\/infoecos.com.ar\/wp-content\/uploads\/2021\/01\/britos-3-460x307.jpg 460w, https:\/\/infoecos.com.ar\/wp-content\/uploads\/2021\/01\/britos-3-920x614.jpg 920w, https:\/\/infoecos.com.ar\/wp-content\/uploads\/2021\/01\/britos-3-768x512.jpg 768w, https:\/\/infoecos.com.ar\/wp-content\/uploads\/2021\/01\/britos-3-675x450.jpg 675w, https:\/\/infoecos.com.ar\/wp-content\/uploads\/2021\/01\/britos-3.jpg 1024w\" sizes=\"auto, (max-width: 460px) 100vw, 460px\" \/><\/figure><\/div>\n\n\n\n<p class=\"wp-block-paragraph\">Con relaci\u00f3n a los casos confirmados, el jefe comunal se\u00f1al\u00f3: \u201cHemos recibido del sistema p\u00fablico resultados del 18 de enero, de los cuales 1 es positivo y 5 son descartados; y del d\u00eda 19 de enero, 11 son positivos y 30 descartados\u201d.<\/p>\n\n\n\n<p class=\"wp-block-paragraph\">Respecto de los casos positivos del sistema p\u00fablico, corresponden a \u201c7 varones de entre 20 y 91 a\u00f1os y 5 mujeres de entre 48 y 71 a\u00f1os\u201d. En tanto, los positivos del sistema privado son un joven y tres mujeres\u201d<\/p>\n\n\n\n<div class=\"wp-block-image\"><figure class=\"aligncenter size-medium\"><img loading=\"lazy\" decoding=\"async\" width=\"460\" height=\"460\" src=\"http:\/\/infoecos.com.ar\/wp-content\/uploads\/2021\/01\/reportechivilcoy-6-460x460.jpg\" alt=\"\" class=\"wp-image-73125\" srcset=\"https:\/\/infoecos.com.ar\/wp-content\/uploads\/2021\/01\/reportechivilcoy-6-460x460.jpg 460w, https:\/\/infoecos.com.ar\/wp-content\/uploads\/2021\/01\/reportechivilcoy-6-150x150.jpg 150w, https:\/\/infoecos.com.ar\/wp-content\/uploads\/2021\/01\/reportechivilcoy-6.jpg 526w\" sizes=\"auto, (max-width: 460px) 100vw, 460px\" \/><\/figure><\/div>\n\n\n\n<p class=\"wp-block-paragraph\">En cuanto a los pacientes internados, el secretario de Salud indic\u00f3 que \u201cson 23, de los cuales 15 est\u00e1n en el Hospital, 5 en cl\u00ednica del Carmen y 3 en el hotel Chivilcoy\u201d.<\/p>\n","protected":false},"excerpt":{"rendered":"<p>As\u00ed lo informaron el intendente Guillermo Britos, junto al secretario de Salud, Jos\u00e9 Caprara, en conferencia de prensa este jueves por la ma\u00f1ana<\/p>\n","protected":false},"author":2,"featured_media":73124,"comment_status":"closed","ping_status":"open","sticky":false,"template":"","format":"standard","meta":{"footnotes":""},"categories":[50],"tags":[1785],"class_list":["post-73123","post","type-post","status-publish","format-standard","has-post-thumbnail","hentry","category-c1nota4","tag-coronavirus"],"featured_image_urls":{"full":["https:\/\/infoecos.com.ar\/wp-content\/uploads\/2021\/01\/britos-3.jpg",1024,683,false],"thumbnail":["https:\/\/infoecos.com.ar\/wp-content\/uploads\/2021\/01\/britos-3-150x150.jpg",150,150,true],"medium":["https:\/\/infoecos.com.ar\/wp-content\/uploads\/2021\/01\/britos-3-460x307.jpg",460,307,true],"medium_large":["https:\/\/infoecos.com.ar\/wp-content\/uploads\/2021\/01\/britos-3-768x512.jpg",640,427,true],"large":["https:\/\/infoecos.com.ar\/wp-content\/uploads\/2021\/01\/britos-3-920x614.jpg",640,427,true],"1536x1536":["https:\/\/infoecos.com.ar\/wp-content\/uploads\/2021\/01\/britos-3.jpg",1024,683,false],"2048x2048":["https:\/\/infoecos.com.ar\/wp-content\/uploads\/2021\/01\/britos-3.jpg",1024,683,false],"covernews-slider-full":["https:\/\/infoecos.com.ar\/wp-content\/uploads\/2021\/01\/britos-3.jpg",1024,683,false],"covernews-slider-center":["https:\/\/infoecos.com.ar\/wp-content\/uploads\/2021\/01\/britos-3-936x683.jpg",685,500,true],"covernews-featured":["https:\/\/infoecos.com.ar\/wp-content\/uploads\/2021\/01\/britos-3.jpg",1024,683,false],"covernews-medium":["https:\/\/infoecos.com.ar\/wp-content\/uploads\/2021\/01\/britos-3-720x380.jpg",540,285,true],"covernews-medium-square":["https:\/\/infoecos.com.ar\/wp-content\/uploads\/2021\/01\/britos-3-675x450.jpg",375,250,true]},"author_info":{"info":["Jorge Matheus"]},"category_info":"<a href=\"https:\/\/infoecos.com.ar\/index.php\/category\/c1nota4\/\" rel=\"category tag\">C1 N4<\/a>","tag_info":"C1 N4","comment_count":"0","_links":{"self":[{"href":"https:\/\/infoecos.com.ar\/index.php\/wp-json\/wp\/v2\/posts\/73123","targetHints":{"allow":["GET"]}}],"collection":[{"href":"https:\/\/infoecos.com.ar\/index.php\/wp-json\/wp\/v2\/posts"}],"about":[{"href":"https:\/\/infoecos.com.ar\/index.php\/wp-json\/wp\/v2\/types\/post"}],"author":[{"embeddable":true,"href":"https:\/\/infoecos.com.ar\/index.php\/wp-json\/wp\/v2\/users\/2"}],"replies":[{"embeddable":true,"href":"https:\/\/infoecos.com.ar\/index.php\/wp-json\/wp\/v2\/comments?post=73123"}],"version-history":[{"count":1,"href":"https:\/\/infoecos.com.ar\/index.php\/wp-json\/wp\/v2\/posts\/73123\/revisions"}],"predecessor-version":[{"id":73126,"href":"https:\/\/infoecos.com.ar\/index.php\/wp-json\/wp\/v2\/posts\/73123\/revisions\/73126"}],"wp:featuredmedia":[{"embeddable":true,"href":"https:\/\/infoecos.com.ar\/index.php\/wp-json\/wp\/v2\/media\/73124"}],"wp:attachment":[{"href":"https:\/\/infoecos.com.ar\/index.php\/wp-json\/wp\/v2\/media?parent=73123"}],"wp:term":[{"taxonomy":"category","embeddable":true,"href":"https:\/\/infoecos.com.ar\/index.php\/wp-json\/wp\/v2\/categories?post=73123"},{"taxonomy":"post_tag","embeddable":true,"href":"https:\/\/infoecos.com.ar\/index.php\/wp-json\/wp\/v2\/tags?post=73123"}],"curies":[{"name":"wp","href":"https:\/\/api.w.org\/{rel}","templated":true}]}}