{"id":73175,"date":"2021-01-22T15:42:55","date_gmt":"2021-01-22T18:42:55","guid":{"rendered":"http:\/\/infoecos.com.ar\/?p=73175"},"modified":"2021-01-22T15:58:52","modified_gmt":"2021-01-22T18:58:52","slug":"despues-de-haberse-aplicado-la-sputnik-v-zurro-sigue-cuestionando-al-pro-y-juntos-por-el-cambio","status":"publish","type":"post","link":"https:\/\/infoecos.com.ar\/index.php\/despues-de-haberse-aplicado-la-sputnik-v-zurro-sigue-cuestionando-al-pro-y-juntos-por-el-cambio\/","title":{"rendered":"Despu\u00e9s de haberse aplicado la Sputnik V, Zurro sigue cuestionando al PRO y Juntos por el Cambio"},"content":{"rendered":"\n<p class=\"wp-block-paragraph\">El intendente de Pehuaj\u00f3, Pablo Zurro, asegur\u00f3 que tuvo \u201cun d\u00eda normal\u201d luego de ser uno de los&nbsp; jefes comunales bonaerenses, mayor de 60 a\u00f1os, en aplicarse la vacuna Sputnik V.&nbsp;<\/p>\n\n\n\n<div class=\"wp-block-image\"><figure class=\"aligncenter size-medium\"><img loading=\"lazy\" decoding=\"async\" width=\"460\" height=\"306\" src=\"http:\/\/infoecos.com.ar\/wp-content\/uploads\/2021\/01\/zurropablo-460x306.jpg\" alt=\"\" class=\"wp-image-73093\" srcset=\"https:\/\/infoecos.com.ar\/wp-content\/uploads\/2021\/01\/zurropablo-460x306.jpg 460w, https:\/\/infoecos.com.ar\/wp-content\/uploads\/2021\/01\/zurropablo-675x450.jpg 675w, https:\/\/infoecos.com.ar\/wp-content\/uploads\/2021\/01\/zurropablo.jpg 680w\" sizes=\"auto, (max-width: 460px) 100vw, 460px\" \/><\/figure><\/div>\n\n\n\n<p class=\"wp-block-paragraph\">En declaraciones a <strong>Radio Provincia<\/strong> se\u00f1al\u00f3 que desde el municipio se realiza un importante operativo \u201ccasa por casa\u201d para promover la vacunaci\u00f3n.<\/p>\n\n\n\n<p class=\"wp-block-paragraph\">Zurro asegur\u00f3 que \u201cen realidad los temores fueron provocados por el PRO y los medios hegem\u00f3nicos porque a la \u00fanica vacuna a la que le asignaron su procedencia es a la rusa\u00bb.<\/p>\n\n\n\n<p class=\"wp-block-paragraph\">En ese marco, asegur\u00f3 que desde la oposici\u00f3n lo \u00fanico que intentaron fue \u201cdeteriorar algo que realmente nos va a salvar\u201d y remarc\u00f3 la importancia de la vacunaci\u00f3n porque solamente cuando el \u201c60% de los argentinos est\u00e9 inmunizado se va a terminar la pandemia\u201d.<\/p>\n\n\n\n<p class=\"wp-block-paragraph\">Zurro agreg\u00f3 que \u201cno se olviden que antes del COVID ven\u00edamos de cuatro a\u00f1os de pandemia macrista y vidalista\u201d y reiter\u00f3 que \u201cla oposici\u00f3n de Juntos por el Cambio siempre busca deteriorar el bienestar de la gente, en este caso dando a entender que te van a inyectar comunismo\u201d.<\/p>\n","protected":false},"excerpt":{"rendered":"<p>Asegur\u00f3 que desde la oposici\u00f3n lo \u00fanico que intentaron fue \u201cdeteriorar algo que realmente nos va a salvar\u201d<\/p>\n","protected":false},"author":2,"featured_media":73093,"comment_status":"closed","ping_status":"open","sticky":false,"template":"","format":"standard","meta":{"footnotes":""},"categories":[25],"tags":[2678],"class_list":["post-73175","post","type-post","status-publish","format-standard","has-post-thumbnail","hentry","category-c3nota1","tag-sin-cambiar-el-estilo"],"featured_image_urls":{"full":["https:\/\/infoecos.com.ar\/wp-content\/uploads\/2021\/01\/zurropablo.jpg",680,453,false],"thumbnail":["https:\/\/infoecos.com.ar\/wp-content\/uploads\/2021\/01\/zurropablo-150x150.jpg",150,150,true],"medium":["https:\/\/infoecos.com.ar\/wp-content\/uploads\/2021\/01\/zurropablo-460x306.jpg",460,306,true],"medium_large":["https:\/\/infoecos.com.ar\/wp-content\/uploads\/2021\/01\/zurropablo.jpg",640,426,false],"large":["https:\/\/infoecos.com.ar\/wp-content\/uploads\/2021\/01\/zurropablo.jpg",640,426,false],"1536x1536":["https:\/\/infoecos.com.ar\/wp-content\/uploads\/2021\/01\/zurropablo.jpg",680,453,false],"2048x2048":["https:\/\/infoecos.com.ar\/wp-content\/uploads\/2021\/01\/zurropablo.jpg",680,453,false],"covernews-slider-full":["https:\/\/infoecos.com.ar\/wp-content\/uploads\/2021\/01\/zurropablo.jpg",680,453,false],"covernews-slider-center":["https:\/\/infoecos.com.ar\/wp-content\/uploads\/2021\/01\/zurropablo.jpg",680,453,false],"covernews-featured":["https:\/\/infoecos.com.ar\/wp-content\/uploads\/2021\/01\/zurropablo.jpg",680,453,false],"covernews-medium":["https:\/\/infoecos.com.ar\/wp-content\/uploads\/2021\/01\/zurropablo-680x380.jpg",540,302,true],"covernews-medium-square":["https:\/\/infoecos.com.ar\/wp-content\/uploads\/2021\/01\/zurropablo-675x450.jpg",375,250,true]},"author_info":{"info":["Jorge Matheus"]},"category_info":"<a href=\"https:\/\/infoecos.com.ar\/index.php\/category\/c3nota1\/\" rel=\"category tag\">C3 N1<\/a>","tag_info":"C3 N1","comment_count":"0","_links":{"self":[{"href":"https:\/\/infoecos.com.ar\/index.php\/wp-json\/wp\/v2\/posts\/73175","targetHints":{"allow":["GET"]}}],"collection":[{"href":"https:\/\/infoecos.com.ar\/index.php\/wp-json\/wp\/v2\/posts"}],"about":[{"href":"https:\/\/infoecos.com.ar\/index.php\/wp-json\/wp\/v2\/types\/post"}],"author":[{"embeddable":true,"href":"https:\/\/infoecos.com.ar\/index.php\/wp-json\/wp\/v2\/users\/2"}],"replies":[{"embeddable":true,"href":"https:\/\/infoecos.com.ar\/index.php\/wp-json\/wp\/v2\/comments?post=73175"}],"version-history":[{"count":2,"href":"https:\/\/infoecos.com.ar\/index.php\/wp-json\/wp\/v2\/posts\/73175\/revisions"}],"predecessor-version":[{"id":73180,"href":"https:\/\/infoecos.com.ar\/index.php\/wp-json\/wp\/v2\/posts\/73175\/revisions\/73180"}],"wp:featuredmedia":[{"embeddable":true,"href":"https:\/\/infoecos.com.ar\/index.php\/wp-json\/wp\/v2\/media\/73093"}],"wp:attachment":[{"href":"https:\/\/infoecos.com.ar\/index.php\/wp-json\/wp\/v2\/media?parent=73175"}],"wp:term":[{"taxonomy":"category","embeddable":true,"href":"https:\/\/infoecos.com.ar\/index.php\/wp-json\/wp\/v2\/categories?post=73175"},{"taxonomy":"post_tag","embeddable":true,"href":"https:\/\/infoecos.com.ar\/index.php\/wp-json\/wp\/v2\/tags?post=73175"}],"curies":[{"name":"wp","href":"https:\/\/api.w.org\/{rel}","templated":true}]}}